{"id":35725,"date":"2023-06-19T12:42:55","date_gmt":"2023-06-19T15:42:55","guid":{"rendered":"http:\/\/dsrmedios.com.ar\/diario\/?p=35725"},"modified":"2023-06-19T12:42:59","modified_gmt":"2023-06-19T15:42:59","slug":"rodriguez-larreta-y-patricia-bullrich-aceleran-las-negociaciones-para-anunciar-esta-semana-su-candidato-a-vicepresidente","status":"publish","type":"post","link":"http:\/\/dsrmedios.com.ar\/diario\/archivos\/35725","title":{"rendered":"Rodr\u00edguez Larreta y Patricia Bullrich aceleran las negociaciones para anunciar esta semana su candidato a vicepresidente"},"content":{"rendered":"\n<p>En 1985, el polit\u00f3logo Adam Przeworski escribi\u00f3 un texto cuyo t\u00edtulo refleja la coyuntura electoral de Argentina: \u201c<strong>Ama la incertidumbre y ser\u00e1s democr\u00e1tico<\/strong>\u201d. En cinco d\u00edas, los frentes electorales deber\u00e1n presentar las candidaturas y reina la&nbsp;<strong>indeterminaci\u00f3n<\/strong>. Especialmente, en&nbsp;<strong>Juntos por el Cambio<\/strong>&nbsp;(JxC) y en Uni\u00f3n por la Patria. En la coalici\u00f3n opositora, la gran&nbsp;<strong>expectativa&nbsp;<\/strong>est\u00e1 puesta sobre qui\u00e9nes ser\u00e1n los&nbsp;<strong>compa\u00f1eros de f\u00f3rmula&nbsp;<\/strong>de&nbsp;<strong>Horacio Rodr\u00edguez Larreta<\/strong>&nbsp;y<strong>&nbsp;Patricia Bullrich<\/strong>, los dos presidenciables del PRO. Por estas horas, se<strong>&nbsp;apuran las negociaciones<\/strong>&nbsp;pol\u00edticas para desnudar esta semana los t\u00e1ndem que encabezar\u00e1n las boletas de los principales postulantes de JxC.<\/p>\n\n\n\n<p>Ambos espacios, el larretista y el bullrichista, se&nbsp;<strong>relojean&nbsp;<\/strong>entre s\u00ed. No les resulta indistinta la decisi\u00f3n que tome su contrincante. En este momento, lo \u00fanico que une al jefe de Gobierno y a la ex ministra de Seguridad es que&nbsp;<strong>los dos quieren ser presidentes<\/strong>&nbsp;de la Naci\u00f3n. El resto es interna,&nbsp;<strong>tironeos&nbsp;<\/strong>partidarios y&nbsp;<strong>puja&nbsp;<\/strong>por el poder. Los armadores pol\u00edticos que trabajan para cada candidato tejen los detalles de sus respectivos proyectos de poder y cada concejal cuenta.<\/p>\n\n\n\n<p>No obstante, el compa\u00f1ero de f\u00f3rmula ocupa un&nbsp;<strong>rol central<\/strong>&nbsp;en el tablero electoral. Tanto Larreta como Bullrich buscan que su definici\u00f3n los favorezca en lo alineamientos interno.<\/p>\n\n\n\n<h2>Larreta acelera su acuerdo con Morales y Lousteau<\/h2>\n\n\n\n<p><img decoding=\"async\" loading=\"lazy\" alt=\"Gerardo Morales, Horacio Rodr\u00edguez Larreta y Mart\u00edn Lousteau\" height=\"683\" width=\"1024\" class=\"\" src=\"https:\/\/cloudfront-us-east-1.images.arcpublishing.com\/infobae\/EPSKAHIQDVCPDL66AC47YVFE3U.jpeg\" srcset=\"https:\/\/www.infobae.com\/new-resizer\/aiWMzSc_11VEudd6beYWi9R-t9Q=\/420x280\/filters:format(webp):quality(85)\/cloudfront-us-east-1.images.arcpublishing.com\/infobae\/EPSKAHIQDVCPDL66AC47YVFE3U.jpeg 420w,https:\/\/www.infobae.com\/new-resizer\/6wsu9Y1bjm2kw64gIPFt68scGRQ=\/768x512\/filters:format(webp):quality(85)\/cloudfront-us-east-1.images.arcpublishing.com\/infobae\/EPSKAHIQDVCPDL66AC47YVFE3U.jpeg 768w,https:\/\/www.infobae.com\/new-resizer\/XupjiMkXUMD-GEeRarbXe3rKV_g=\/992x661\/filters:format(webp):quality(85)\/cloudfront-us-east-1.images.arcpublishing.com\/infobae\/EPSKAHIQDVCPDL66AC47YVFE3U.jpeg 992w,https:\/\/www.infobae.com\/new-resizer\/SH1tsXWm2KUfSW9PhY_YoFxTlwg=\/1200x800\/filters:format(webp):quality(85)\/cloudfront-us-east-1.images.arcpublishing.com\/infobae\/EPSKAHIQDVCPDL66AC47YVFE3U.jpeg 1200w,https:\/\/www.infobae.com\/new-resizer\/qpMPYzrzWrAisS85H66jeDZeUBM=\/1440x960\/filters:format(webp):quality(85)\/cloudfront-us-east-1.images.arcpublishing.com\/infobae\/EPSKAHIQDVCPDL66AC47YVFE3U.jpeg 1440w\">Gerardo Morales, Horacio Rodr\u00edguez Larreta y Mart\u00edn Lousteau<\/p>\n\n\n\n<p>En el caso del alcalde porte\u00f1o, est\u00e1n muy&nbsp;<strong>avanzadas&nbsp;<\/strong>las negociaciones pol\u00edticas con&nbsp;<strong>Gerardo Morales<\/strong>, el gobernador de Jujuy y titular de la&nbsp;<strong>Uni\u00f3n C\u00edvica Radical<\/strong>&nbsp;(UCR). Pero cuidan la letra chica del pacto pol\u00edtico. Rodr\u00edguez Larreta entiende que Morales aportar\u00e1 una&nbsp;<strong>estructura nacional&nbsp;<\/strong>que cuenta con pies y brazos en las 24 provincias del pa\u00eds.<\/p>\n\n\n\n<p>El s\u00e1bado hubo un&nbsp;<strong>c\u00f3nclave&nbsp;<\/strong>de Rodr\u00edguez Larreta, el juje\u00f1o,&nbsp;<strong>Mart\u00edn Lousteau<\/strong>&nbsp;m\u00e1s operadores pol\u00edticos de cada dirigente. Hubo&nbsp;<strong>cautela y hermetismo<\/strong>&nbsp;en los detalles del encuentro, aunque testigos de la reuni\u00f3n deslizaron que el jefe del radicalismo prepara el terreno para&nbsp;<strong>deponer su candidatura<\/strong>&nbsp;presidencial y convertirse en el compa\u00f1ero de f\u00f3rmula del alcalde porte\u00f1o.<\/p>\n\n\n\n<p>Larreta a\u00fan&nbsp;<strong>no dio a conocer cu\u00e1ndo anunciar\u00e1<\/strong>&nbsp;a su compa\u00f1ero de f\u00f3rmula. \u00bfSer\u00e1 luego de que Morales informe que baja su candidatura presidencial? \u00bfSe comunicar\u00e1n ambas noticias a la vez? Las&nbsp;<strong>negociaciones siguen abiertas&nbsp;<\/strong>y lo comunicacional se adapta a lo pol\u00edtico.<\/p>\n\n\n\n<p>Quienes a\u00fan sostienen sus candidaturas presidenciables son&nbsp;<strong>Elisa Carri\u00f3<\/strong>&nbsp;y&nbsp;<strong>Miguel \u00c1ngel Pichetto<\/strong>, ambos cercanos a la construcci\u00f3n pol\u00edtica de Rodr\u00edguez Larreta. En sus entornos pol\u00edticos deslizan que depondr\u00e1n sus postulaciones si logran rubricar un acuerdo con Uspallata, sede del Gobierno porte\u00f1o. La l\u00edder de la&nbsp;<strong>Coalici\u00f3n C\u00edvica&nbsp;<\/strong>asegura que&nbsp;<strong>no pretende cargos<\/strong>&nbsp;en estas elecciones, pero exige representaci\u00f3n de sus dirigentes en las listas. En tanto, el auditor General de la Naci\u00f3n suena para encabezar la boleta de&nbsp;<strong>senador nacional&nbsp;<\/strong>en provincia de Buenos Aires.<\/p>\n\n\n\n<p><img decoding=\"async\" loading=\"lazy\" alt=\"Facundo Manes\" height=\"1080\" width=\"1620\" class=\"\" src=\"https:\/\/cloudfront-us-east-1.images.arcpublishing.com\/infobae\/ZQBSTHPKGNDZJDIRXYWE2ZM75M.jpg\" srcset=\"https:\/\/www.infobae.com\/new-resizer\/5wzAW3e7RqVjBcxlP_j4IiEHFf4=\/420x280\/filters:format(webp):quality(85)\/cloudfront-us-east-1.images.arcpublishing.com\/infobae\/ZQBSTHPKGNDZJDIRXYWE2ZM75M.jpg 420w,https:\/\/www.infobae.com\/new-resizer\/-mgjrvv56cSvosum1o0DWg5HNXY=\/768x512\/filters:format(webp):quality(85)\/cloudfront-us-east-1.images.arcpublishing.com\/infobae\/ZQBSTHPKGNDZJDIRXYWE2ZM75M.jpg 768w,https:\/\/www.infobae.com\/new-resizer\/JH9RVY_NQD5zCxbHKwKbIeM9R_A=\/992x661\/filters:format(webp):quality(85)\/cloudfront-us-east-1.images.arcpublishing.com\/infobae\/ZQBSTHPKGNDZJDIRXYWE2ZM75M.jpg 992w,https:\/\/www.infobae.com\/new-resizer\/qv08DryD3XRm5K9REyth7MBa-RI=\/1200x800\/filters:format(webp):quality(85)\/cloudfront-us-east-1.images.arcpublishing.com\/infobae\/ZQBSTHPKGNDZJDIRXYWE2ZM75M.jpg 1200w,https:\/\/www.infobae.com\/new-resizer\/DQIOW-vg7PTZMuSjc-Itd9nmXko=\/1440x960\/filters:format(webp):quality(85)\/cloudfront-us-east-1.images.arcpublishing.com\/infobae\/ZQBSTHPKGNDZJDIRXYWE2ZM75M.jpg 1440w\">Facundo Manes<\/p>\n\n\n\n<p>Otra inc\u00f3gnita es la de&nbsp;<strong>Facundo Manes<\/strong>. El neur\u00f3logo&nbsp;<strong>sostiene su postulaci\u00f3n presidencial<\/strong>. En el radicalismo aseguran que declinar\u00e1 su candidatura cuando Bullrich y Larreta develen a sus compa\u00f1eros de f\u00f3rmula. \u201cSi la UCR se acomoda con el PRO,&nbsp;<strong>\u00bfa qui\u00e9n le va a pedir Manes la Lista 3<\/strong>?\u201d, desafi\u00f3 un armador pol\u00edtico del partido centenario.<\/p>\n\n\n\n<p>Manes<strong>&nbsp;conf\u00eda en su potencial<\/strong>&nbsp;y har\u00e1 lo necesario para competir.<\/p>\n\n\n\n<h2>Bullrich, entre el volante y la rosca<\/h2>\n\n\n\n<p>&#8211;<strong>\u00bfA d\u00f3nde est\u00e1 Patricia?<\/strong>-, pregunt\u00f3 uno de los principales armadores de Bullrich. Fue el viernes por la tarde, en una actividad de campa\u00f1a en Belgrano.<\/p>\n\n\n\n<p>-A tres cuadras, ya llega.&nbsp;<strong>Viene manejando ella<\/strong>-, respondi\u00f3 un asesor del equipo de campa\u00f1a.<\/p>\n\n\n\n<p>&#8211;<strong>\u00bf\u00a1C\u00f3mo que est\u00e1 manejando ella?!<\/strong>-, interpel\u00f3&nbsp;<strong>enfurecido&nbsp;<\/strong>el armador de Bullrich. La presidenciable del PRO disfruta de manejar. Sus asesores&nbsp;<strong>le proh\u00edben que tome el volante<\/strong>&nbsp;en plena campa\u00f1a. Cada tanto, ella se revela. El viernes, sali\u00f3 de visitar a sus nietos, se subi\u00f3 al su veh\u00edculo sola y&nbsp;<strong>manej\u00f3 hasta el Barrio Chino<\/strong>. Fue la escenograf\u00eda elegida para otra foto con&nbsp;<strong>Jorge Macri<\/strong>. La postal volvi\u00f3 a tensar la interna porte\u00f1a de JxC.<\/p>\n\n\n\n<p><img decoding=\"async\" loading=\"lazy\" alt=\"Patricia Bullrich y Jorge Macri se mostraron juntos en una recorrida de campa\u00f1a en el Barrio Chino\" height=\"1440\" width=\"1920\" class=\"\" src=\"https:\/\/cloudfront-us-east-1.images.arcpublishing.com\/infobae\/RHKMPRKKWJEDTKVMYDMZNQSWMI.jpg\" srcset=\"https:\/\/www.infobae.com\/new-resizer\/059-s7e6E96CV_fixQZgLS9APcQ=\/420x315\/filters:format(webp):quality(85)\/cloudfront-us-east-1.images.arcpublishing.com\/infobae\/RHKMPRKKWJEDTKVMYDMZNQSWMI.jpg 420w,https:\/\/www.infobae.com\/new-resizer\/c2kW5tIp3b1jib6q3tsVU7qwtCE=\/768x576\/filters:format(webp):quality(85)\/cloudfront-us-east-1.images.arcpublishing.com\/infobae\/RHKMPRKKWJEDTKVMYDMZNQSWMI.jpg 768w,https:\/\/www.infobae.com\/new-resizer\/6vhEPWKs2BajHKMyUXQJKcp4l14=\/992x744\/filters:format(webp):quality(85)\/cloudfront-us-east-1.images.arcpublishing.com\/infobae\/RHKMPRKKWJEDTKVMYDMZNQSWMI.jpg 992w,https:\/\/www.infobae.com\/new-resizer\/-SRC5cZqZNYBIGygIDCyOt2LvJY=\/1200x900\/filters:format(webp):quality(85)\/cloudfront-us-east-1.images.arcpublishing.com\/infobae\/RHKMPRKKWJEDTKVMYDMZNQSWMI.jpg 1200w,https:\/\/www.infobae.com\/new-resizer\/unvMrfj08SyRiPwoAIwAQzo7J5o=\/1440x1080\/filters:format(webp):quality(85)\/cloudfront-us-east-1.images.arcpublishing.com\/infobae\/RHKMPRKKWJEDTKVMYDMZNQSWMI.jpg 1440w\">Patricia Bullrich y Jorge Macri se mostraron juntos en una recorrida de campa\u00f1a en el Barrio Chino<\/p>\n\n\n\n<p>Tras esa actividad, la ex ministra continu\u00f3 con&nbsp;<strong>reuniones&nbsp;<\/strong>y&nbsp;<strong>llamadas&nbsp;<\/strong>pol\u00edticas. Apura las negociaciones. El reloj avanza y le quedan poco menos de cinco d\u00edas para tomar las&nbsp;<strong>decisiones estrat\u00e9gicas<\/strong>, acaso, m\u00e1s importante de su carrera pol\u00edtica.<\/p>\n\n\n\n<p>Bullrich cavila en torno a una&nbsp;<strong>terna&nbsp;<\/strong>de posibles vicepresidenciables que le acerc\u00f3&nbsp;<strong>Alfredo Cornejo<\/strong>&nbsp;y&nbsp;<strong>Ernesto Sanz<\/strong>, sus dos personas de confianza en el radicalismo que no est\u00e1 alineado con Morales. Ambos, en ese orden, eran los&nbsp;<strong>predilectos&nbsp;<\/strong>para la f\u00f3rmula presidencial. No aceptaron. El senador nacional porque decidi\u00f3 abocarse a ser&nbsp;<strong>candidato a gobernador de Mendoza<\/strong>, para asegurar que el gobierno local siga en manos del radicalismo. Sanz, en cambio, aleg\u00f3 razones personales y explic\u00f3 que prefiere&nbsp;<strong>sostener su perfil bajo<\/strong>, trabajando como operador pol\u00edtico en las sombras.<\/p>\n\n\n\n<p>Otra voz influyente para Bullrich es la de<strong>&nbsp;Emilio Monz\u00f3<\/strong>. El hombre oriundo de Carlos Tejedor lleva meses tejiendo pol\u00edticamente -en&nbsp;<strong>estricto silencio<\/strong>&#8211; para la referente del PRO. Y fue uno de los art\u00edfices del nexo pol\u00edtico de Bullrich con el<strong>&nbsp;Grupo Malbec<\/strong>, que integran un grupo de radicales disidentes de la conducci\u00f3n de Morales, liderados por Cornejo y&nbsp;<strong>Gustavo Vald\u00e9s<\/strong>.<\/p>\n\n\n\n<p><img decoding=\"async\" loading=\"lazy\" alt=\"Maximiliano Abad, senador bonaerense y presidente de la Uni\u00f3n C\u00edvica Radical (UCR) de la provincia de Buenos Aires\" height=\"1366\" width=\"2048\" class=\"\" src=\"https:\/\/cloudfront-us-east-1.images.arcpublishing.com\/infobae\/YIZASHMT75FR5JFXOGDTLWCVZM.jfif\" srcset=\"https:\/\/www.infobae.com\/new-resizer\/EPAXeTiokccn8WkxZKvibm_Puw0=\/420x280\/filters:format(webp):quality(85)\/cloudfront-us-east-1.images.arcpublishing.com\/infobae\/YIZASHMT75FR5JFXOGDTLWCVZM.jfif 420w,https:\/\/www.infobae.com\/new-resizer\/q8MN7j_jWDyaqe6i3GWpPpp60I4=\/768x512\/filters:format(webp):quality(85)\/cloudfront-us-east-1.images.arcpublishing.com\/infobae\/YIZASHMT75FR5JFXOGDTLWCVZM.jfif 768w,https:\/\/www.infobae.com\/new-resizer\/BwyPVBH0ouvmnBq8oMvJazEjpmI=\/992x661\/filters:format(webp):quality(85)\/cloudfront-us-east-1.images.arcpublishing.com\/infobae\/YIZASHMT75FR5JFXOGDTLWCVZM.jfif 992w,https:\/\/www.infobae.com\/new-resizer\/oP1sbd-0q0wxs11m2xFoVEw9SKU=\/1200x800\/filters:format(webp):quality(85)\/cloudfront-us-east-1.images.arcpublishing.com\/infobae\/YIZASHMT75FR5JFXOGDTLWCVZM.jfif 1200w,https:\/\/www.infobae.com\/new-resizer\/Jln3wvEBjADTgavoBNpPHEPoK7s=\/1440x960\/filters:format(webp):quality(85)\/cloudfront-us-east-1.images.arcpublishing.com\/infobae\/YIZASHMT75FR5JFXOGDTLWCVZM.jfif 1440w\">Maximiliano Abad, senador bonaerense y presidente de la Uni\u00f3n C\u00edvica Radical (UCR) de la provincia de Buenos Aires<\/p>\n\n\n\n<p>Entre esos dirigentes, m\u00e1s la mesa pol\u00edtica de Bullrich, surgieron los nombres de&nbsp;<strong>Maximiliano Abad<\/strong>, presidente de la UCR bonaerense,<strong>&nbsp;Luis Naidenoff<\/strong>, senador nacional del radicalismo de Formosa, y&nbsp;<strong>Luis Petri<\/strong>, ex diputado nacional, que viene de sacar un 17% en las PASO de Mendoza, donde cay\u00f3 ante Cornejo. Por estructura, el bullrichismo considera que el dirigente nacido en Mar del Plata pica en punta. \u201c<strong>Est\u00e1 un 80% cerrado por el lado de Abad<\/strong>\u201d, se ilusion\u00f3 un operador pol\u00edtico boina blanca. Sin embargo, hay un grupo de asesores de la ex ministra a los que los seduce el perfil de Petri.<\/p>\n\n\n\n<p>Por otro lado, desde el liberalismo hacen fuerza para que Bullrich considere a&nbsp;<strong>Ricardo L\u00f3pez Murphy<\/strong>&nbsp;para la f\u00f3rmula presidencial. \u201c<strong>Es una idea m\u00e1s del Bulldog que de Patricia<\/strong>\u201d, relativizaron cerca de la ex ministra. A su vez, otro nombre que se tach\u00f3 es el de&nbsp;<strong>Carlos Melconian<\/strong>. En el bullrichismo lo tantearon, pero el economista de la Fundaci\u00f3n Mediterr\u00e1nea lo rechaz\u00f3.<\/p>\n\n\n\n<p>Bullrich analiza los perfiles, examina fortalezas de cada uno y<strong>&nbsp;conveniencias pol\u00edticas<\/strong>. Ser\u00e1 una&nbsp;<strong>decisi\u00f3n conversada con el radicalismo<\/strong>, pero cuya \u00faltima palabra la tendr\u00e1 ella. Esta tarde, la presidenciable del PRO se reunir\u00e1 con su mesa pol\u00edtica para analizar la situaci\u00f3n. Estar\u00e1n&nbsp;<strong>Juan Pablo Arenaza<\/strong>,&nbsp;<strong>Hern\u00e1n Lombardi<\/strong>,<strong>&nbsp;Dami\u00e1n Arabia<\/strong>,&nbsp;<strong>Federico Angelini<\/strong>,&nbsp;<strong>N\u00e9stor Grindetti<\/strong>,&nbsp;<strong>Sebasti\u00e1n Garc\u00eda De Luca<\/strong>&nbsp;y el estratega&nbsp;<strong>Derek Hampton<\/strong>.<\/p>\n\n\n\n<p>Habitualmente se juntan en el b\u00fanker de la calle Hip\u00f3lito Yrigoyen. Pero hoy optaron por encontrarse en una casa. La idea del equipo de Bullrich es&nbsp;<strong>anunciar el mi\u00e9rcoles<\/strong>&nbsp;al candidato a vicepresidente. Esta tarde deliberar\u00e1n los detalles acerca de<strong>&nbsp;c\u00f3mo comunicarlo<\/strong>. Barajan un posteo en redes, una conferencia de prensa o una entrevista. Deben resolver el formato, los tiempos, si aparecer\u00e1n juntos con el compa\u00f1ero de f\u00f3rmula o si cada uno har\u00e1 un comunicado separado.<\/p>\n\n\n\n<h2>Vicegobernador, se busca<\/h2>\n\n\n\n<p><img decoding=\"async\" loading=\"lazy\" alt=\"Horacio Rodr\u00edguez Larreta, Patricia Bullrich, Diego Santilli y N\u00e9stor Grindetti\" height=\"1080\" width=\"1920\" class=\"\" src=\"https:\/\/cloudfront-us-east-1.images.arcpublishing.com\/infobae\/NJYL5B6LPBA23LHHYKAD2AWWPI.jpg\" srcset=\"https:\/\/www.infobae.com\/new-resizer\/N_EoncgSVEjiFCJ23a4mNrbH1rY=\/420x236\/filters:format(webp):quality(85)\/cloudfront-us-east-1.images.arcpublishing.com\/infobae\/NJYL5B6LPBA23LHHYKAD2AWWPI.jpg 420w,https:\/\/www.infobae.com\/new-resizer\/LPmmHUvVFx2eyG5n5TMQAgfIBZ8=\/768x432\/filters:format(webp):quality(85)\/cloudfront-us-east-1.images.arcpublishing.com\/infobae\/NJYL5B6LPBA23LHHYKAD2AWWPI.jpg 768w,https:\/\/www.infobae.com\/new-resizer\/aTw45dj_hILHKhSnQ6NigYWR-BA=\/992x558\/filters:format(webp):quality(85)\/cloudfront-us-east-1.images.arcpublishing.com\/infobae\/NJYL5B6LPBA23LHHYKAD2AWWPI.jpg 992w,https:\/\/www.infobae.com\/new-resizer\/MA77nzta8SLwHGkTxVbrR7e6-XM=\/1200x675\/filters:format(webp):quality(85)\/cloudfront-us-east-1.images.arcpublishing.com\/infobae\/NJYL5B6LPBA23LHHYKAD2AWWPI.jpg 1200w,https:\/\/www.infobae.com\/new-resizer\/St23KWZsLqiJ6WppS2MnKJjO1U0=\/1440x810\/filters:format(webp):quality(85)\/cloudfront-us-east-1.images.arcpublishing.com\/infobae\/NJYL5B6LPBA23LHHYKAD2AWWPI.jpg 1440w\">Horacio Rodr\u00edguez Larreta, Patricia Bullrich, Diego Santilli y N\u00e9stor Grindetti<\/p>\n\n\n\n<p>Si decanta por Abad, Bullrich eval\u00faa que de ese modo tendr\u00e1 el respaldo del radicalismo no alineado con Larreta y Morales. A su vez, obtendr\u00e1&nbsp;<strong>m\u00fasculo pol\u00edtico en el interior bonaerense<\/strong>, donde el dirigente de Mar del Plata cuenta con estructura desde la conducci\u00f3n del&nbsp;<strong>radicalismo provincial<\/strong>.<\/p>\n\n\n\n<p>De concretarse esa alianza,&nbsp;<strong>N\u00e9stor Grindetti<\/strong>, candidato a gobernador bullrichista, buscar\u00e1 un compa\u00f1ero de f\u00f3rmula radical. Suenan los intendentes&nbsp;<strong>Miguel Fern\u00e1ndez<\/strong>&nbsp;(Trenque Lauquen) y&nbsp;<strong>Miguel \u00c1ngel Lunghi<\/strong>&nbsp;(Tandil). Otro escenario conversado fue la posibilidad de que Grindetti sea secundado por<strong>&nbsp;Joaqu\u00edn De La Torre&nbsp;<\/strong>o&nbsp;<strong>Javier Iguacel<\/strong>, los dos dirigentes que se movieron como precandidatos a gobernador de Bullrich hasta que fue ungido el intendente de Lan\u00fas.<\/p>\n\n\n\n<p>Enfrente,<strong>&nbsp;Diego Santilli<\/strong>, exponente de Larreta en la provincia, espera el anuncio de compa\u00f1ero de f\u00f3rmula del alcalde porte\u00f1o para definir su candidato a vicegobernador. Estudia los perfiles de dirigentes de&nbsp;<strong>Gustavo Posse<\/strong>,&nbsp;<strong>Mart\u00edn Tetaz<\/strong>&nbsp;(diputado nacional del ala de Mart\u00edn Lousteau). A la par, piensa en dirigentes liberales, y el que suena es&nbsp;<strong>Jos\u00e9 Luis Espert<\/strong>. M\u00e1s lejos, no se descarta una f\u00f3rmula pura con un intendente PRO alineado al larretismo.<\/p>\n\n\n\n<h2>La agenda de Larreta y Bullrich<\/h2>\n\n\n\n<p><img decoding=\"async\" loading=\"lazy\" alt=\"Horacio Rodr\u00edguez Larreta viajar\u00e1 a Formosa y a Misiones esta semana\" height=\"1080\" width=\"1920\" class=\"\" src=\"https:\/\/cloudfront-us-east-1.images.arcpublishing.com\/infobae\/PD27STWMAJH65N6D7HPJQWEFOE.jpg\" srcset=\"https:\/\/www.infobae.com\/new-resizer\/PMk5cZhC69Uh3NQTpDdYZOFVDyo=\/420x236\/filters:format(webp):quality(85)\/cloudfront-us-east-1.images.arcpublishing.com\/infobae\/PD27STWMAJH65N6D7HPJQWEFOE.jpg 420w,https:\/\/www.infobae.com\/new-resizer\/4vuJddQ49cqXisXfmjlwAXH6tbw=\/768x432\/filters:format(webp):quality(85)\/cloudfront-us-east-1.images.arcpublishing.com\/infobae\/PD27STWMAJH65N6D7HPJQWEFOE.jpg 768w,https:\/\/www.infobae.com\/new-resizer\/CW5Aayz8DKy_owdXlXboJvGPyV4=\/992x558\/filters:format(webp):quality(85)\/cloudfront-us-east-1.images.arcpublishing.com\/infobae\/PD27STWMAJH65N6D7HPJQWEFOE.jpg 992w,https:\/\/www.infobae.com\/new-resizer\/2ZnMiG6dv2iFdYuTYXtADAiOfOY=\/1200x675\/filters:format(webp):quality(85)\/cloudfront-us-east-1.images.arcpublishing.com\/infobae\/PD27STWMAJH65N6D7HPJQWEFOE.jpg 1200w,https:\/\/www.infobae.com\/new-resizer\/cJAPgUbaRTKOIRRv9b0YcDaAaV4=\/1440x810\/filters:format(webp):quality(85)\/cloudfront-us-east-1.images.arcpublishing.com\/infobae\/PD27STWMAJH65N6D7HPJQWEFOE.jpg 1440w\">Horacio Rodr\u00edguez Larreta viajar\u00e1 a Formosa y a Misiones esta semana<\/p>\n\n\n\n<p>Esta semana, Rodr\u00edguez Larreta no discontinuar\u00e1 sus recorridas de campa\u00f1a. Esta ma\u00f1ana estar\u00e1 en el&nbsp;<strong>campeonato Federal del Asado<\/strong>, en el centro porte\u00f1o. Por la tarde viajar\u00e1 a Iguaz\u00fa,&nbsp;<strong>Misiones&nbsp;<\/strong>y el martes a la ma\u00f1ana estar\u00e1 en&nbsp;<strong>Formosa<\/strong>. En tanto, el mi\u00e9rcoles a la tarde recorrer\u00e1&nbsp;<strong>Jos\u00e9 C Paz<\/strong>, en el conurbano bonaerense.<\/p>\n\n\n\n<p>El mismo mi\u00e9rcoles, Rodr\u00edguez Larreta tendr\u00e1 una&nbsp;<strong>reuni\u00f3n de gabinete<\/strong>, a la que asisten sus funcionarios y dirigentes cercanos. Se trata de un encuentro habitual, donde se repasan temas de gesti\u00f3n y de agenda pol\u00edtica. No se descarta que durante ese c\u00f3nclave el jefe de Gobierno de&nbsp;<strong>detalles<\/strong>, ante sus asesores de confianza, se las&nbsp;<strong>definiciones electorales<\/strong>&nbsp;de cara al cierre de listas del 24 de junio.<\/p>\n\n\n\n<p>Por su parte,<strong>&nbsp;Bullrich volver\u00e1 a viajar este martes a C\u00f3rdoba<\/strong>. En la previa a la elecci\u00f3n provincial, del pr\u00f3ximo domingo, se mostrar\u00e1 con&nbsp;<strong>Luis Juez<\/strong>, candidato a gobernador de JxC, y a&nbsp;<strong>Rodrigo De Loredo<\/strong>, candidato a intendente de la capital.<\/p>\n\n\n\n<p><img decoding=\"async\" loading=\"lazy\" alt=\"Luis Juez, Patricia Bullrich y Carolina Losada\" height=\"410\" width=\"668\" class=\"\" src=\"https:\/\/cloudfront-us-east-1.images.arcpublishing.com\/infobae\/MNS7WKVXCJBNLO2ITDNJPQBB6U.JPG\" srcset=\"https:\/\/www.infobae.com\/new-resizer\/SWzHCfNN4wSRkjmCweJO8mTyU6U=\/992x606\/filters:format(webp):quality(85)\/cloudfront-us-east-1.images.arcpublishing.com\/infobae\/MNS7WKVXCJBNLO2ITDNJPQBB6U.JPG 992w\">Luis Juez, Patricia Bullrich y Carolina Losada<\/p>\n\n\n\n<p>Ser\u00e1 la segunda vez en el mes que se encuentre con Juez.&nbsp;<strong>No es un detalle menor<\/strong>. C\u00f3rdoba qued\u00f3 movilizada luego de la propuesta de Rodr\u00edguez Larreta y Gerardo Morales para sumar a<strong>&nbsp;Juan Schiaretti&nbsp;<\/strong>a JxC. Juez puso el grito en el cielo cuando se enter\u00f3. Lo propio hizo el radicalismo cordob\u00e9s, que lidera&nbsp;<strong>Marco Carasso<\/strong>, compa\u00f1ero de f\u00f3rmula del senador nacional.<\/p>\n\n\n\n<p>Bullrich resisti\u00f3 fervientemente el pacto con el schiarettismo. La idea, finalmente,&nbsp;<strong>se trunc\u00f3<\/strong>. Por estas horas, la presidenciable del PRO busca que tras la elecci\u00f3n en C\u00f3rdoba,&nbsp;<strong>Juez se pronuncie en favor de ella<\/strong>.<\/p>\n\n\n\n<p><strong>Incertidumbre<\/strong>. Es la palabra que mejor define el escenario pol\u00edtico de JxC, a cinco d\u00edas de la presentaci\u00f3n de las candidaturas.<\/p>\n\n\n\n<p>Fuente: Infobae<\/p>\n","protected":false},"excerpt":{"rendered":"<div class=\"mh-excerpt\"><p>En 1985, el polit\u00f3logo Adam Przeworski escribi\u00f3 un texto cuyo t\u00edtulo refleja la coyuntura electoral de Argentina: \u201cAma la incertidumbre y ser\u00e1s democr\u00e1tico\u201d. En cinco d\u00edas, los frentes electorales deber\u00e1n presentar las candidaturas y reina la&nbsp;indeterminaci\u00f3n. Especialmente, en&nbsp;Juntos por el Cambio&nbsp;(JxC) y en Uni\u00f3n por la Patria. En la coalici\u00f3n opositora, la gran&nbsp;expectativa&nbsp;est\u00e1 puesta sobre qui\u00e9nes ser\u00e1n los&nbsp;compa\u00f1eros de f\u00f3rmula&nbsp;de&nbsp;Horacio Rodr\u00edguez Larreta&nbsp;y&nbsp;Patricia Bullrich, los dos presidenciables del PRO. Por estas horas, se&nbsp;apuran las negociaciones&nbsp;pol\u00edticas para desnudar esta semana los t\u00e1ndem que encabezar\u00e1n las boletas de los principales postulantes de JxC. Ambos espacios, el larretista y el bullrichista, se&nbsp;relojean&nbsp;entre s\u00ed. No <a class=\"mh-excerpt-more\" href=\"http:\/\/dsrmedios.com.ar\/diario\/archivos\/35725\" title=\"Rodr\u00edguez Larreta y Patricia Bullrich aceleran las negociaciones para anunciar esta semana su candidato a vicepresidente\">[Leer m\u00e1s]<\/a><\/p>\n<\/div>","protected":false},"author":8,"featured_media":35726,"comment_status":"open","ping_status":"closed","sticky":false,"template":"","format":"standard","meta":{"_jetpack_newsletter_access":""},"categories":[6],"tags":[],"jetpack_featured_media_url":"http:\/\/dsrmedios.com.ar\/diario\/wp-content\/uploads\/2023\/06\/SWVVN2CHSJHQDMQKO6XRA54KZM.jpg","jetpack_sharing_enabled":true,"jetpack_shortlink":"https:\/\/wp.me\/p9fihK-9id","_links":{"self":[{"href":"http:\/\/dsrmedios.com.ar\/diario\/wp-json\/wp\/v2\/posts\/35725"}],"collection":[{"href":"http:\/\/dsrmedios.com.ar\/diario\/wp-json\/wp\/v2\/posts"}],"about":[{"href":"http:\/\/dsrmedios.com.ar\/diario\/wp-json\/wp\/v2\/types\/post"}],"author":[{"embeddable":true,"href":"http:\/\/dsrmedios.com.ar\/diario\/wp-json\/wp\/v2\/users\/8"}],"replies":[{"embeddable":true,"href":"http:\/\/dsrmedios.com.ar\/diario\/wp-json\/wp\/v2\/comments?post=35725"}],"version-history":[{"count":1,"href":"http:\/\/dsrmedios.com.ar\/diario\/wp-json\/wp\/v2\/posts\/35725\/revisions"}],"predecessor-version":[{"id":35727,"href":"http:\/\/dsrmedios.com.ar\/diario\/wp-json\/wp\/v2\/posts\/35725\/revisions\/35727"}],"wp:featuredmedia":[{"embeddable":true,"href":"http:\/\/dsrmedios.com.ar\/diario\/wp-json\/wp\/v2\/media\/35726"}],"wp:attachment":[{"href":"http:\/\/dsrmedios.com.ar\/diario\/wp-json\/wp\/v2\/media?parent=35725"}],"wp:term":[{"taxonomy":"category","embeddable":true,"href":"http:\/\/dsrmedios.com.ar\/diario\/wp-json\/wp\/v2\/categories?post=35725"},{"taxonomy":"post_tag","embeddable":true,"href":"http:\/\/dsrmedios.com.ar\/diario\/wp-json\/wp\/v2\/tags?post=35725"}],"curies":[{"name":"wp","href":"https:\/\/api.w.org\/{rel}","templated":true}]}}