{"id":3567,"date":"2018-01-16T08:10:11","date_gmt":"2018-01-16T11:10:11","guid":{"rendered":"http:\/\/dsrmedios.com.ar\/diario\/?p=3567"},"modified":"2018-01-16T08:10:11","modified_gmt":"2018-01-16T11:10:11","slug":"el-municipio-anuncio-el-programa-de-celebraciones-del-141-aniversario-de-la-fundacion-de-carhue","status":"publish","type":"post","link":"http:\/\/dsrmedios.com.ar\/diario\/archivos\/3567","title":{"rendered":"El Municipio anunci\u00f3 el programa de celebraciones del 141 aniversario de la fundaci\u00f3n de Carhu\u00e9"},"content":{"rendered":"<p>Desde el jueves habr\u00e1 actividades en el marco de la celebraci\u00f3n por los 141 a\u00f1os de Carhu\u00e9 . El s\u00e1bado Memphis la Blusera brindar\u00e1 un show frente al Palacio Municipal. La hist\u00f3rica banda, creadora de grandes \u00e9xitos, ser\u00e1 el n\u00famero principal del aniversario.<br \/>\nEn la previa, estar\u00e1 el grupo Zelen de Rock Pop en el marco de su gira #NuevosAiresTour . La banda conformada en \u00a02006 fue recientemente nominada para los premios Gardel con #ElPuerto, su primer single, fue \u00a0postulado como canci\u00f3n del a\u00f1o, mejor Ingenier\u00eda de Grabaci\u00f3n, Mejor \u00c1lbum, Nuevo Artista de Rock y Mejor dise\u00f1o de Portada.<br \/>\nInauguraciones<br \/>\nEl jueves se inaugurar\u00e1n los senderos de ecoturismo en La Chacra con la participaci\u00f3n de Alex Campbell, Subsecretario de \u00a0Asuntos Municipales de la provincia.<br \/>\nPor su parte, el s\u00e1bado se abrir\u00e1n las puertas de la Escuela Municipal de Cer\u00e1mica en la Casa de la cultura.<br \/>\nTalleres<br \/>\nEl domingo en la Plaza Nicol\u00e1s levalle se instalar\u00e1 el \u00a0desde las 17hs el Centro de Innovaci\u00f3n Tecnol\u00f3gica y Rob\u00f3tica del \u00a0Ministerio de Educaci\u00f3n de la Naci\u00f3n.<br \/>\nMientras que en la Playa del Cristo desde las 18.00 hs habr\u00e1 un \u00a0Taller de Artesan\u00edas en Sal.<br \/>\nA todo deporte<br \/>\nEl jueves se realizar\u00e1 la Noche de Reconocimiento a Deportistas Adolfoalsinenses Destacados A\u00f1o 2017. Ser\u00e1 a partir de las 20hs en la Casa de la Cultura.<br \/>\nEl s\u00e1bado habr\u00e1 dos actividades deportivas. A la ma\u00f1ana el Torneo de Golf \u201cCiudad de Carhu\u00e9\u201d desde las 8hs en las instalaciones del Golf y por la tarde se realizar\u00e1 la segunda fecha del Triatl\u00f3n 6 ciudades en Carhu\u00e9. Ser\u00e1 desde las 17hs en la Playa del Cristo.<br \/>\nEl viernes \u00a0se realizar\u00e1 el cl\u00e1sico Torneo de Nataci\u00f3n \u201cCiudad de Carhu\u00e9\u201d en el marco de la Escuela de verano. Ser\u00e1 a las 9hs en la sede del Club Atl\u00e9tico General San Mart\u00edn.<br \/>\nEl triatl\u00f3n podr\u00e1 realizarse de manera individual o por postas para lograr los 800mts de nado, 25km de bicicleta y los 6 km corriendo.<br \/>\nLa inscripci\u00f3n tiene un costode $100 y se puede realizar online a trav\u00e9s de la p\u00e1gina de Facebook Gymnos Timing Villegas.<br \/>\nPROGRAMA \u00a0COMPLETO<\/p>\n<p>Jueves 18 de Enero<br \/>\n10.00 hs \u00a0Inauguraci\u00f3n Senderos La Chacra<br \/>\n20.00 hs \u00a0Noche de Reconocimiento a Deportistas Adolfoalsinenses Destacados A\u00f1o 2017 &#8211; Casa de la Cultura<br \/>\n22.00 hs \u00a0Show de Oscar Lacoste \u2013 Bail\u00f3dromo. Cortada de la Plaza<br \/>\nViernes 19 de Enero<br \/>\n09.00 hs. Torneo de Nataci\u00f3n \u201cCiudad de Carhu\u00e9\u201d Escuela de Verano<br \/>\nClub Atl\u00e9tico San Mart\u00edn<br \/>\n20.00 hs \u00a0Inauguraci\u00f3n Muestra Fotogr\u00e1fica Colectiva \u201cEpecu\u00e9n, el agua revelada\u201d \u2013 Casa de la Cultura<br \/>\n22.00 hs \u00a0Show de Fabio Mu\u00f1oz &#8211; Bail\u00f3dromo. Cortada de la Plaza<br \/>\nS\u00e1bado 20 de Enero<br \/>\n08.00 hs. Torneo de Golf \u201cCiudad de Carhu\u00e9\u201d &#8211; Golf Club Carhu\u00e9<br \/>\n17.00 hs \u00a0Triatl\u00f3n \u201c6 Ciudades\u201d &#8211; Playa del Cristo<br \/>\n20.00 hs \u00a0Inauguraci\u00f3n de la Escuela de Cer\u00e1mica &#8211; Casa de la Cultura<br \/>\nSHOW CENTRAL<br \/>\n21.30 hs \u00a0Plaza Central Nicol\u00e1s Levalle<br \/>\nZelen. Rock &amp; Pop<br \/>\nMemphis \u201cLa Blusera\u201d<br \/>\nDomingo 21 de Enero<br \/>\n11.00 hs \u00a0Misa en Acci\u00f3n de Gracias &#8211; Parroquia Nuestra Se\u00f1ora de los Desamparados<br \/>\n17.00 hs \u00a0IxD Centro de Innovaci\u00f3n Tecnol\u00f3gica y Rob\u00f3tica. Ministerio de Educaci\u00f3n de la Naci\u00f3n. \u2013 Cortada de la Plaza<br \/>\n18.00 hs \u00a0Taller de Artesan\u00edas en Sal \u2013 Playa del Cristo<br \/>\n19.30 hs \u00a0Show de \u201cGad\u00fa\u201d &#8211; \u00a0Tardecitas de M\u00fasica en la Playa<br \/>\nLunes 22 de Enero<br \/>\n13.00 hs \u00a0Almuerzo en Conmemoraci\u00f3n al 13\u00ba Aniversario de Casa de D\u00eda Municipal \u201cEvita\u201d<\/p>\n","protected":false},"excerpt":{"rendered":"<div class=\"mh-excerpt\"><p>Desde el jueves habr\u00e1 actividades en el marco de la celebraci\u00f3n por los 141 a\u00f1os de Carhu\u00e9 . El s\u00e1bado Memphis la Blusera brindar\u00e1 un show frente al Palacio Municipal. La hist\u00f3rica banda, creadora de grandes \u00e9xitos, ser\u00e1 el n\u00famero principal del aniversario. En la previa, estar\u00e1 el grupo Zelen de Rock Pop en el marco de su gira #NuevosAiresTour . La banda conformada en \u00a02006 fue recientemente nominada para los premios Gardel con #ElPuerto, su primer single, fue \u00a0postulado como canci\u00f3n del a\u00f1o, mejor Ingenier\u00eda de Grabaci\u00f3n, Mejor \u00c1lbum, Nuevo Artista de Rock y Mejor dise\u00f1o de Portada. Inauguraciones <a class=\"mh-excerpt-more\" href=\"http:\/\/dsrmedios.com.ar\/diario\/archivos\/3567\" title=\"El Municipio anunci\u00f3 el programa de celebraciones del 141 aniversario de la fundaci\u00f3n de Carhu\u00e9\">[Leer m\u00e1s]<\/a><\/p>\n<\/div>","protected":false},"author":5,"featured_media":3568,"comment_status":"open","ping_status":"closed","sticky":false,"template":"","format":"standard","meta":{"_jetpack_newsletter_access":""},"categories":[2,18,5],"tags":[],"jetpack_featured_media_url":"http:\/\/dsrmedios.com.ar\/diario\/wp-content\/uploads\/2018\/01\/carhue-municipalidad-aerea1.jpg","jetpack_sharing_enabled":true,"jetpack_shortlink":"https:\/\/wp.me\/p9fihK-Vx","_links":{"self":[{"href":"http:\/\/dsrmedios.com.ar\/diario\/wp-json\/wp\/v2\/posts\/3567"}],"collection":[{"href":"http:\/\/dsrmedios.com.ar\/diario\/wp-json\/wp\/v2\/posts"}],"about":[{"href":"http:\/\/dsrmedios.com.ar\/diario\/wp-json\/wp\/v2\/types\/post"}],"author":[{"embeddable":true,"href":"http:\/\/dsrmedios.com.ar\/diario\/wp-json\/wp\/v2\/users\/5"}],"replies":[{"embeddable":true,"href":"http:\/\/dsrmedios.com.ar\/diario\/wp-json\/wp\/v2\/comments?post=3567"}],"version-history":[{"count":1,"href":"http:\/\/dsrmedios.com.ar\/diario\/wp-json\/wp\/v2\/posts\/3567\/revisions"}],"predecessor-version":[{"id":3569,"href":"http:\/\/dsrmedios.com.ar\/diario\/wp-json\/wp\/v2\/posts\/3567\/revisions\/3569"}],"wp:featuredmedia":[{"embeddable":true,"href":"http:\/\/dsrmedios.com.ar\/diario\/wp-json\/wp\/v2\/media\/3568"}],"wp:attachment":[{"href":"http:\/\/dsrmedios.com.ar\/diario\/wp-json\/wp\/v2\/media?parent=3567"}],"wp:term":[{"taxonomy":"category","embeddable":true,"href":"http:\/\/dsrmedios.com.ar\/diario\/wp-json\/wp\/v2\/categories?post=3567"},{"taxonomy":"post_tag","embeddable":true,"href":"http:\/\/dsrmedios.com.ar\/diario\/wp-json\/wp\/v2\/tags?post=3567"}],"curies":[{"name":"wp","href":"https:\/\/api.w.org\/{rel}","templated":true}]}}