{"id":35659,"date":"2023-06-16T19:37:41","date_gmt":"2023-06-16T22:37:41","guid":{"rendered":"http:\/\/dsrmedios.com.ar\/diario\/?p=35659"},"modified":"2023-06-16T19:37:45","modified_gmt":"2023-06-16T22:37:45","slug":"en-carhue-kicillof-anuncio-la-consolidacion-del-camino-a-san-miguel-arcangel","status":"publish","type":"post","link":"http:\/\/dsrmedios.com.ar\/diario\/archivos\/35659","title":{"rendered":"<strong>En Carhu\u00e9: Kicillof anunci\u00f3 la Consolidaci\u00f3n del Camino a San Miguel Arc\u00e1ngel<\/strong>"},"content":{"rendered":"\n<h4>Durante el acto de inauguraci\u00f3n del Centro Universitario de Adolfo Alsina realizado en Casa de la Cultura de Carhu\u00e9, el Gobernador de la provincia de Buenos Aires, Axel Kicillof, acompa\u00f1ado por el Intendente Javier Andres, anunci\u00f3 la Consolidaci\u00f3n del Camino a San Miguel Arc\u00e1ngel.<br><br><br>Kicillof hizo referencia a la solicitud recibida en su \u00faltima visita a Carhu\u00e9 para dar soluci\u00f3n a un reclamo de hace a\u00f1os; en este aspecto el gobernador dijo que se llamar\u00e1 a licitaci\u00f3n pr\u00f3ximamente para realizar el estabilizado del camino mencionado entre RP 60 y 67.<\/h4>\n","protected":false},"excerpt":{"rendered":"<div class=\"mh-excerpt\"><p>Durante el acto de inauguraci\u00f3n del Centro Universitario de Adolfo Alsina realizado en Casa de la Cultura de Carhu\u00e9, el Gobernador de la provincia de Buenos Aires, Axel Kicillof, acompa\u00f1ado por el Intendente Javier Andres, anunci\u00f3 la Consolidaci\u00f3n del Camino a San Miguel Arc\u00e1ngel. Kicillof hizo referencia a la solicitud recibida en su \u00faltima visita a Carhu\u00e9 para dar soluci\u00f3n a un reclamo de hace a\u00f1os; en este aspecto el gobernador dijo que se llamar\u00e1 a licitaci\u00f3n pr\u00f3ximamente para realizar el estabilizado del camino mencionado entre RP 60 y 67.<\/p>\n<\/div>","protected":false},"author":8,"featured_media":35660,"comment_status":"open","ping_status":"closed","sticky":false,"template":"","format":"standard","meta":{"_jetpack_newsletter_access":""},"categories":[18,31,5],"tags":[],"jetpack_featured_media_url":"http:\/\/dsrmedios.com.ar\/diario\/wp-content\/uploads\/2023\/06\/MG_5705-scaled.jpg","jetpack_sharing_enabled":true,"jetpack_shortlink":"https:\/\/wp.me\/p9fihK-9h9","_links":{"self":[{"href":"http:\/\/dsrmedios.com.ar\/diario\/wp-json\/wp\/v2\/posts\/35659"}],"collection":[{"href":"http:\/\/dsrmedios.com.ar\/diario\/wp-json\/wp\/v2\/posts"}],"about":[{"href":"http:\/\/dsrmedios.com.ar\/diario\/wp-json\/wp\/v2\/types\/post"}],"author":[{"embeddable":true,"href":"http:\/\/dsrmedios.com.ar\/diario\/wp-json\/wp\/v2\/users\/8"}],"replies":[{"embeddable":true,"href":"http:\/\/dsrmedios.com.ar\/diario\/wp-json\/wp\/v2\/comments?post=35659"}],"version-history":[{"count":1,"href":"http:\/\/dsrmedios.com.ar\/diario\/wp-json\/wp\/v2\/posts\/35659\/revisions"}],"predecessor-version":[{"id":35661,"href":"http:\/\/dsrmedios.com.ar\/diario\/wp-json\/wp\/v2\/posts\/35659\/revisions\/35661"}],"wp:featuredmedia":[{"embeddable":true,"href":"http:\/\/dsrmedios.com.ar\/diario\/wp-json\/wp\/v2\/media\/35660"}],"wp:attachment":[{"href":"http:\/\/dsrmedios.com.ar\/diario\/wp-json\/wp\/v2\/media?parent=35659"}],"wp:term":[{"taxonomy":"category","embeddable":true,"href":"http:\/\/dsrmedios.com.ar\/diario\/wp-json\/wp\/v2\/categories?post=35659"},{"taxonomy":"post_tag","embeddable":true,"href":"http:\/\/dsrmedios.com.ar\/diario\/wp-json\/wp\/v2\/tags?post=35659"}],"curies":[{"name":"wp","href":"https:\/\/api.w.org\/{rel}","templated":true}]}}