{"id":35615,"date":"2023-06-16T09:52:02","date_gmt":"2023-06-16T12:52:02","guid":{"rendered":"http:\/\/dsrmedios.com.ar\/diario\/?p=35615"},"modified":"2023-06-16T09:52:06","modified_gmt":"2023-06-16T12:52:06","slug":"sequia-este-otono-fue-de-los-menos-lluviosos-desde-1961-segun-el-smn","status":"publish","type":"post","link":"http:\/\/dsrmedios.com.ar\/diario\/archivos\/35615","title":{"rendered":"Sequ\u00eda: este oto\u00f1o fue de los menos lluviosos desde 1961, seg\u00fan el SMN"},"content":{"rendered":"\n<p>Tras una sequ\u00eda hist\u00f3rica que golpe\u00f3 fuertemente la econom\u00eda del pa\u00eds, el&nbsp;<strong>Servicio Meteorol\u00f3gico Nacional (SMN)&nbsp;<\/strong>inform\u00f3 que este&nbsp;<strong>oto\u00f1o&nbsp;<\/strong>fue uno de los menos lluviosos desde 1961. As\u00ed, la estaci\u00f3n se posicion\u00f3 dentro de las 12 m\u00e1s secas en toda la serie hist\u00f3rica de las que se tiene registro.<\/p>\n\n\n\n<p>El organismo detall\u00f3 que este oto\u00f1o se caracteriz\u00f3 por las pocas lluvias, principalmente, en la regi\u00f3n oriental del pa\u00eds. El resto de los d\u00e9ficits m\u00e1s pronunciados se observaron en el norte del Litoral, noroeste de&nbsp;<strong>Buenos Aires&nbsp;<\/strong>y noreste de la&nbsp;<strong>Patagonia<\/strong>. En cuanto a nivel nacional, esta \u00e9poca del a\u00f1o fue un 16,2% m\u00e1s seco que lo normal en la Argentina, en comparaci\u00f3n con los valores hist\u00f3ricos.<\/p>\n\n\n\n<p>Como contraparte de las sequ\u00edas, el organismo tambi\u00e9n indic\u00f3 cu\u00e1les fueron las \u00e1reas que sufrieron un exceso de lluvia. Las mismas fueron m\u00e1s limitadas y se concentraron principalmente en el noroeste argentino y el centro-sur de Buenos Aires. A\u00fan as\u00ed, estos excesos no lograron compensar el d\u00e9ficit generalizado en el resto del territorio nacional.<\/p>\n\n\n\n<p><img decoding=\"async\" loading=\"lazy\" alt=\"Las lluvias tambi\u00e9n tuvieron sus propios r\u00e9cords, y algunas localidades experimentaron el oto\u00f1o m\u00e1s seco registrado en d\u00e9cadas\" height=\"415\" width=\"693\" class=\"\" src=\"https:\/\/cloudfront-us-east-1.images.arcpublishing.com\/infobae\/TFNOBXPOLVBMRPFYOL36LOAM2I.jpg\" srcset=\"https:\/\/www.infobae.com\/new-resizer\/7dCTgGSmUnryCxbEBbnrWmv36Tk=\/992x606\/filters:format(webp):quality(85)\/cloudfront-us-east-1.images.arcpublishing.com\/infobae\/TFNOBXPOLVBMRPFYOL36LOAM2I.jpg 992w\">Las lluvias tambi\u00e9n tuvieron sus propios r\u00e9cords, y algunas localidades experimentaron el oto\u00f1o m\u00e1s seco registrado en d\u00e9cadas<\/p>\n\n\n\n<p><img decoding=\"async\" loading=\"lazy\" height=\"759\" width=\"1200\" srcset=\"https:\/\/www.infobae.com\/new-resizer\/CeOTG8iCwM1pj7PmqJ1aeGzv5qo=\/992x606\/filters:format(webp):quality(85)\/cloudfront-us-east-1.images.arcpublishing.com\/infobae\/PYV5RRTC5NEFRBDVKOHOWVWQZY.jpg 992w\" class=\"\" src=\"https:\/\/cloudfront-us-east-1.images.arcpublishing.com\/infobae\/PYV5RRTC5NEFRBDVKOHOWVWQZY.jpg\" alt=\"Localidades que tuvieron el oto\u00f1o m\u00e1s seco (precipitaci\u00f3n acumulada en marzo-abril- mayo 2023)\">Localidades que tuvieron el oto\u00f1o m\u00e1s seco (precipitaci\u00f3n acumulada en marzo-abril- mayo 2023)<\/p>\n\n\n\n<p>A pesar de las abundantes lluvias de mayo, el oto\u00f1o finaliz\u00f3 con una precipitaci\u00f3n acumulada de entre 100 y 200 mm por debajo del promedio para la \u00e9poca en sectores de la regi\u00f3n pampeana y el&nbsp;<strong>Litoral<\/strong>.<\/p>\n\n\n\n<p>Al mismo tiempo, el SMN desarroll\u00f3 un ranking con las localidades que atravesaron el oto\u00f1o m\u00e1s seco registrado en d\u00e9cadas. El mismo est\u00e1 encabezado por&nbsp;<strong>Trelew<\/strong>, con tan solo 1.5 mm de precipitaci\u00f3n y&nbsp;<strong>Puerto Madryn<\/strong>, con 6.0 mm de precipitaci\u00f3n;&nbsp;<strong>Viedma,&nbsp;<\/strong>con 16.1 mm de precipitaci\u00f3n; y<strong>&nbsp;San Antonio Oeste<\/strong>, con 11.1 mm de precipitaci\u00f3n, en&nbsp;<strong>R\u00edo Negro<\/strong>; y la capital de&nbsp;<strong>Neuqu\u00e9n<\/strong>, con 3.2 mm de precipitaci\u00f3n.<\/p>\n\n\n\n<p>Las cifras, que reflejan la escasez de lluvias, son solo un par\u00e1metro para entender la situaci\u00f3n que atraviesa la agricultura y las implicaciones que este contexto conlleva no solo para la econom\u00eda, sino tambi\u00e9n para los recursos h\u00eddricos y el ambiente en general.<\/p>\n\n\n\n<p><img decoding=\"async\" loading=\"lazy\" alt=\"Mart\u00edn Sturla camina por su cultivo de soja en medio de una fuerte sequ\u00eda en San Antonio de Areco, Argentina (AP Foto\/Natacha Pisarenko)\" height=\"5760\" width=\"8640\" class=\"\" src=\"https:\/\/cloudfront-us-east-1.images.arcpublishing.com\/infobae\/CHY22CHHVPS2YQ5HJ3R2YCBJOE.jpg\" srcset=\"https:\/\/www.infobae.com\/new-resizer\/WiqvzbZhI3ZzK_DVLvhpEDNOB90=\/420x280\/filters:format(webp):quality(85)\/cloudfront-us-east-1.images.arcpublishing.com\/infobae\/CHY22CHHVPS2YQ5HJ3R2YCBJOE.jpg 420w,https:\/\/www.infobae.com\/new-resizer\/xT0pCW3BawxVFqH-msuA366pP-I=\/768x512\/filters:format(webp):quality(85)\/cloudfront-us-east-1.images.arcpublishing.com\/infobae\/CHY22CHHVPS2YQ5HJ3R2YCBJOE.jpg 768w,https:\/\/www.infobae.com\/new-resizer\/3E-1AszLQ7BRa9dn4vrkZG2N-2o=\/992x661\/filters:format(webp):quality(85)\/cloudfront-us-east-1.images.arcpublishing.com\/infobae\/CHY22CHHVPS2YQ5HJ3R2YCBJOE.jpg 992w,https:\/\/www.infobae.com\/new-resizer\/DjBseCfRAruAxgIn6gl_J1-18Zc=\/1200x800\/filters:format(webp):quality(85)\/cloudfront-us-east-1.images.arcpublishing.com\/infobae\/CHY22CHHVPS2YQ5HJ3R2YCBJOE.jpg 1200w,https:\/\/www.infobae.com\/new-resizer\/pOBzpo9ilqwYvIozpuW3tXP0dlk=\/1440x960\/filters:format(webp):quality(85)\/cloudfront-us-east-1.images.arcpublishing.com\/infobae\/CHY22CHHVPS2YQ5HJ3R2YCBJOE.jpg 1440w\">Mart\u00edn Sturla camina por su cultivo de soja en medio de una fuerte sequ\u00eda en San Antonio de Areco, Argentina (AP Foto\/Natacha Pisarenko)<\/p>\n\n\n\n<p>Como si fuera poco, el organismo prev\u00e9 que en el futuro se presenten con m\u00e1s frecuencia este tipo de oto\u00f1os secos, ya que es una tendencia clim\u00e1tica que se observ\u00f3 en los \u00faltimos 20 a\u00f1os. De hecho, el \u00faltimo oto\u00f1o considerado \u201ch\u00famedo\u201d a nivel nacional fue en 2019, lo que resalta la persistencia de condiciones de sequ\u00eda en el pa\u00eds desde entonces.<\/p>\n\n\n\n<p>Otra de los datos relevantes que se desprenden del informe del&nbsp;<strong>SMN&nbsp;<\/strong>es que este oto\u00f1o fue uno de los tres m\u00e1s c\u00e1lidos, junto con los de 2015 y 2009, y en el per\u00edodo marzo-abril-mayo 2023 hubo una temperatura promedio 1,27 grados por encima de lo normal para el periodo 1961-2023.<\/p>\n\n\n\n<p>Adem\u00e1s, varias localidades del centro y norte del pa\u00eds tuvieron el oto\u00f1o m\u00e1s c\u00e1lido en m\u00e1s de 60 a\u00f1os. Las anomal\u00edas m\u00e1s significativas (con m\u00e1s de 2 \u00b0C de lo normal) afectaron al norte de Buenos Aires, Santa Fe, oeste de Entre R\u00edos, este de Catamarca, gran parte de C\u00f3rdoba y el centro de Cuyo.<\/p>\n\n\n\n<h2>\u00bfC\u00f3mo ser\u00e1 el invierno 2023 en Argentina?<\/h2>\n\n\n\n<p>A su vez, el SMN adelant\u00f3 c\u00f3mo ser\u00e1 el invierno de este a\u00f1o en Argentina. En cuanto a las precipitaciones, en este trimestre se esperan las por encima de lo normal en el norte del Litoral, el este de Buenos Aires y todo el oeste de la Patagonia. Adem\u00e1s, en el sur del Litoral, oeste de Buenos Aires, La Pampa, sur de Cuyo y este de la Patagonia hay una mayor probabilidad de que las precipitaciones sean normales o superiores a los par\u00e1metros comunes. Algo similar suceder\u00e1 en el extremo norte del pa\u00eds, C\u00f3rdoba, oeste de Santa Fe y el sur de Patagonia, donde se prev\u00e9n precipitaciones normales.<\/p>\n\n\n\n<p>Fuente: Infobae<\/p>\n","protected":false},"excerpt":{"rendered":"<div class=\"mh-excerpt\"><p>Tras una sequ\u00eda hist\u00f3rica que golpe\u00f3 fuertemente la econom\u00eda del pa\u00eds, el&nbsp;Servicio Meteorol\u00f3gico Nacional (SMN)&nbsp;inform\u00f3 que este&nbsp;oto\u00f1o&nbsp;fue uno de los menos lluviosos desde 1961. As\u00ed, la estaci\u00f3n se posicion\u00f3 dentro de las 12 m\u00e1s secas en toda la serie hist\u00f3rica de las que se tiene registro. El organismo detall\u00f3 que este oto\u00f1o se caracteriz\u00f3 por las pocas lluvias, principalmente, en la regi\u00f3n oriental del pa\u00eds. El resto de los d\u00e9ficits m\u00e1s pronunciados se observaron en el norte del Litoral, noroeste de&nbsp;Buenos Aires&nbsp;y noreste de la&nbsp;Patagonia. En cuanto a nivel nacional, esta \u00e9poca del a\u00f1o fue un 16,2% m\u00e1s seco que <a class=\"mh-excerpt-more\" href=\"http:\/\/dsrmedios.com.ar\/diario\/archivos\/35615\" title=\"Sequ\u00eda: este oto\u00f1o fue de los menos lluviosos desde 1961, seg\u00fan el SMN\">[Leer m\u00e1s]<\/a><\/p>\n<\/div>","protected":false},"author":8,"featured_media":5007,"comment_status":"open","ping_status":"closed","sticky":false,"template":"","format":"standard","meta":{"_jetpack_newsletter_access":""},"categories":[6],"tags":[],"jetpack_featured_media_url":"http:\/\/dsrmedios.com.ar\/diario\/wp-content\/uploads\/2018\/03\/sequia.jpg","jetpack_sharing_enabled":true,"jetpack_shortlink":"https:\/\/wp.me\/p9fihK-9gr","_links":{"self":[{"href":"http:\/\/dsrmedios.com.ar\/diario\/wp-json\/wp\/v2\/posts\/35615"}],"collection":[{"href":"http:\/\/dsrmedios.com.ar\/diario\/wp-json\/wp\/v2\/posts"}],"about":[{"href":"http:\/\/dsrmedios.com.ar\/diario\/wp-json\/wp\/v2\/types\/post"}],"author":[{"embeddable":true,"href":"http:\/\/dsrmedios.com.ar\/diario\/wp-json\/wp\/v2\/users\/8"}],"replies":[{"embeddable":true,"href":"http:\/\/dsrmedios.com.ar\/diario\/wp-json\/wp\/v2\/comments?post=35615"}],"version-history":[{"count":1,"href":"http:\/\/dsrmedios.com.ar\/diario\/wp-json\/wp\/v2\/posts\/35615\/revisions"}],"predecessor-version":[{"id":35616,"href":"http:\/\/dsrmedios.com.ar\/diario\/wp-json\/wp\/v2\/posts\/35615\/revisions\/35616"}],"wp:featuredmedia":[{"embeddable":true,"href":"http:\/\/dsrmedios.com.ar\/diario\/wp-json\/wp\/v2\/media\/5007"}],"wp:attachment":[{"href":"http:\/\/dsrmedios.com.ar\/diario\/wp-json\/wp\/v2\/media?parent=35615"}],"wp:term":[{"taxonomy":"category","embeddable":true,"href":"http:\/\/dsrmedios.com.ar\/diario\/wp-json\/wp\/v2\/categories?post=35615"},{"taxonomy":"post_tag","embeddable":true,"href":"http:\/\/dsrmedios.com.ar\/diario\/wp-json\/wp\/v2\/tags?post=35615"}],"curies":[{"name":"wp","href":"https:\/\/api.w.org\/{rel}","templated":true}]}}