{"id":35612,"date":"2023-06-16T09:49:49","date_gmt":"2023-06-16T12:49:49","guid":{"rendered":"http:\/\/dsrmedios.com.ar\/diario\/?p=35612"},"modified":"2023-06-16T09:49:51","modified_gmt":"2023-06-16T12:49:51","slug":"ganancias-el-gobierno-oficializo-que-los-salarios-de-hasta-880-000-no-pagaran-el-impuesto-sobre-el-aguinaldo","status":"publish","type":"post","link":"http:\/\/dsrmedios.com.ar\/diario\/archivos\/35612","title":{"rendered":"Ganancias: el Gobierno oficializ\u00f3 que los salarios de hasta $880.000 no pagar\u00e1n el impuesto sobre el aguinaldo"},"content":{"rendered":"\n<p>Por medio del decreto 316\/2023 publicado en el Bolet\u00edn Oficial, el Gobiernoconfirm\u00f3 que las personas que cobren salarios por debajo de los $880.000 no deber\u00e1n abonar el&nbsp;<strong>Impuesto a las Ganancias<\/strong>&nbsp;por sobre el&nbsp;<strong>aguinaldo<\/strong>&nbsp;de mitad de a\u00f1o. Asimismo, se adelant\u00f3 que se har\u00e1n las devoluciones correspondientes de las sumas retenidas a lo largo del a\u00f1o fiscal 2023.<\/p>\n\n\n\n<p>Como consecuencia del acuerdo que definieron el presidente&nbsp;<strong>Alberto Fern\u00e1ndez<\/strong>; el jefe de Gabinete,&nbsp;<strong>Agust\u00edn Rossi<\/strong>; y el ministro de Econom\u00eda,&nbsp;<strong>Sergio Massa<\/strong>, se oficializ\u00f3 el ajuste realizado en torno a lo dispuesto en el inciso \u201cz\u201d del art\u00edculo 26 de la Ley de Impuesto a las Ganancias, texto ordenado en 2019, que establec\u00eda el m\u00ednimo no imponible en $150.000. Tras las actualizaciones realizadas a lo largo de estos a\u00f1os, esta cifra se fij\u00f3 en $506.230.<\/p>\n\n\n\n<p>De esta manera, el nuevo c\u00e1lculo que se realiz\u00f3 permiti\u00f3 determinar que quienes perciban un salario de hasta $880.000 no pagar\u00e1n el tributo sobre el aguinaldo, cifra que representa diez veces el&nbsp;<strong>Salario M\u00ednimo, Vital y M\u00f3vil&nbsp;<\/strong>que aument\u00f3 a $87.987 en junio, seg\u00fan las modificaciones realizadas desde el&nbsp;<strong>Ministerio de Trabajo, Empleo y Seguridad Social<\/strong>&nbsp;en marzo de este a\u00f1o.<\/p>\n\n\n\n<p>A la par de los cambios efectuados, la gesti\u00f3n nacional dictamin\u00f3 que en los recibos de haberes que se emitan se aplique la leyenda \u201cExenci\u00f3n Impuesto a las Ganancias &#8211;\u00a0<strong>Sueldo Anual Complementario<\/strong>\u00a02023\u2033, como m\u00e9todo para que los empleados verifiquen que han sido incluidos en el grupo de los beneficiados.<\/p>\n\n\n\n<p><img decoding=\"async\" loading=\"lazy\" alt=\"El presidente y el ministro de Econom\u00eda anunciaron una modificaci\u00f3n excepcional para el cobro del aguinaldo (AP Foto\/Natacha Pisarenko, Archivo)\" height=\"5635\" width=\"8452\" class=\"\" src=\"https:\/\/cloudfront-us-east-1.images.arcpublishing.com\/infobae\/HWCA6PMGAZQZAVX7WDWWZT4Z3E.jpg\" srcset=\"https:\/\/www.infobae.com\/new-resizer\/clZsavUC2slT46WWIaohruJfFJ0=\/420x280\/filters:format(webp):quality(85)\/cloudfront-us-east-1.images.arcpublishing.com\/infobae\/HWCA6PMGAZQZAVX7WDWWZT4Z3E.jpg 420w,https:\/\/www.infobae.com\/new-resizer\/RM54sXJEggRix1EjOthXnP8wlfg=\/768x512\/filters:format(webp):quality(85)\/cloudfront-us-east-1.images.arcpublishing.com\/infobae\/HWCA6PMGAZQZAVX7WDWWZT4Z3E.jpg 768w,https:\/\/www.infobae.com\/new-resizer\/5rqw_-BAAu1rx_lbF90mgZt1WgM=\/992x661\/filters:format(webp):quality(85)\/cloudfront-us-east-1.images.arcpublishing.com\/infobae\/HWCA6PMGAZQZAVX7WDWWZT4Z3E.jpg 992w,https:\/\/www.infobae.com\/new-resizer\/QgVYO5fPMf-wl-WVEOBp-JPBoDY=\/1200x800\/filters:format(webp):quality(85)\/cloudfront-us-east-1.images.arcpublishing.com\/infobae\/HWCA6PMGAZQZAVX7WDWWZT4Z3E.jpg 1200w,https:\/\/www.infobae.com\/new-resizer\/TCh70lyXpTZP-DsFPWEK4_GTswA=\/1440x960\/filters:format(webp):quality(85)\/cloudfront-us-east-1.images.arcpublishing.com\/infobae\/HWCA6PMGAZQZAVX7WDWWZT4Z3E.jpg 1440w\">El presidente y el ministro de Econom\u00eda anunciaron una modificaci\u00f3n excepcional para el cobro del aguinaldo (AP Foto\/Natacha Pisarenko, Archivo)<\/p>\n\n\n\n<p>Seg\u00fan los c\u00e1lculos oficiales ofrecidos por el Gobierno, ser\u00edan m\u00e1s de 500 mil contribuyentes los beneficiados por la medida, pero solamente estar\u00e1n exentos de pagar el impuesto en junio. En cuanto a las personas que cobran salarios brutos menores a $506.230, estas no fueron consideradas en la lista, debido a que no est\u00e1n obligados a cumplir con el r\u00e9gimen tributario por no sobrepasar el m\u00ednimo no imponible.<\/p>\n\n\n\n<p>Sin embargo, otros tendr\u00e1n que pagar la carga impositiva. Por ejemplo, aquellos empleados de la industria petrolera, considerada como uno de los rubros que mejor salario tienen. Seg\u00fan las estad\u00edsticas publicadas en noviembre de 2022, los petroleros percib\u00edan un sueldo mensual superior a los $600.000 en ese momento, y para diciembre habr\u00edan facturado $985.875, sin incluir las tasas correspondientes. As\u00ed, quienes queden por encima del nuevo monto establecido ser\u00e1n alcanzados por la carga fiscal.<\/p>\n\n\n\n<p>De acuerdo con la informaci\u00f3n publicada en el Bolet\u00edn Oficial, la medida fue promulgada \u201cen orden a anticipar\u201d la actualizaci\u00f3n del&nbsp;<strong>Presupuesto General de la Administraci\u00f3n Nacional para el Ejercicio 2023<\/strong>, ya que el Poder Ejecutivo busc\u00f3 \u201cevitar que la carga tributaria neutralice los beneficios derivados de la pol\u00edtica salarial\u201d.<\/p>\n\n\n\n<p>Asimismo, el Gobierno explic\u00f3 que la modificaci\u00f3n fue ideada \u201ccon la finalidad de continuar instrumentando pol\u00edticas econ\u00f3micas tendientes a mejorar el poder adquisitivo de los trabajadores y las trabajadoras\u201d. En este sentido, la cartera dirigida por Massa esperar\u00e1 un incremento en los valores de consumo, tras explicarse que ser\u00eda una de las medidas claves en la lucha por reducir los \u00edndices de la inflaci\u00f3n.<\/p>\n\n\n\n<p><img decoding=\"async\" loading=\"lazy\" alt=\"La pol\u00edtica econ\u00f3mica busca incentivar el aumento del consumo (REUTERS\/Cristina Sille)\" height=\"533\" width=\"800\" class=\"\" src=\"https:\/\/cloudfront-us-east-1.images.arcpublishing.com\/infobae\/ZOLSIH23QJI4JZYARPUVNCTUQ4.jpg\" srcset=\"https:\/\/www.infobae.com\/new-resizer\/iRyNwfpBUc423B8igJ-vlH7VkH4=\/420x280\/filters:format(webp):quality(85)\/cloudfront-us-east-1.images.arcpublishing.com\/infobae\/ZOLSIH23QJI4JZYARPUVNCTUQ4.jpg 420w,https:\/\/www.infobae.com\/new-resizer\/BSveb1t7MrJQYodllzKZbiSocRM=\/768x512\/filters:format(webp):quality(85)\/cloudfront-us-east-1.images.arcpublishing.com\/infobae\/ZOLSIH23QJI4JZYARPUVNCTUQ4.jpg 768w,https:\/\/www.infobae.com\/new-resizer\/0DKGz598rsBxtVmYX4WSRCFvC5c=\/992x661\/filters:format(webp):quality(85)\/cloudfront-us-east-1.images.arcpublishing.com\/infobae\/ZOLSIH23QJI4JZYARPUVNCTUQ4.jpg 992w,https:\/\/www.infobae.com\/new-resizer\/aQ_3CqjHQJDtl9bg-DjqH7Np9Ko=\/1200x800\/filters:format(webp):quality(85)\/cloudfront-us-east-1.images.arcpublishing.com\/infobae\/ZOLSIH23QJI4JZYARPUVNCTUQ4.jpg 1200w,https:\/\/www.infobae.com\/new-resizer\/pWu28_VDlOLo7WHL7jCPsQv76_g=\/1440x960\/filters:format(webp):quality(85)\/cloudfront-us-east-1.images.arcpublishing.com\/infobae\/ZOLSIH23QJI4JZYARPUVNCTUQ4.jpg 1440w\">La pol\u00edtica econ\u00f3mica busca incentivar el aumento del consumo (REUTERS\/Cristina Sille)<\/p>\n\n\n\n<p>Por otro lado, el decreto nombr\u00f3 a la<strong>&nbsp;Administraci\u00f3n Federal de Ingresos P\u00fablicos (AFIP)<\/strong>&nbsp;como la entidad responsable de realizar los reintegros de las sumas retenidas a lo largo del presente a\u00f1o<\/p>\n\n\n\n<p>El procedimiento que fue establecido desde el Poder Ejecutivo menciona la creaci\u00f3n de una \u201cliquidaci\u00f3n adicional\u201d, en donde deber\u00e1n calcularse las sumas que deber\u00edan devolverse a los ciudadanos. De la misma forma, el pago de las retenciones se realizar\u00e1 en dos cuotas mensuales, iguales y consecutivas que se agrupar\u00e1n con la parte correspondiente a los meses de junio y julio.<\/p>\n\n\n\n<p>Fuente: Infobae<\/p>\n","protected":false},"excerpt":{"rendered":"<div class=\"mh-excerpt\"><p>Por medio del decreto 316\/2023 publicado en el Bolet\u00edn Oficial, el Gobiernoconfirm\u00f3 que las personas que cobren salarios por debajo de los $880.000 no deber\u00e1n abonar el&nbsp;Impuesto a las Ganancias&nbsp;por sobre el&nbsp;aguinaldo&nbsp;de mitad de a\u00f1o. Asimismo, se adelant\u00f3 que se har\u00e1n las devoluciones correspondientes de las sumas retenidas a lo largo del a\u00f1o fiscal 2023. Como consecuencia del acuerdo que definieron el presidente&nbsp;Alberto Fern\u00e1ndez; el jefe de Gabinete,&nbsp;Agust\u00edn Rossi; y el ministro de Econom\u00eda,&nbsp;Sergio Massa, se oficializ\u00f3 el ajuste realizado en torno a lo dispuesto en el inciso \u201cz\u201d del art\u00edculo 26 de la Ley de Impuesto a las Ganancias, <a class=\"mh-excerpt-more\" href=\"http:\/\/dsrmedios.com.ar\/diario\/archivos\/35612\" title=\"Ganancias: el Gobierno oficializ\u00f3 que los salarios de hasta $880.000 no pagar\u00e1n el impuesto sobre el aguinaldo\">[Leer m\u00e1s]<\/a><\/p>\n<\/div>","protected":false},"author":8,"featured_media":35613,"comment_status":"open","ping_status":"closed","sticky":false,"template":"","format":"standard","meta":{"_jetpack_newsletter_access":""},"categories":[6],"tags":[],"jetpack_featured_media_url":"http:\/\/dsrmedios.com.ar\/diario\/wp-content\/uploads\/2023\/06\/JQUSVF5HBVF2BDUGMGVZF2MCAA-2.jpg","jetpack_sharing_enabled":true,"jetpack_shortlink":"https:\/\/wp.me\/p9fihK-9go","_links":{"self":[{"href":"http:\/\/dsrmedios.com.ar\/diario\/wp-json\/wp\/v2\/posts\/35612"}],"collection":[{"href":"http:\/\/dsrmedios.com.ar\/diario\/wp-json\/wp\/v2\/posts"}],"about":[{"href":"http:\/\/dsrmedios.com.ar\/diario\/wp-json\/wp\/v2\/types\/post"}],"author":[{"embeddable":true,"href":"http:\/\/dsrmedios.com.ar\/diario\/wp-json\/wp\/v2\/users\/8"}],"replies":[{"embeddable":true,"href":"http:\/\/dsrmedios.com.ar\/diario\/wp-json\/wp\/v2\/comments?post=35612"}],"version-history":[{"count":1,"href":"http:\/\/dsrmedios.com.ar\/diario\/wp-json\/wp\/v2\/posts\/35612\/revisions"}],"predecessor-version":[{"id":35614,"href":"http:\/\/dsrmedios.com.ar\/diario\/wp-json\/wp\/v2\/posts\/35612\/revisions\/35614"}],"wp:featuredmedia":[{"embeddable":true,"href":"http:\/\/dsrmedios.com.ar\/diario\/wp-json\/wp\/v2\/media\/35613"}],"wp:attachment":[{"href":"http:\/\/dsrmedios.com.ar\/diario\/wp-json\/wp\/v2\/media?parent=35612"}],"wp:term":[{"taxonomy":"category","embeddable":true,"href":"http:\/\/dsrmedios.com.ar\/diario\/wp-json\/wp\/v2\/categories?post=35612"},{"taxonomy":"post_tag","embeddable":true,"href":"http:\/\/dsrmedios.com.ar\/diario\/wp-json\/wp\/v2\/tags?post=35612"}],"curies":[{"name":"wp","href":"https:\/\/api.w.org\/{rel}","templated":true}]}}