{"id":35598,"date":"2023-06-16T09:40:59","date_gmt":"2023-06-16T12:40:59","guid":{"rendered":"http:\/\/dsrmedios.com.ar\/diario\/?p=35598"},"modified":"2023-06-16T09:41:03","modified_gmt":"2023-06-16T12:41:03","slug":"fue-delantero-en-las-inferiores-de-boca-se-reinvento-como-defensor-anulo-a-vinicius-en-el-real-madrid-y-va-por-la-hazana-en-espana","status":"publish","type":"post","link":"http:\/\/dsrmedios.com.ar\/diario\/archivos\/35598","title":{"rendered":"Fue delantero en las Inferiores de Boca, se reinvent\u00f3 como defensor, anul\u00f3 a Vinicius en el Real Madrid y va por la haza\u00f1a en Espa\u00f1a"},"content":{"rendered":"\n<p>Lejos de su&nbsp;<strong>Saladillo&nbsp;<\/strong>natal, donde mantuvo sus primeros contactos con la pelota y se form\u00f3 bajo la tutela del&nbsp;<em><strong>Vasco&nbsp;<\/strong><\/em><strong>Olarticoechea<\/strong>,&nbsp;<strong>Nahuel Tenaglia&nbsp;<\/strong>atraviesa un presente notable en el Norte de&nbsp;<strong>Espa\u00f1a<\/strong>. El argentino que dej\u00f3 una huella imborrable en&nbsp;<strong>Talleres de C\u00f3rdoba<\/strong>, se encuentra en&nbsp;<strong>Vitoria<\/strong>, la ciudad vasca que se caracteriza por su maravillosa gastronom\u00eda y la pasi\u00f3n de un pueblo hacia una instituci\u00f3n: el<strong>&nbsp;Deportivo Alav\u00e9s<\/strong>.<\/p>\n\n\n\n<figure class=\"wp-block-image\"><img decoding=\"async\" src=\"https:\/\/cloudfront-us-east-1.images.arcpublishing.com\/infobae\/EUDFTMHTGNGHTDWXVYPLFRIOXI.png\" alt=\"Nicol\u00e1s Pasquini suena para reforzar el lateral izquierdo de Sporting Cristal. (Difusi\u00f3n)\"\/><\/figure>\n\n\n\n<p>Tras los ascensos del&nbsp;<strong>Granada&nbsp;<\/strong>y el&nbsp;<strong>Uni\u00f3n Deportivo Las Palmas<\/strong>, el combinado del&nbsp;<strong>Pa\u00eds Vasco<\/strong>&nbsp;buscar\u00e1 el tercer ascenso a Primera Divisi\u00f3n, en el duelo decisivo de los&nbsp;<em>Playoffs<\/em>&nbsp;que afrontar\u00e1 el s\u00e1bado frente al&nbsp;<strong>Levante&nbsp;<\/strong>en&nbsp;<strong>Valencia<\/strong>. Y el deseo de afrontar su m\u00e1ximo desaf\u00edo se percibe en las primeras palabras que desliza en di\u00e1logo con&nbsp;<strong>Infobae<\/strong>. \u201c<strong>Es el partido m\u00e1s importante de la temporada<\/strong>. Luchamos mucho para llegar a esta final y por eso estamos con muchas ganas de que llegue el d\u00eda.&nbsp;<strong>Hay mucha ansiedad por estar de nuevo en la cancha<\/strong>, y queremos que nos salgan bien las cosas para poder lograr el ascenso\u201d, remarca.<\/p>\n\n\n\n<p>En su tono de voz se percibe la inquietud que genera el encuentro crucial que definir\u00e1 el destino del club. Ser\u00e1 la gloria de volver a codearse con los gigantes como el&nbsp;<strong>Real Madrid<\/strong>&nbsp;y&nbsp;<strong>Barcelona&nbsp;<\/strong>o la decepci\u00f3n de disputar una nueva temporada en&nbsp;<strong>Segunda Divisi\u00f3n<\/strong>. Luego del empate sin goles que disputaron en el&nbsp;<strong>Estadio de Mendizorroza<\/strong>, al&nbsp;<strong>Alav\u00e9s&nbsp;<\/strong>s\u00f3lo le servir\u00e1 un triunfo para quedarse con el objetivo, ya que la ventaja deportiva favorece a los valencianos. \u201c<strong>Ser\u00e1 un partido muy parecido al que jugamos en casa<\/strong>. Muy parejo y disputado.&nbsp;<strong>Son esas finales que se resuelven por detalles.<\/strong>&nbsp;Tenemos 90 o 120 minutos para tratar de convertir un gol. De todos modos,&nbsp;<strong>trataremos de hacer nuestro juego con la intenci\u00f3n de ganar<\/strong>. Habr\u00e1 un clima muy lindo, porque todos van a querer estar presentes. Voy a tratar de disfrutar del momento y&nbsp;<strong>dejar la vida en la cancha para lograr el ascenso que tanto so\u00f1amos<\/strong>\u201d, subraya.<\/p>\n\n\n\n<p>A m\u00e1s de\u00a0<strong>10.300 kil\u00f3metros de distancia de C\u00f3rdoba<\/strong>, donde dej\u00f3 su mejor versi\u00f3n en\u00a0<em>La T<\/em>,\u00a0<strong>Tenaglia<\/strong>\u00a0se aferra a<a rel=\"noreferrer noopener\" href=\"https:\/\/www.infobae.com\/deportes-2\/2018\/10\/07\/vascos-que-importan-sonido-argentino-los-hits-que-acompanaron-el-historico-triunfo-de-alaves-sobre-real-madrid\/\" target=\"_blank\">\u00a0la hinchada vasca que apela a los\u00a0<em>hits\u00a0<\/em>albicelestes para alentar a sus jugadores durante todos sus compromisos de local<\/a>. \u201c<strong>Es una afici\u00f3n me hace acordar mucho a la Argentina<\/strong>\u00a0por c\u00f3mo nos apoyan en casa. Tienen canciones muy parecidas a las nuestras y me hacen vivir los partidos muy bien\u201d, reconoce.<\/p>\n\n\n\n<p>Su caso es muy particular, dado que durante toda su infancia se desempe\u00f1\u00f3 como delantero. Incluso permaneci\u00f3 dos a\u00f1os en las divisiones menores de&nbsp;<strong>Boca&nbsp;<\/strong>como atacante. Sin embargo, cuando qued\u00f3 libre del&nbsp;<em>Xeneize&nbsp;<\/em>regres\u00f3 a su pueblo con la intenci\u00f3n de regenerar las fuerzas para ir por nuevos desaf\u00edos en su carrera deportiva.<\/p>\n\n\n\n<p>Despu\u00e9s de un breve paso por clubes locales, le surgi\u00f3 una prueba en&nbsp;<strong>Atlanta<\/strong>, donde reformul\u00f3 su trayectoria y se reinvent\u00f3 como lateral. \u201c<strong>Como hasta los 16 a\u00f1os jugu\u00e9 de delantero<\/strong>, ah\u00ed me propusieron jugar de defensor y gracias a Dios me fue bien.&nbsp;<strong>Tal vez por esa decisi\u00f3n hoy estoy ac\u00e1<\/strong>. He aprendido mucho en estos a\u00f1os el puesto de defensor, pero&nbsp;<strong>no me olvido de lo que hac\u00eda cuando era chico, porque me encantaba pisar el \u00e1rea rival y hacer goles<\/strong>\u201d, analiza. Y en la campa\u00f1a actual en Europa logr\u00f3 anotar tres tantos ingresando por el segundo palo como lo hac\u00eda durante sus d\u00edas de atacante.<\/p>\n\n\n\n<p><img decoding=\"async\" loading=\"lazy\" alt=\"El ex Talleres buscar\u00e1 el ascenso con el Alav\u00e9s. Foto: Getty Images\" height=\"3333\" width=\"5000\" class=\"\" src=\"https:\/\/cloudfront-us-east-1.images.arcpublishing.com\/infobae\/U3IIZGGO6VEBBKYCUJ3VAUVRJI.jpg\" srcset=\"https:\/\/www.infobae.com\/new-resizer\/9T8CI4kbgjouBwLb7qnbZ77Ibfw=\/420x280\/filters:format(webp):quality(85)\/cloudfront-us-east-1.images.arcpublishing.com\/infobae\/U3IIZGGO6VEBBKYCUJ3VAUVRJI.jpg 420w,https:\/\/www.infobae.com\/new-resizer\/zOLhPdH_d-tjjJjZ3mRjMr66kVo=\/768x512\/filters:format(webp):quality(85)\/cloudfront-us-east-1.images.arcpublishing.com\/infobae\/U3IIZGGO6VEBBKYCUJ3VAUVRJI.jpg 768w,https:\/\/www.infobae.com\/new-resizer\/KcXgWa0EiyPueNQS7njysWWtzTo=\/992x661\/filters:format(webp):quality(85)\/cloudfront-us-east-1.images.arcpublishing.com\/infobae\/U3IIZGGO6VEBBKYCUJ3VAUVRJI.jpg 992w,https:\/\/www.infobae.com\/new-resizer\/fjFU71eoBsvUfHp9ptvFDiIwvTo=\/1200x800\/filters:format(webp):quality(85)\/cloudfront-us-east-1.images.arcpublishing.com\/infobae\/U3IIZGGO6VEBBKYCUJ3VAUVRJI.jpg 1200w,https:\/\/www.infobae.com\/new-resizer\/oOJslcTfNIJnHE-lAqP9XgVolRs=\/1440x960\/filters:format(webp):quality(85)\/cloudfront-us-east-1.images.arcpublishing.com\/infobae\/U3IIZGGO6VEBBKYCUJ3VAUVRJI.jpg 1440w\">El ex Talleres buscar\u00e1 el ascenso con el Alav\u00e9s. Foto: Getty Images<\/p>\n\n\n\n<p>Todav\u00eda en su memoria permanece la vez que estuvo bajo la \u00f3rbita de la&nbsp;<em>Scaloneta<\/em>. Antes de la consagraci\u00f3n en&nbsp;<strong>Qatar<\/strong>, el cuerpo t\u00e9cnico de la&nbsp;<em>Albiceleste<\/em>&nbsp;sigui\u00f3 de cerca sus pasos para probarlo por una de las bandas. \u201cFue en un partido contra&nbsp;<strong>Banfield&nbsp;<\/strong>que jugamos en el&nbsp;<strong>Kempes<\/strong>. Yo no sab\u00eda nada, y cuando termin\u00f3 el encuentro,<strong>&nbsp;me enter\u00e9 de que hab\u00eda estado Walter Samuel y que le hab\u00eda gustado c\u00f3mo hab\u00eda jugado<\/strong>. Para m\u00ed fue muy lindo que alguien como \u00e9l se fijara en m\u00ed. En ese momento<strong>&nbsp;trat\u00e9 de tomarlo como una motivaci\u00f3n para el d\u00eda de ma\u00f1ana poder estar en la Selecci\u00f3n<\/strong>. Creo que todos sue\u00f1an con ponerse la camiseta de su pa\u00eds.&nbsp;<strong>Ojal\u00e1 que el s\u00e1bado podamos ascender y subir a Primera, para seguir peleando por mi sue\u00f1o, que es poder vestir la camiseta de la Selecci\u00f3n<\/strong>\u201d, explica.<\/p>\n\n\n\n<p>Aquel paso por el&nbsp;<em>Bohemio&nbsp;<\/em>le abri\u00f3 las puertas de&nbsp;<strong>Talleres<\/strong>, que represent\u00f3 su escala previa al arribo al&nbsp;<em>Viejo Continente<\/em>. Con mucho sacrificio, voluntad, capacidad de adaptaci\u00f3n y entusiasmo,&nbsp;<strong>Tenaglia&nbsp;<\/strong>se transform\u00f3 en un lateral con marca, presi\u00f3n y sorpresa. Tal es as\u00ed, que al poco tiempo de incorporarse al f\u00fatbol espa\u00f1ol le toc\u00f3 anular a&nbsp;<strong>Vinicius Junior<\/strong>, la figura brasile\u00f1a del&nbsp;<em>Merengue<\/em>. \u201c<strong>Todo lo que he vivido este a\u00f1o y medio fue una locura<\/strong>. Gracias a Dios me han tocado unos compa\u00f1eros incre\u00edbles que me ayudaron en la adaptaci\u00f3n. Al mes y medio de haber llegado estaba jugando en la cancha del&nbsp;<strong>Real Madrid,<\/strong>&nbsp;y eso fue un sue\u00f1o. Pas\u00f3 todo muy r\u00e1pido y por suerte lo pude disfrutar\u201d, aclara.<\/p>\n\n\n\n<p>Con los pies sobre la tierra, el lateral lleg\u00f3 a\u00a0<strong>Vitoria<\/strong>\u00a0a trav\u00e9s de un pr\u00e9stamo que finalizar\u00e1 luego del duelo ante el\u00a0<strong>Levante<\/strong>. El argentino asegur\u00f3 que su intenci\u00f3n es continuar en el club vasco. Para ello deber\u00e1 conseguir el triunfo que deposite al\u00a0<strong>Alav\u00e9s\u00a0<\/strong>en\u00a0<strong>Primera Divisi\u00f3n<\/strong>, y volver a so\u00f1ar con alg\u00fan acercamiento de los integrantes de la\u00a0<em>Scaloneta<\/em>. Su destino depender\u00e1 de lo que suceda en los pr\u00f3ximos 90 minutos.<\/p>\n\n\n\n<p>Fuente: Infobae<\/p>\n","protected":false},"excerpt":{"rendered":"<div class=\"mh-excerpt\"><p>Lejos de su&nbsp;Saladillo&nbsp;natal, donde mantuvo sus primeros contactos con la pelota y se form\u00f3 bajo la tutela del&nbsp;Vasco&nbsp;Olarticoechea,&nbsp;Nahuel Tenaglia&nbsp;atraviesa un presente notable en el Norte de&nbsp;Espa\u00f1a. El argentino que dej\u00f3 una huella imborrable en&nbsp;Talleres de C\u00f3rdoba, se encuentra en&nbsp;Vitoria, la ciudad vasca que se caracteriza por su maravillosa gastronom\u00eda y la pasi\u00f3n de un pueblo hacia una instituci\u00f3n: el&nbsp;Deportivo Alav\u00e9s. Tras los ascensos del&nbsp;Granada&nbsp;y el&nbsp;Uni\u00f3n Deportivo Las Palmas, el combinado del&nbsp;Pa\u00eds Vasco&nbsp;buscar\u00e1 el tercer ascenso a Primera Divisi\u00f3n, en el duelo decisivo de los&nbsp;Playoffs&nbsp;que afrontar\u00e1 el s\u00e1bado frente al&nbsp;Levante&nbsp;en&nbsp;Valencia. Y el deseo de afrontar su m\u00e1ximo desaf\u00edo se percibe en <a class=\"mh-excerpt-more\" href=\"http:\/\/dsrmedios.com.ar\/diario\/archivos\/35598\" title=\"Fue delantero en las Inferiores de Boca, se reinvent\u00f3 como defensor, anul\u00f3 a Vinicius en el Real Madrid y va por la haza\u00f1a en Espa\u00f1a\">[Leer m\u00e1s]<\/a><\/p>\n<\/div>","protected":false},"author":8,"featured_media":35599,"comment_status":"open","ping_status":"closed","sticky":false,"template":"","format":"standard","meta":{"_jetpack_newsletter_access":""},"categories":[2],"tags":[],"jetpack_featured_media_url":"http:\/\/dsrmedios.com.ar\/diario\/wp-content\/uploads\/2023\/06\/descarga-2023-06-16T094044.725.jpg","jetpack_sharing_enabled":true,"jetpack_shortlink":"https:\/\/wp.me\/p9fihK-9ga","_links":{"self":[{"href":"http:\/\/dsrmedios.com.ar\/diario\/wp-json\/wp\/v2\/posts\/35598"}],"collection":[{"href":"http:\/\/dsrmedios.com.ar\/diario\/wp-json\/wp\/v2\/posts"}],"about":[{"href":"http:\/\/dsrmedios.com.ar\/diario\/wp-json\/wp\/v2\/types\/post"}],"author":[{"embeddable":true,"href":"http:\/\/dsrmedios.com.ar\/diario\/wp-json\/wp\/v2\/users\/8"}],"replies":[{"embeddable":true,"href":"http:\/\/dsrmedios.com.ar\/diario\/wp-json\/wp\/v2\/comments?post=35598"}],"version-history":[{"count":1,"href":"http:\/\/dsrmedios.com.ar\/diario\/wp-json\/wp\/v2\/posts\/35598\/revisions"}],"predecessor-version":[{"id":35600,"href":"http:\/\/dsrmedios.com.ar\/diario\/wp-json\/wp\/v2\/posts\/35598\/revisions\/35600"}],"wp:featuredmedia":[{"embeddable":true,"href":"http:\/\/dsrmedios.com.ar\/diario\/wp-json\/wp\/v2\/media\/35599"}],"wp:attachment":[{"href":"http:\/\/dsrmedios.com.ar\/diario\/wp-json\/wp\/v2\/media?parent=35598"}],"wp:term":[{"taxonomy":"category","embeddable":true,"href":"http:\/\/dsrmedios.com.ar\/diario\/wp-json\/wp\/v2\/categories?post=35598"},{"taxonomy":"post_tag","embeddable":true,"href":"http:\/\/dsrmedios.com.ar\/diario\/wp-json\/wp\/v2\/tags?post=35598"}],"curies":[{"name":"wp","href":"https:\/\/api.w.org\/{rel}","templated":true}]}}