{"id":35566,"date":"2023-06-15T11:14:21","date_gmt":"2023-06-15T14:14:21","guid":{"rendered":"http:\/\/dsrmedios.com.ar\/diario\/?p=35566"},"modified":"2023-06-15T11:14:24","modified_gmt":"2023-06-15T14:14:24","slug":"este-sabado-se-realizara-una-clinica-de-voley-con-santiago-darraidou-en-rivera","status":"publish","type":"post","link":"http:\/\/dsrmedios.com.ar\/diario\/archivos\/35566","title":{"rendered":"<strong>Este s\u00e1bado se realizar\u00e1 una cl\u00ednica de v\u00f3ley con Santiago Darraidou en Rivera<\/strong>"},"content":{"rendered":"\n<p>Organizada por la Federaci\u00f3n Bonaerense de V\u00f3ley en conjunto con la Asociaci\u00f3n de V\u00f3ley del Sudoeste y con el apoyo de la Direcci\u00f3n de Deportes de la Municipalidad de Adolfo Alsina, este s\u00e1bado 17 de junio en el SUM de la Escuela N\u00ba12 de Rivera se llevar\u00e1 a cabo una cl\u00ednica de v\u00f3leibol que contar\u00e1 con la presencia del ex jugador de la Selecci\u00f3n Argentina de v\u00f3ley&nbsp;Santiago \u201cZurdo\u201d Darraidou.<\/p>\n\n\n\n<p>La jornada inicia a las 09.30 y est\u00e1 orientada a entrenadores, profesores y jugadores. La intenci\u00f3n es mejorar cualidades t\u00e9cnica y t\u00e1ctica en \u201cataque\u201d, tambi\u00e9n ordenar h\u00e1bitos para desarrollar el deporte de la mejor manera.<\/p>\n\n\n\n<p>Darraidou fue integrante del seleccionado en dos Mundiales (2002 y 2014), tres Ligas Mundiales (2002, 2005 y 2017) y una Copa Am\u00e9rica (2005), entre distintas competencias internacionales.&nbsp;<\/p>\n","protected":false},"excerpt":{"rendered":"<div class=\"mh-excerpt\"><p>Organizada por la Federaci\u00f3n Bonaerense de V\u00f3ley en conjunto con la Asociaci\u00f3n de V\u00f3ley del Sudoeste y con el apoyo de la Direcci\u00f3n de Deportes de la Municipalidad de Adolfo Alsina, este s\u00e1bado 17 de junio en el SUM de la Escuela N\u00ba12 de Rivera se llevar\u00e1 a cabo una cl\u00ednica de v\u00f3leibol que contar\u00e1 con la presencia del ex jugador de la Selecci\u00f3n Argentina de v\u00f3ley&nbsp;Santiago \u201cZurdo\u201d Darraidou. La jornada inicia a las 09.30 y est\u00e1 orientada a entrenadores, profesores y jugadores. La intenci\u00f3n es mejorar cualidades t\u00e9cnica y t\u00e1ctica en \u201cataque\u201d, tambi\u00e9n ordenar h\u00e1bitos para desarrollar el deporte <a class=\"mh-excerpt-more\" href=\"http:\/\/dsrmedios.com.ar\/diario\/archivos\/35566\" title=\"Este s\u00e1bado se realizar\u00e1 una cl\u00ednica de v\u00f3ley con Santiago Darraidou en Rivera\">[Leer m\u00e1s]<\/a><\/p>\n<\/div>","protected":false},"author":8,"featured_media":35567,"comment_status":"open","ping_status":"closed","sticky":false,"template":"","format":"standard","meta":{"_jetpack_newsletter_access":""},"categories":[18,31,5],"tags":[],"jetpack_featured_media_url":"http:\/\/dsrmedios.com.ar\/diario\/wp-content\/uploads\/2023\/06\/4c5f8ecf-5a2e-0ab1-2963-e912f3a68383.jpg","jetpack_sharing_enabled":true,"jetpack_shortlink":"https:\/\/wp.me\/p9fihK-9fE","_links":{"self":[{"href":"http:\/\/dsrmedios.com.ar\/diario\/wp-json\/wp\/v2\/posts\/35566"}],"collection":[{"href":"http:\/\/dsrmedios.com.ar\/diario\/wp-json\/wp\/v2\/posts"}],"about":[{"href":"http:\/\/dsrmedios.com.ar\/diario\/wp-json\/wp\/v2\/types\/post"}],"author":[{"embeddable":true,"href":"http:\/\/dsrmedios.com.ar\/diario\/wp-json\/wp\/v2\/users\/8"}],"replies":[{"embeddable":true,"href":"http:\/\/dsrmedios.com.ar\/diario\/wp-json\/wp\/v2\/comments?post=35566"}],"version-history":[{"count":1,"href":"http:\/\/dsrmedios.com.ar\/diario\/wp-json\/wp\/v2\/posts\/35566\/revisions"}],"predecessor-version":[{"id":35568,"href":"http:\/\/dsrmedios.com.ar\/diario\/wp-json\/wp\/v2\/posts\/35566\/revisions\/35568"}],"wp:featuredmedia":[{"embeddable":true,"href":"http:\/\/dsrmedios.com.ar\/diario\/wp-json\/wp\/v2\/media\/35567"}],"wp:attachment":[{"href":"http:\/\/dsrmedios.com.ar\/diario\/wp-json\/wp\/v2\/media?parent=35566"}],"wp:term":[{"taxonomy":"category","embeddable":true,"href":"http:\/\/dsrmedios.com.ar\/diario\/wp-json\/wp\/v2\/categories?post=35566"},{"taxonomy":"post_tag","embeddable":true,"href":"http:\/\/dsrmedios.com.ar\/diario\/wp-json\/wp\/v2\/tags?post=35566"}],"curies":[{"name":"wp","href":"https:\/\/api.w.org\/{rel}","templated":true}]}}