{"id":35537,"date":"2023-06-15T09:48:08","date_gmt":"2023-06-15T12:48:08","guid":{"rendered":"http:\/\/dsrmedios.com.ar\/diario\/?p=35537"},"modified":"2023-06-15T09:48:11","modified_gmt":"2023-06-15T12:48:11","slug":"muestra-fotografica-renacer-desde-las-ruinas","status":"publish","type":"post","link":"http:\/\/dsrmedios.com.ar\/diario\/archivos\/35537","title":{"rendered":"<strong>Muestra Fotogr\u00e1fica: Renacer desde las Ruinas<\/strong>"},"content":{"rendered":"\n<h3>Marcelo Lirio presenta su muestra fotogr\u00e1fica \u201cRenacer desde Las Ruinas\u201d el s\u00e1bado 17 de junio a las 14 hs. en la Secretar\u00eda de Turismo, Col\u00f3n y Belgrano de Carhu\u00e9.<br>Organizan Asociaci\u00f3n Mutual de Empleados Carhu\u00e9 y Grupo Cooperativa Agr\u00edcola Ganadera Adolfo Alsina.<br>&nbsp;<br>Lirio naci\u00f3 en Choele Choel en 1969 y vive&nbsp;en Bah\u00eda Blanca&nbsp;desde los 12 a\u00f1os. La fotograf\u00eda es su hobby desde 2006. Hoy, luego de a\u00f1os en los que ha avanzado como autodidacta y con los consejos de amigos y colegas disfruta plenamente de cada momento con su c\u00e1mara. Partidario de la fotograf\u00eda de autor y de la preponderancia del factor humano (la parte m\u00e1s dif\u00edcil), Lirio intenta seguir creciendo en este sentido.<\/h3>\n","protected":false},"excerpt":{"rendered":"<div class=\"mh-excerpt\"><p>Marcelo Lirio presenta su muestra fotogr\u00e1fica \u201cRenacer desde Las Ruinas\u201d el s\u00e1bado 17 de junio a las 14 hs. en la Secretar\u00eda de Turismo, Col\u00f3n y Belgrano de Carhu\u00e9.Organizan Asociaci\u00f3n Mutual de Empleados Carhu\u00e9 y Grupo Cooperativa Agr\u00edcola Ganadera Adolfo Alsina.&nbsp;Lirio naci\u00f3 en Choele Choel en 1969 y vive&nbsp;en Bah\u00eda Blanca&nbsp;desde los 12 a\u00f1os. La fotograf\u00eda es su hobby desde 2006. Hoy, luego de a\u00f1os en los que ha avanzado como autodidacta y con los consejos de amigos y colegas disfruta plenamente de cada momento con su c\u00e1mara. Partidario de la fotograf\u00eda de autor y de la preponderancia del factor <a class=\"mh-excerpt-more\" href=\"http:\/\/dsrmedios.com.ar\/diario\/archivos\/35537\" title=\"Muestra Fotogr\u00e1fica: Renacer desde las Ruinas\">[Leer m\u00e1s]<\/a><\/p>\n<\/div>","protected":false},"author":8,"featured_media":35538,"comment_status":"open","ping_status":"closed","sticky":false,"template":"","format":"standard","meta":{"_jetpack_newsletter_access":""},"categories":[18,31,5],"tags":[],"jetpack_featured_media_url":"http:\/\/dsrmedios.com.ar\/diario\/wp-content\/uploads\/2023\/06\/WhatsApp-Image-2023-06-15-at-09.27.31.jpeg","jetpack_sharing_enabled":true,"jetpack_shortlink":"https:\/\/wp.me\/p9fihK-9fb","_links":{"self":[{"href":"http:\/\/dsrmedios.com.ar\/diario\/wp-json\/wp\/v2\/posts\/35537"}],"collection":[{"href":"http:\/\/dsrmedios.com.ar\/diario\/wp-json\/wp\/v2\/posts"}],"about":[{"href":"http:\/\/dsrmedios.com.ar\/diario\/wp-json\/wp\/v2\/types\/post"}],"author":[{"embeddable":true,"href":"http:\/\/dsrmedios.com.ar\/diario\/wp-json\/wp\/v2\/users\/8"}],"replies":[{"embeddable":true,"href":"http:\/\/dsrmedios.com.ar\/diario\/wp-json\/wp\/v2\/comments?post=35537"}],"version-history":[{"count":1,"href":"http:\/\/dsrmedios.com.ar\/diario\/wp-json\/wp\/v2\/posts\/35537\/revisions"}],"predecessor-version":[{"id":35539,"href":"http:\/\/dsrmedios.com.ar\/diario\/wp-json\/wp\/v2\/posts\/35537\/revisions\/35539"}],"wp:featuredmedia":[{"embeddable":true,"href":"http:\/\/dsrmedios.com.ar\/diario\/wp-json\/wp\/v2\/media\/35538"}],"wp:attachment":[{"href":"http:\/\/dsrmedios.com.ar\/diario\/wp-json\/wp\/v2\/media?parent=35537"}],"wp:term":[{"taxonomy":"category","embeddable":true,"href":"http:\/\/dsrmedios.com.ar\/diario\/wp-json\/wp\/v2\/categories?post=35537"},{"taxonomy":"post_tag","embeddable":true,"href":"http:\/\/dsrmedios.com.ar\/diario\/wp-json\/wp\/v2\/tags?post=35537"}],"curies":[{"name":"wp","href":"https:\/\/api.w.org\/{rel}","templated":true}]}}