{"id":3552,"date":"2018-01-16T07:50:57","date_gmt":"2018-01-16T10:50:57","guid":{"rendered":"http:\/\/dsrmedios.com.ar\/diario\/?p=3552"},"modified":"2018-01-16T07:50:57","modified_gmt":"2018-01-16T10:50:57","slug":"revalorizacion-fiscal-en-la-provincia-se-viene-un-nuevo-aumento-del-inmobiliario-urbano","status":"publish","type":"post","link":"http:\/\/dsrmedios.com.ar\/diario\/archivos\/3552","title":{"rendered":"Revalorizaci\u00f3n fiscal en la Provincia se viene un nuevo aumento del inmobiliario urbano"},"content":{"rendered":"<p>Enero lleg\u00f3 recargado para los bolsillos de los bonaerenses. Quienes tengan una vivienda o terreno no s\u00f3lo deber\u00e1n pagar el impuesto inmobiliario con una suba del 56% en promedio sino que adem\u00e1s comenz\u00f3 a aplicarse el reval\u00fao en todos los municipios y los inmuebles pasaron a tener casi la misma cotizaci\u00f3n fiscal que precio de mercado.<\/p>\n<p>Eso significa que muchas propiedades de clase media que hasta ahora no pagaban Bienes Personales tendr\u00e1n que hacerlo, puesto que tomaban ese valor m\u00ednimo a la hora de determinar el patrimonio. Se trata de 4.867.000 viviendas y comercios que sufrieron una revalorizaci\u00f3n fiscal y 1.700.000 terrenos.<\/p>\n<p>fuente:www.labrujula.com<\/p>\n","protected":false},"excerpt":{"rendered":"<div class=\"mh-excerpt\"><p>Enero lleg\u00f3 recargado para los bolsillos de los bonaerenses. Quienes tengan una vivienda o terreno no s\u00f3lo deber\u00e1n pagar el impuesto inmobiliario con una suba del 56% en promedio sino que adem\u00e1s comenz\u00f3 a aplicarse el reval\u00fao en todos los municipios y los inmuebles pasaron a tener casi la misma cotizaci\u00f3n fiscal que precio de mercado. Eso significa que muchas propiedades de clase media que hasta ahora no pagaban Bienes Personales tendr\u00e1n que hacerlo, puesto que tomaban ese valor m\u00ednimo a la hora de determinar el patrimonio. Se trata de 4.867.000 viviendas y comercios que sufrieron una revalorizaci\u00f3n fiscal y <a class=\"mh-excerpt-more\" href=\"http:\/\/dsrmedios.com.ar\/diario\/archivos\/3552\" title=\"Revalorizaci\u00f3n fiscal en la Provincia se viene un nuevo aumento del inmobiliario urbano\">[Leer m\u00e1s]<\/a><\/p>\n<\/div>","protected":false},"author":5,"featured_media":3553,"comment_status":"open","ping_status":"closed","sticky":false,"template":"","format":"standard","meta":{"_jetpack_newsletter_access":""},"categories":[18,7],"tags":[],"jetpack_featured_media_url":"http:\/\/dsrmedios.com.ar\/diario\/wp-content\/uploads\/2018\/01\/vivienda-tipo-b.jpg","jetpack_sharing_enabled":true,"jetpack_shortlink":"https:\/\/wp.me\/p9fihK-Vi","_links":{"self":[{"href":"http:\/\/dsrmedios.com.ar\/diario\/wp-json\/wp\/v2\/posts\/3552"}],"collection":[{"href":"http:\/\/dsrmedios.com.ar\/diario\/wp-json\/wp\/v2\/posts"}],"about":[{"href":"http:\/\/dsrmedios.com.ar\/diario\/wp-json\/wp\/v2\/types\/post"}],"author":[{"embeddable":true,"href":"http:\/\/dsrmedios.com.ar\/diario\/wp-json\/wp\/v2\/users\/5"}],"replies":[{"embeddable":true,"href":"http:\/\/dsrmedios.com.ar\/diario\/wp-json\/wp\/v2\/comments?post=3552"}],"version-history":[{"count":1,"href":"http:\/\/dsrmedios.com.ar\/diario\/wp-json\/wp\/v2\/posts\/3552\/revisions"}],"predecessor-version":[{"id":3554,"href":"http:\/\/dsrmedios.com.ar\/diario\/wp-json\/wp\/v2\/posts\/3552\/revisions\/3554"}],"wp:featuredmedia":[{"embeddable":true,"href":"http:\/\/dsrmedios.com.ar\/diario\/wp-json\/wp\/v2\/media\/3553"}],"wp:attachment":[{"href":"http:\/\/dsrmedios.com.ar\/diario\/wp-json\/wp\/v2\/media?parent=3552"}],"wp:term":[{"taxonomy":"category","embeddable":true,"href":"http:\/\/dsrmedios.com.ar\/diario\/wp-json\/wp\/v2\/categories?post=3552"},{"taxonomy":"post_tag","embeddable":true,"href":"http:\/\/dsrmedios.com.ar\/diario\/wp-json\/wp\/v2\/tags?post=3552"}],"curies":[{"name":"wp","href":"https:\/\/api.w.org\/{rel}","templated":true}]}}