{"id":35513,"date":"2023-06-15T09:34:10","date_gmt":"2023-06-15T12:34:10","guid":{"rendered":"http:\/\/dsrmedios.com.ar\/diario\/?p=35513"},"modified":"2023-06-15T09:34:13","modified_gmt":"2023-06-15T12:34:13","slug":"javier-milei-negocia-con-carolina-piparo-para-que-sea-su-candidata-a-gobernadora-bonaerense","status":"publish","type":"post","link":"http:\/\/dsrmedios.com.ar\/diario\/archivos\/35513","title":{"rendered":"Javier Milei negocia con Carolina P\u00edparo para que sea su candidata a gobernadora bonaerense"},"content":{"rendered":"\n<p>El l\u00edder de La Libertad Avanza,<strong>&nbsp;Javier Milei<\/strong>, sabe que tiene nueve d\u00edas para encontrar a alguien dispuesto a ocupar el rol de precandidato a gobernador de su espacio en la provincia de Buenos Aires, luego de que el intendente de Chivilcoy,&nbsp;<strong>Guillermo Britos<\/strong>, se bajara a \u00faltimo momento.<\/p>\n\n\n\n<p>\u201cFaltan solo detalles, pero ya pod\u00e9s ponerle el mo\u00f1o\u201d, hab\u00eda anticipado el referente de la oposici\u00f3n durante una entrevista televisiva, cuando las negociaciones con el jefe comunal, con amplia trayectoria en la Polic\u00eda Federal, todav\u00eda estaban encaminadas.<\/p>\n\n\n\n<p>Sin embargo, este mi\u00e9rcoles Britos brind\u00f3 una conferencia de prensa en la que confirm\u00f3 la decisi\u00f3n que previamente le hab\u00eda informado por tel\u00e9fono al economista y a su equipo de campa\u00f1a: que \u00e9l no iba a presentarse para mandatario bonaerense.<\/p>\n\n\n\n<p>\u201cComo siempre dije, nosotros vamos a pensar en nuestra ciudad, as\u00ed que no voy a ser candidato a gobernador por cuestiones personales y priorizando a Chivilcoy\u201d, remarc\u00f3 el intendente, en medio de un d\u00eda agitado por el cierre de las alianzas.<\/p>\n\n\n\n<p>Ante este panorama, el diputado nacional r\u00e1pidamente comenz\u00f3 a pensar en alternativas para este lugar y fue entonces que el equipo que est\u00e1 a cargo de su armado electoral empez\u00f3 a conversar con su compa\u00f1era de banca,&nbsp;<strong>Carolina P\u00edparo<\/strong>, que hasta este momento ten\u00eda pensado competir por renovar su cargo en el Congreso o, en todo caso, buscar la intendencia de La Plata.<\/p>\n\n\n\n<p><img decoding=\"async\" loading=\"lazy\" alt=\"La diputada comenz\u00f3 su carrera pol\u00edtica de la mano del PRO\" height=\"1080\" width=\"1920\" class=\"\" src=\"https:\/\/cloudfront-us-east-1.images.arcpublishing.com\/infobae\/FS2K5ZIAGZGPXN4R24T5IBI7OA.jpg\" srcset=\"https:\/\/www.infobae.com\/new-resizer\/Bb6EHYsud5naeImX9uyX-j83R_c=\/420x236\/filters:format(webp):quality(85)\/cloudfront-us-east-1.images.arcpublishing.com\/infobae\/FS2K5ZIAGZGPXN4R24T5IBI7OA.jpg 420w,https:\/\/www.infobae.com\/new-resizer\/fuSYXt03-anqF7N1KKArrnBknwE=\/768x432\/filters:format(webp):quality(85)\/cloudfront-us-east-1.images.arcpublishing.com\/infobae\/FS2K5ZIAGZGPXN4R24T5IBI7OA.jpg 768w,https:\/\/www.infobae.com\/new-resizer\/AqMfW_ogAt_HN7sdN-CR29QaqjM=\/992x558\/filters:format(webp):quality(85)\/cloudfront-us-east-1.images.arcpublishing.com\/infobae\/FS2K5ZIAGZGPXN4R24T5IBI7OA.jpg 992w,https:\/\/www.infobae.com\/new-resizer\/rAJeDJQL-qZ51S7iRXAeXHN0mbA=\/1200x675\/filters:format(webp):quality(85)\/cloudfront-us-east-1.images.arcpublishing.com\/infobae\/FS2K5ZIAGZGPXN4R24T5IBI7OA.jpg 1200w,https:\/\/www.infobae.com\/new-resizer\/pUEP2QUtiXWIXibDksB1IkcBTTE=\/1440x810\/filters:format(webp):quality(85)\/cloudfront-us-east-1.images.arcpublishing.com\/infobae\/FS2K5ZIAGZGPXN4R24T5IBI7OA.jpg 1440w\">La diputada comenz\u00f3 su carrera pol\u00edtica de la mano del PRO<\/p>\n\n\n\n<p>Fue en la capital bonaerense que la dirigente comenz\u00f3 su carrera pol\u00edtica de la mano del PRO, como legisladora provincial y, luego, como secretaria de Asistencia a la V\u00edctima del municipio gobernado actualmente por Julio Garro.<\/p>\n\n\n\n<p>En el 2019, por diferencias sobre la forma de manejar el poder, P\u00edparo se alej\u00f3 de Juntos por el Cambio y comenz\u00f3 a militar para\u00a0<strong>Jos\u00e9 Luis Espert<\/strong>, con el que comparti\u00f3 la f\u00f3rmula parlamentaria con la que accedi\u00f3 en el 2021 a su banca.<\/p>\n\n\n\n<p>Sin embargo, la relaci\u00f3n entre ambos no fue la mejor en el recinto y a fines de marzo pasado, la diputada tom\u00f3 la decisi\u00f3n de romper definitivamente su alianza con el ex candidato presidencial, precisamente, por las negociaciones que Espert estaba teniendo con JxC, y que luego se materializaron en un acuerdo.<\/p>\n\n\n\n<p>Para ese entonces, la platense ya se mostraba en eventos p\u00fablicos y actividades de campa\u00f1a junto a Milei y&nbsp;<strong>Victoria Villarruel<\/strong>, a quienes ya conoc\u00eda de las sesiones en la C\u00e1mara baja, lo que marc\u00f3 el primer acercamiento a La Libertad Avanza, que luego se intensificar\u00eda.<\/p>\n\n\n\n<p><img decoding=\"async\" loading=\"lazy\" alt=\"Guillermo Britos iba a ser el precandidato a gobernador bonaerense de Milei, pero se baj\u00f3\" height=\"1080\" width=\"1920\" class=\"\" src=\"https:\/\/cloudfront-us-east-1.images.arcpublishing.com\/infobae\/ZBBUBCR5OBCNBLPKIGHQT6WJPQ.jpg\" srcset=\"https:\/\/www.infobae.com\/new-resizer\/SC9h38StLI2E-u0TXQIrDTdSJYs=\/420x236\/filters:format(webp):quality(85)\/cloudfront-us-east-1.images.arcpublishing.com\/infobae\/ZBBUBCR5OBCNBLPKIGHQT6WJPQ.jpg 420w,https:\/\/www.infobae.com\/new-resizer\/l1FGTC5AMSnczOyKXA5SgsOJB0Q=\/768x432\/filters:format(webp):quality(85)\/cloudfront-us-east-1.images.arcpublishing.com\/infobae\/ZBBUBCR5OBCNBLPKIGHQT6WJPQ.jpg 768w,https:\/\/www.infobae.com\/new-resizer\/boWNjavD6sxOwVYoErl_-zIG36A=\/992x558\/filters:format(webp):quality(85)\/cloudfront-us-east-1.images.arcpublishing.com\/infobae\/ZBBUBCR5OBCNBLPKIGHQT6WJPQ.jpg 992w,https:\/\/www.infobae.com\/new-resizer\/anYdhXw7WwUfOzXEVzKwZ-oMN6A=\/1200x675\/filters:format(webp):quality(85)\/cloudfront-us-east-1.images.arcpublishing.com\/infobae\/ZBBUBCR5OBCNBLPKIGHQT6WJPQ.jpg 1200w,https:\/\/www.infobae.com\/new-resizer\/0fzwCLgW4FRFWm6bA_u71X4zOd4=\/1440x810\/filters:format(webp):quality(85)\/cloudfront-us-east-1.images.arcpublishing.com\/infobae\/ZBBUBCR5OBCNBLPKIGHQT6WJPQ.jpg 1440w\">Guillermo Britos iba a ser el precandidato a gobernador bonaerense de Milei, pero se baj\u00f3<\/p>\n\n\n\n<p>Finalmente, en un posteo publicado en las redes sociales, P\u00edparo anunci\u00f3 que se iba de Avanza Libertad, el espacio de Espert, para constituir un monobloque llamado \u201c<strong>Buenos Aires libre<\/strong>\u201d, en referencia a la representaci\u00f3n bonaerense de la legisladora.<\/p>\n\n\n\n<p>\u201cTomo esta decisi\u00f3n bas\u00e1ndome en la coherencia como base rectora para seguir defendiendo los intereses de los miles de bonaerenses que me han elegido para representar desde esta banca las ideas de la libertad\u201d, se\u00f1al\u00f3 la diputada en la nota oficial dirigida a la Presidencia de la C\u00e1mara.<\/p>\n\n\n\n<p>Durante el verano, la dirigente estuvo compartiendo las recorridas de campa\u00f1a de Javier Milei por la Costa Atl\u00e1ntica junto a otros referentes de La Libertad Avanza. Tambi\u00e9n asisti\u00f3 a la \u201cfoto de familia\u201d que encabez\u00f3 el economista con m\u00e1s de mil referentes de su espacio en la zona del dique Luj\u00e1n, en el partido bonaerense de Tigre.<\/p>\n\n\n\n<p>Ahora, tras la renuncia de Britos a ser el precandidato de la fuerza a gobernador bonaerense, la mujer oriunda de La Plata, que siempre mantuvo un discurso de endurecer las pol\u00edticas de seguridad, ser\u00eda la elegida para ocupar ese rol, aunque las negociaciones reci\u00e9n empiezan y no hubo un ofrecimiento formal.<\/p>\n\n\n\n<p>Fuente: Infobae<\/p>\n","protected":false},"excerpt":{"rendered":"<div class=\"mh-excerpt\"><p>El l\u00edder de La Libertad Avanza,&nbsp;Javier Milei, sabe que tiene nueve d\u00edas para encontrar a alguien dispuesto a ocupar el rol de precandidato a gobernador de su espacio en la provincia de Buenos Aires, luego de que el intendente de Chivilcoy,&nbsp;Guillermo Britos, se bajara a \u00faltimo momento. \u201cFaltan solo detalles, pero ya pod\u00e9s ponerle el mo\u00f1o\u201d, hab\u00eda anticipado el referente de la oposici\u00f3n durante una entrevista televisiva, cuando las negociaciones con el jefe comunal, con amplia trayectoria en la Polic\u00eda Federal, todav\u00eda estaban encaminadas. Sin embargo, este mi\u00e9rcoles Britos brind\u00f3 una conferencia de prensa en la que confirm\u00f3 la decisi\u00f3n <a class=\"mh-excerpt-more\" href=\"http:\/\/dsrmedios.com.ar\/diario\/archivos\/35513\" title=\"Javier Milei negocia con Carolina P\u00edparo para que sea su candidata a gobernadora bonaerense\">[Leer m\u00e1s]<\/a><\/p>\n<\/div>","protected":false},"author":8,"featured_media":35514,"comment_status":"open","ping_status":"closed","sticky":false,"template":"","format":"standard","meta":{"_jetpack_newsletter_access":""},"categories":[6],"tags":[],"jetpack_featured_media_url":"http:\/\/dsrmedios.com.ar\/diario\/wp-content\/uploads\/2023\/06\/descarga-2023-06-15T093346.692.jpg","jetpack_sharing_enabled":true,"jetpack_shortlink":"https:\/\/wp.me\/p9fihK-9eN","_links":{"self":[{"href":"http:\/\/dsrmedios.com.ar\/diario\/wp-json\/wp\/v2\/posts\/35513"}],"collection":[{"href":"http:\/\/dsrmedios.com.ar\/diario\/wp-json\/wp\/v2\/posts"}],"about":[{"href":"http:\/\/dsrmedios.com.ar\/diario\/wp-json\/wp\/v2\/types\/post"}],"author":[{"embeddable":true,"href":"http:\/\/dsrmedios.com.ar\/diario\/wp-json\/wp\/v2\/users\/8"}],"replies":[{"embeddable":true,"href":"http:\/\/dsrmedios.com.ar\/diario\/wp-json\/wp\/v2\/comments?post=35513"}],"version-history":[{"count":1,"href":"http:\/\/dsrmedios.com.ar\/diario\/wp-json\/wp\/v2\/posts\/35513\/revisions"}],"predecessor-version":[{"id":35515,"href":"http:\/\/dsrmedios.com.ar\/diario\/wp-json\/wp\/v2\/posts\/35513\/revisions\/35515"}],"wp:featuredmedia":[{"embeddable":true,"href":"http:\/\/dsrmedios.com.ar\/diario\/wp-json\/wp\/v2\/media\/35514"}],"wp:attachment":[{"href":"http:\/\/dsrmedios.com.ar\/diario\/wp-json\/wp\/v2\/media?parent=35513"}],"wp:term":[{"taxonomy":"category","embeddable":true,"href":"http:\/\/dsrmedios.com.ar\/diario\/wp-json\/wp\/v2\/categories?post=35513"},{"taxonomy":"post_tag","embeddable":true,"href":"http:\/\/dsrmedios.com.ar\/diario\/wp-json\/wp\/v2\/tags?post=35513"}],"curies":[{"name":"wp","href":"https:\/\/api.w.org\/{rel}","templated":true}]}}