{"id":35475,"date":"2023-06-14T10:02:29","date_gmt":"2023-06-14T13:02:29","guid":{"rendered":"http:\/\/dsrmedios.com.ar\/diario\/?p=35475"},"modified":"2023-06-14T10:02:32","modified_gmt":"2023-06-14T13:02:32","slug":"dia-del-barrendero-por-que-se-conmemora-el-14-de-junio","status":"publish","type":"post","link":"http:\/\/dsrmedios.com.ar\/diario\/archivos\/35475","title":{"rendered":"D\u00eda del Barrendero: por qu\u00e9 se conmemora el 14 de junio"},"content":{"rendered":"\n<p>Cada 14 de junio se celebra el<strong>&nbsp;D\u00eda del Barrendero&nbsp;<\/strong>en homenajea a Mauricio Silva, sacerdote uruguayo que barr\u00eda las calles de la ciudad de Buenos Aires y desapareci\u00f3 en 1977.<\/p>\n\n\n\n<p>Se instaur\u00f3 en 2014 con la aprobaci\u00f3n de una ley del Congreso de la Naci\u00f3n. La Diputada Nacional del Movimiento Evita Adela Segarra fue la autora de la ley que conmemora este d\u00eda.&nbsp;Con esta iniciativa se busca homenajear a los barrenderos que cada d\u00eda realizan una tarea que no es siempre bien valorada y a su vez reconocer en Silva a todos los trabajadores.<\/p>\n\n\n\n<h2>Qui\u00e9n era Mauricio Silva<\/h2>\n\n\n\n<p>En 1977 el sacerdote y barrendero uruguayo fue secuestrado por la dictadura c\u00edvico militar mientras barr\u00eda las calles del barrio porte\u00f1o de Villa General Mitre. En setiembre de 1980 muri\u00f3, luego de haber sufrido multiples torturas,&nbsp;fue arrojado desde un auto a la calle.<\/p>\n\n\n\n<p>Los trabajadores que realizan la limpieza de las calles y paseos p\u00fablicos de la ciudad tienen hoy\u00a0<strong>asueto administrativo<\/strong>.<\/p>\n\n\n\n<p>Fuente: Minutouno<\/p>\n","protected":false},"excerpt":{"rendered":"<div class=\"mh-excerpt\"><p>Cada 14 de junio se celebra el&nbsp;D\u00eda del Barrendero&nbsp;en homenajea a Mauricio Silva, sacerdote uruguayo que barr\u00eda las calles de la ciudad de Buenos Aires y desapareci\u00f3 en 1977. Se instaur\u00f3 en 2014 con la aprobaci\u00f3n de una ley del Congreso de la Naci\u00f3n. La Diputada Nacional del Movimiento Evita Adela Segarra fue la autora de la ley que conmemora este d\u00eda.&nbsp;Con esta iniciativa se busca homenajear a los barrenderos que cada d\u00eda realizan una tarea que no es siempre bien valorada y a su vez reconocer en Silva a todos los trabajadores. Qui\u00e9n era Mauricio Silva En 1977 el <a class=\"mh-excerpt-more\" href=\"http:\/\/dsrmedios.com.ar\/diario\/archivos\/35475\" title=\"D\u00eda del Barrendero: por qu\u00e9 se conmemora el 14 de junio\">[Leer m\u00e1s]<\/a><\/p>\n<\/div>","protected":false},"author":8,"featured_media":35476,"comment_status":"open","ping_status":"closed","sticky":false,"template":"","format":"standard","meta":{"_jetpack_newsletter_access":""},"categories":[43],"tags":[],"jetpack_featured_media_url":"http:\/\/dsrmedios.com.ar\/diario\/wp-content\/uploads\/2023\/06\/descarga-2023-06-14T100157.971.jpg","jetpack_sharing_enabled":true,"jetpack_shortlink":"https:\/\/wp.me\/p9fihK-9eb","_links":{"self":[{"href":"http:\/\/dsrmedios.com.ar\/diario\/wp-json\/wp\/v2\/posts\/35475"}],"collection":[{"href":"http:\/\/dsrmedios.com.ar\/diario\/wp-json\/wp\/v2\/posts"}],"about":[{"href":"http:\/\/dsrmedios.com.ar\/diario\/wp-json\/wp\/v2\/types\/post"}],"author":[{"embeddable":true,"href":"http:\/\/dsrmedios.com.ar\/diario\/wp-json\/wp\/v2\/users\/8"}],"replies":[{"embeddable":true,"href":"http:\/\/dsrmedios.com.ar\/diario\/wp-json\/wp\/v2\/comments?post=35475"}],"version-history":[{"count":1,"href":"http:\/\/dsrmedios.com.ar\/diario\/wp-json\/wp\/v2\/posts\/35475\/revisions"}],"predecessor-version":[{"id":35477,"href":"http:\/\/dsrmedios.com.ar\/diario\/wp-json\/wp\/v2\/posts\/35475\/revisions\/35477"}],"wp:featuredmedia":[{"embeddable":true,"href":"http:\/\/dsrmedios.com.ar\/diario\/wp-json\/wp\/v2\/media\/35476"}],"wp:attachment":[{"href":"http:\/\/dsrmedios.com.ar\/diario\/wp-json\/wp\/v2\/media?parent=35475"}],"wp:term":[{"taxonomy":"category","embeddable":true,"href":"http:\/\/dsrmedios.com.ar\/diario\/wp-json\/wp\/v2\/categories?post=35475"},{"taxonomy":"post_tag","embeddable":true,"href":"http:\/\/dsrmedios.com.ar\/diario\/wp-json\/wp\/v2\/tags?post=35475"}],"curies":[{"name":"wp","href":"https:\/\/api.w.org\/{rel}","templated":true}]}}