{"id":35443,"date":"2023-06-14T09:23:26","date_gmt":"2023-06-14T12:23:26","guid":{"rendered":"http:\/\/dsrmedios.com.ar\/diario\/?p=35443"},"modified":"2023-06-14T09:23:30","modified_gmt":"2023-06-14T12:23:30","slug":"tras-postergarse-su-incorporacion-a-juntos-por-el-cambio-schiaretti-inscribira-una-alianza-para-competir-en-las-paso","status":"publish","type":"post","link":"http:\/\/dsrmedios.com.ar\/diario\/archivos\/35443","title":{"rendered":"Tras postergarse su incorporaci\u00f3n a Juntos por el Cambio, Schiaretti inscribir\u00e1 una alianza para competir en las PASO"},"content":{"rendered":"\n<p>El gobernador de C\u00f3rdoba<strong>&nbsp;Juan Schiaretti<\/strong>&nbsp;adelant\u00f3 que inscribir\u00e1 este mi\u00e9rcoles en la Justicia Electoral la alianza con la que participar\u00e1 en las Primarias Abiertas Simult\u00e1neas y Obligatorias (PASO), luego de que se postergara su incorporaci\u00f3n a Juntos por el Cambio ante la falta de acuerdo con un sector del PRO. Su intenci\u00f3n es pelear por la Presidencia y representar al peronismo no kirchnerista.<\/p>\n\n\n\n<p>Seg\u00fan adelantaron en un comunicado, la alianza \u201cHacemos por Nuestro Pa\u00eds\u201d estar\u00e1 integrada por peronistas no kirchneristas, el Partido Socialista, el Partido Dem\u00f3crata Cristiano, el Partido Autonomista y otras fuerzas provinciales. \u201cYo espero que en esta fuerza que estamos creando tambi\u00e9n puedan participar aquellos que coinciden con nosotros de que la prioridad tiene que ser la producci\u00f3n, el trabajo, abandonar la grieta que es lo que nos impide gobernar como corresponde y tambi\u00e9n ser un pa\u00eds normal porque lo que precisamos es ser un pa\u00eds normal\u201d, hab\u00eda expresado Schiaretti cuando anunci\u00f3 su candidatura a presidente.<\/p>\n\n\n\n<p>En la \u00faltima semana, Schiaretti fue el protagonista de la interna que se desat\u00f3 en Juntos por el Cambio ante la posibilidad de sumarse a la coalici\u00f3n. La idea fue impulsada por&nbsp;<strong>Horacio Rodr\u00edguez Larreta<\/strong>&nbsp;y<strong>&nbsp;Gerardo Morales<\/strong>, pero resistida por el ala dura del PRO, encabezado por&nbsp;<strong>Patricia Bullrich<\/strong>. Adem\u00e1s, el radicalismo de C\u00f3rdoba tambi\u00e9n expres\u00f3 su malestar al verse perjudicados en su armado electoral que hoy encabeza<strong>&nbsp;Luis Juez<\/strong>.<\/p>\n\n\n\n<p><img decoding=\"async\" loading=\"lazy\" alt=\"Gerardo Morales, Horacio Rodr\u00edguez Larreta y Mart\u00edn Lousteau\n\" height=\"683\" width=\"1024\" class=\"\" src=\"https:\/\/cloudfront-us-east-1.images.arcpublishing.com\/infobae\/EPSKAHIQDVCPDL66AC47YVFE3U.jpeg\" srcset=\"https:\/\/www.infobae.com\/new-resizer\/aiWMzSc_11VEudd6beYWi9R-t9Q=\/420x280\/filters:format(webp):quality(85)\/cloudfront-us-east-1.images.arcpublishing.com\/infobae\/EPSKAHIQDVCPDL66AC47YVFE3U.jpeg 420w,https:\/\/www.infobae.com\/new-resizer\/6wsu9Y1bjm2kw64gIPFt68scGRQ=\/768x512\/filters:format(webp):quality(85)\/cloudfront-us-east-1.images.arcpublishing.com\/infobae\/EPSKAHIQDVCPDL66AC47YVFE3U.jpeg 768w,https:\/\/www.infobae.com\/new-resizer\/XupjiMkXUMD-GEeRarbXe3rKV_g=\/992x661\/filters:format(webp):quality(85)\/cloudfront-us-east-1.images.arcpublishing.com\/infobae\/EPSKAHIQDVCPDL66AC47YVFE3U.jpeg 992w,https:\/\/www.infobae.com\/new-resizer\/SH1tsXWm2KUfSW9PhY_YoFxTlwg=\/1200x800\/filters:format(webp):quality(85)\/cloudfront-us-east-1.images.arcpublishing.com\/infobae\/EPSKAHIQDVCPDL66AC47YVFE3U.jpeg 1200w,https:\/\/www.infobae.com\/new-resizer\/qpMPYzrzWrAisS85H66jeDZeUBM=\/1440x960\/filters:format(webp):quality(85)\/cloudfront-us-east-1.images.arcpublishing.com\/infobae\/EPSKAHIQDVCPDL66AC47YVFE3U.jpeg 1440w\">Gerardo Morales, Horacio Rodr\u00edguez Larreta y Mart\u00edn Lousteau<\/p>\n\n\n\n<p>La posibilidad de incorporar a Schiaretti fracas\u00f3 durante el encuentro que se realiz\u00f3 en el Comit\u00e9 Nacional de la UCR, donde la Mesa Nacional de Juntos por el Cambio no consigui\u00f3 la unanimidad en los votos necesaria para su aprobaci\u00f3n. Sin embargo, en el larretismo creen que el acuerdo con Schiaretti deber\u00eda darse\u00a0<strong>antes de las PASO.<\/strong><\/p>\n\n\n\n<p><strong>\u201cNunca doy una discusi\u00f3n por cerrada,<\/strong>&nbsp;hay distintas etapas para sumar, puede haber mecanismos diferentes, pero yo no voy a cambiar mi vocaci\u00f3n de sumar\u201d, dijo Rodr\u00edguez Larreta durante una entrevista radical y agreg\u00f3: \u201cYo sigo teniendo la vocaci\u00f3n de sumar,&nbsp;<strong>sea ahora, la semana que viene, despu\u00e9s de las PASO, despu\u00e9s de las elecciones,<\/strong>&nbsp;en todo momento tenemos que tener esta actitud\u201d.<\/p>\n\n\n\n<p>En el c\u00edrculo larretista saben que el jefe de Gobierno apost\u00f3&nbsp;<strong>demasiado fuerte<\/strong>&nbsp;a su idea de aliarse a Juan Schiaretti, pero no se arrepienten. Creen que hab\u00eda que dar un&nbsp;<strong>golpe de efecto<\/strong>&nbsp;en una campa\u00f1a que transcurr\u00eda con m\u00e1s comodidad para Bullrich. Y se quejan de la&nbsp;<strong>sobreactuaci\u00f3n&nbsp;<\/strong>de Luis Juez y de los \u201chalcones\u201d porque est\u00e1n convencidos de que la propuesta del ingreso del gobernador de C\u00f3rdoba&nbsp;<strong>no alterar\u00e1&nbsp;<\/strong>el resultado en las elecciones de esa provincia, que tendr\u00e1n lugar el 25 de este mes.<\/p>\n\n\n\n<p>En paralelo, la Convenci\u00f3n de la UCR aprob\u00f3 una declaraci\u00f3n titulada \u201cDel dolor a la esperanza\u201d, en la que llamaron a \u201cafianzar, ampliar y mejorar la coalici\u00f3n: para que se incorporen todos aquellos que comparten nuestros valores y nuestros objetivos generales en este momento cr\u00edtico, para que funcione mejor y m\u00e1s previsiblemente, minimizando las incertidumbres. Y para evitar ser el eco de irresponsables salidas a la crisis\u201d.<\/p>\n\n\n\n<p>\u201cMe parece que ayer tuvimos un ejemplo contundente de qu\u00e9 significa ampliar. Si uno mira la coalici\u00f3n en Mendoza es una coalici\u00f3n muy amplia, donde inclusive est\u00e1 Libres del Sur. Si uno mira la coalici\u00f3n que triunf\u00f3 ayer en Corrientes, es una coalici\u00f3n hiper amplia. Uno mira Jujuy, lo mismo. La Ciudad de Buenos Aires, lo mismo, ac\u00e1 est\u00e1 el PRO, el radicalismo, la Coalici\u00f3n C\u00edvica, Confianza P\u00fablica y el Socialismo\u201d, agreg\u00f3 Mart\u00edn Lousteau durante una breve rueda de prensa.<\/p>\n\n\n\n<p>Fuente: Infobae<\/p>\n","protected":false},"excerpt":{"rendered":"<div class=\"mh-excerpt\"><p>El gobernador de C\u00f3rdoba&nbsp;Juan Schiaretti&nbsp;adelant\u00f3 que inscribir\u00e1 este mi\u00e9rcoles en la Justicia Electoral la alianza con la que participar\u00e1 en las Primarias Abiertas Simult\u00e1neas y Obligatorias (PASO), luego de que se postergara su incorporaci\u00f3n a Juntos por el Cambio ante la falta de acuerdo con un sector del PRO. Su intenci\u00f3n es pelear por la Presidencia y representar al peronismo no kirchnerista. Seg\u00fan adelantaron en un comunicado, la alianza \u201cHacemos por Nuestro Pa\u00eds\u201d estar\u00e1 integrada por peronistas no kirchneristas, el Partido Socialista, el Partido Dem\u00f3crata Cristiano, el Partido Autonomista y otras fuerzas provinciales. \u201cYo espero que en esta fuerza que <a class=\"mh-excerpt-more\" href=\"http:\/\/dsrmedios.com.ar\/diario\/archivos\/35443\" title=\"Tras postergarse su incorporaci\u00f3n a Juntos por el Cambio, Schiaretti inscribir\u00e1 una alianza para competir en las PASO\">[Leer m\u00e1s]<\/a><\/p>\n<\/div>","protected":false},"author":8,"featured_media":35444,"comment_status":"open","ping_status":"closed","sticky":false,"template":"","format":"standard","meta":{"_jetpack_newsletter_access":""},"categories":[6],"tags":[],"jetpack_featured_media_url":"http:\/\/dsrmedios.com.ar\/diario\/wp-content\/uploads\/2023\/06\/AJMCYMB3XRCI7BIHBRTM42SSZU.webp","jetpack_sharing_enabled":true,"jetpack_shortlink":"https:\/\/wp.me\/p9fihK-9dF","_links":{"self":[{"href":"http:\/\/dsrmedios.com.ar\/diario\/wp-json\/wp\/v2\/posts\/35443"}],"collection":[{"href":"http:\/\/dsrmedios.com.ar\/diario\/wp-json\/wp\/v2\/posts"}],"about":[{"href":"http:\/\/dsrmedios.com.ar\/diario\/wp-json\/wp\/v2\/types\/post"}],"author":[{"embeddable":true,"href":"http:\/\/dsrmedios.com.ar\/diario\/wp-json\/wp\/v2\/users\/8"}],"replies":[{"embeddable":true,"href":"http:\/\/dsrmedios.com.ar\/diario\/wp-json\/wp\/v2\/comments?post=35443"}],"version-history":[{"count":1,"href":"http:\/\/dsrmedios.com.ar\/diario\/wp-json\/wp\/v2\/posts\/35443\/revisions"}],"predecessor-version":[{"id":35445,"href":"http:\/\/dsrmedios.com.ar\/diario\/wp-json\/wp\/v2\/posts\/35443\/revisions\/35445"}],"wp:featuredmedia":[{"embeddable":true,"href":"http:\/\/dsrmedios.com.ar\/diario\/wp-json\/wp\/v2\/media\/35444"}],"wp:attachment":[{"href":"http:\/\/dsrmedios.com.ar\/diario\/wp-json\/wp\/v2\/media?parent=35443"}],"wp:term":[{"taxonomy":"category","embeddable":true,"href":"http:\/\/dsrmedios.com.ar\/diario\/wp-json\/wp\/v2\/categories?post=35443"},{"taxonomy":"post_tag","embeddable":true,"href":"http:\/\/dsrmedios.com.ar\/diario\/wp-json\/wp\/v2\/tags?post=35443"}],"curies":[{"name":"wp","href":"https:\/\/api.w.org\/{rel}","templated":true}]}}