{"id":35437,"date":"2023-06-14T09:18:45","date_gmt":"2023-06-14T12:18:45","guid":{"rendered":"http:\/\/dsrmedios.com.ar\/diario\/?p=35437"},"modified":"2023-06-14T09:18:49","modified_gmt":"2023-06-14T12:18:49","slug":"comienzan-diez-dias-politicos-freneticos-con-combinacion-no-deseada-entre-inflacion-y-cierre-de-alianzas","status":"publish","type":"post","link":"http:\/\/dsrmedios.com.ar\/diario\/archivos\/35437","title":{"rendered":"Comienzan diez d\u00edas pol\u00edticos fren\u00e9ticos, con combinaci\u00f3n no deseada entre inflaci\u00f3n y cierre de alianzas"},"content":{"rendered":"\n<p>Capricho de calendario, este mi\u00e9rcoles se combinan dos datos fuertes en la agenda nacional. Cierra el plazo para&nbsp;<strong>formalizar alianzas electorales<\/strong>&nbsp;y el INDEC difunde&nbsp;<strong>el registro de la inflaci\u00f3n de mayo<\/strong>. Es una combinaci\u00f3n&nbsp;<strong>indeseada<\/strong>&nbsp;especialmente para el oficialismo, pero tambi\u00e9n para la pol\u00edtica en general, porque expone&nbsp;<strong>un factor determinante de la delicada situaci\u00f3n econ\u00f3mica y social, en el arranque de un tramo pol\u00edtico fren\u00e9tico:&nbsp;<\/strong>los diez d\u00edas que terminar\u00e1n de definir las candidaturas a presidente y el armado de todas las listas para competir en las PASO.<\/p>\n\n\n\n<p>La semana comenz\u00f3 con cuatro elecciones y junto a los resultados, se anotaron&nbsp;<strong>gestos, interpretaciones y mensajes vinculados con las internas<\/strong>. El oficialismo est\u00e1 pendiente de las decisiones que tome&nbsp;<strong>Cristina Fern\u00e1ndez de Kirchner<\/strong>, en base al eje con&nbsp;<strong>Sergio Massa,<\/strong>&nbsp;y con Olivos en lugar relegado, mientras&nbsp;<strong>Daniel Scioli<\/strong>&nbsp;parece dispuesto a resistir presiones y hay pulseada por las normas para las primarias. Ese es un elemento poco visible&nbsp;<strong>pero significativo para todos los espacios<\/strong>. Ocupa un lugar destacado tambi\u00e9n en las tratativas dentro de Juntos por el Cambio. La posibilidad de modificar las marcas de las coaliciones no ser\u00eda a esta altura un problema serio.<\/p>\n\n\n\n<p>Ese \u00faltimo era un punto delicado para JxC, a ra\u00edz del intento de sumar ya a&nbsp;<strong>Juan Schiaretti<\/strong>, como opci\u00f3n electoral jugada en la batalla dom\u00e9stica y con referencias a la gobernabilidad para el caso de un triunfo electoral.&nbsp;<strong>Es un debate abierto<\/strong>. Por lo pronto, el gobernador cordob\u00e9s adelant\u00f3 que inscribir\u00e1 su propio frente. Los&nbsp;<strong>recelos y tensiones<\/strong>&nbsp;siguen con alineamientos sin vueltas, te\u00f1idos b\u00e1sicamente por la pelea entre&nbsp;<strong>Horacio Rodr\u00edguez Larreta<\/strong>&nbsp;y&nbsp;<strong>Patricia Bullrich<\/strong>, y sus respetivos aliados.<\/p>\n\n\n\n<p>En el oficialismo, la posibilidad de anotar una \u201cnueva\u201d estructura electoral emergi\u00f3 como&nbsp;<strong>una amenaza para tratar de bajar la candidatura de Scioli o dejarlo afuera del sello oficial<\/strong>. Ser\u00eda ahora una cuesti\u00f3n de&nbsp;<strong>marketing pol\u00edtico<\/strong>, mientras la disputa se traduce en&nbsp;<strong>las presiones para imponer las reglas de las primarias<\/strong>. Se trata, centralmente, de los pisos y el sistema de reparto de lugares en las listas legislativas entre ganadores y perdedores. Es un mecanismo que de igual modo&nbsp;<strong>altera los \u00e1nimos y alimenta recelos en el principal espacio de oposici\u00f3n<\/strong>.<\/p>\n\n\n\n<p>La hip\u00f3tesis extendida en el Frente de Todos se resume en que finalmente habr\u00eda internas y no candidato de \u201cconsenso\u201d, es decir, n\u00f3mina \u00fanica, al menos para la carrera presidencial. La idea de una \u00fanica f\u00f3rmula sigue siendo&nbsp;<strong>un punto central en la sociedad que integran CFK y Massa<\/strong>, aunque existen otros pronunciamientos que suenan similares pero exponen&nbsp;<strong>diferentes mensajes e intereses<\/strong>. Por ejemplo,&nbsp;<strong>la posici\u00f3n de los gobernadores peronistas<\/strong>&nbsp;y, en su escala, de&nbsp;<strong>los intendentes del Gran Buenos Aires<\/strong>. Existen conversaciones cruzadas y hasta fotos simb\u00f3licas.<\/p>\n\n\n\n<p>El festejo del amplio triunfo del peronismo en Tucum\u00e1n -con JxC celebrando con postales&nbsp;<strong>diferenciadas<\/strong>&nbsp;en San Luis, Mendoza y Corrientes- expuso en parte qu\u00e9 ocurre con&nbsp;<strong>otro jugador fuerte de la interna<\/strong>: los jefes provinciales.&nbsp;<strong>Juan Manzur<\/strong>&nbsp;y&nbsp;<strong>Osvaldo Jaldo<\/strong>&nbsp;-gobernador electo- se mostraron con el riojano&nbsp;<strong>Ricardo Quintela<\/strong>, el formose\u00f1o&nbsp;<strong>Gildo Insfr\u00e1n<\/strong>, el catamarque\u00f1o&nbsp;<strong>Ra\u00fal Jalil<\/strong>&nbsp;y el santiague\u00f1o&nbsp;<strong>Gerardo Zamora<\/strong>. Lleg\u00f3 para la foto -antes que el programado viaje del Presidente-&nbsp;<strong>Eduardo \u201cWado\u201d de Pedro<\/strong>. El ministro&nbsp;<strong>no se vio con los gobernadores visitantes, pero s\u00ed con los ganadores locales<\/strong>.<\/p>\n\n\n\n<p><img decoding=\"async\" loading=\"lazy\" alt=\"Patricia Bullrich y Horacio Rodr\u00edguez Larreta: una disputa que ti\u00f1e a todo Juntos por el Cambio\" height=\"1080\" width=\"1920\" class=\"\" src=\"https:\/\/cloudfront-us-east-1.images.arcpublishing.com\/infobae\/NERG3JL4WRCYZPN6JMYV5CD4KI.jpg\" srcset=\"https:\/\/www.infobae.com\/new-resizer\/X6oSW86Lu8akBP9TqqDmfAg588E=\/420x236\/filters:format(webp):quality(85)\/cloudfront-us-east-1.images.arcpublishing.com\/infobae\/NERG3JL4WRCYZPN6JMYV5CD4KI.jpg 420w,https:\/\/www.infobae.com\/new-resizer\/YaWNOp9IBq74mPujVyTsKxBpwz4=\/768x432\/filters:format(webp):quality(85)\/cloudfront-us-east-1.images.arcpublishing.com\/infobae\/NERG3JL4WRCYZPN6JMYV5CD4KI.jpg 768w,https:\/\/www.infobae.com\/new-resizer\/g5-b1VAANShQizWUQ-ix-SeEqZA=\/992x558\/filters:format(webp):quality(85)\/cloudfront-us-east-1.images.arcpublishing.com\/infobae\/NERG3JL4WRCYZPN6JMYV5CD4KI.jpg 992w,https:\/\/www.infobae.com\/new-resizer\/bDMQue4GXmrAmJxjqcfF6VJ9h04=\/1200x675\/filters:format(webp):quality(85)\/cloudfront-us-east-1.images.arcpublishing.com\/infobae\/NERG3JL4WRCYZPN6JMYV5CD4KI.jpg 1200w,https:\/\/www.infobae.com\/new-resizer\/JZQUJJIAcIzGdYE2onWTR4tAQT4=\/1440x810\/filters:format(webp):quality(85)\/cloudfront-us-east-1.images.arcpublishing.com\/infobae\/NERG3JL4WRCYZPN6JMYV5CD4KI.jpg 1440w\">Patricia Bullrich y Horacio Rodr\u00edguez Larreta: una disputa que ti\u00f1e a todo Juntos por el Cambio<\/p>\n\n\n\n<p>Los gobernadores reclaman lista de unidad. Pero no se trata de un gesto para sintonizar con CFK y Massa, sino de un mensaje m\u00e1s amplio y b\u00e1sico:&nbsp;<strong>rechazan que les trasladen las fisuras de la interna nacional a sus distritos<\/strong>. Los que ya revalidaron t\u00edtulos, porque no quieren agotarse en una nueva carrera -es una cuesti\u00f3n tambi\u00e9n financiera- y dividir legisladores nacionales. Y los que est\u00e1n por competir por reelecciones, porque podr\u00edan complicar sus planes.<\/p>\n\n\n\n<p>Por supuesto,&nbsp;<strong>existen ambiciones y contactos,&nbsp;<\/strong>para sentarse en la mesa grande y no \u00fanicamente como opci\u00f3n a vice. Eso \u00faltimo est\u00e1 en la l\u00f3gica de Massa, De Pedro y Scioli.&nbsp;<strong>Hubo contactos desde esas dos veredas con gobernadores<\/strong>. Con todo, CFK y su c\u00edrculo privilegian&nbsp;<strong>el objetivo de conservaci\u00f3n de la provincia de Buenos Aires<\/strong>. En ese pa\u00f1o juega el nombre de&nbsp;<strong>Axel Kicillof<\/strong>&nbsp;y hasta un refuerzo en las listas de diputados y senadores con nombres que circulan en la carrera nacional.<\/p>\n\n\n\n<p>El sentido de la \u00fanica lista&nbsp;<strong>var\u00eda para diferentes integrantes del conglomerado oficialista<\/strong>. Otro ejemplo claro es la renovada&nbsp;<strong>tensi\u00f3n \u201cterritorial\u201d<\/strong>&nbsp;entre intendentes del GBA y movimientos sociales. Unos trabajan para conservar el poder local y reclaman no ir a elecciones primarias en sus distritos. Los otros quieren tener habilitada la posibilidad de competir por algunas intendencias bajo el mismo sello del frente oficialista.<\/p>\n\n\n\n<p>El \u00faltimo turno electoral&nbsp;<strong>exhibi\u00f3 mensajes hacia el frente dom\u00e9stico tambi\u00e9n en JxC<\/strong>. Lo m\u00e1s a la vista resultaron las fotos y algunos movimientos posteriores. Rodr\u00edguez Larreta,&nbsp;<strong>Gerardo Morales<\/strong>&nbsp;,&nbsp;<strong>Mart\u00edn Lousteau<\/strong>&nbsp;y&nbsp;<strong>Jos\u00e9 Luis Espert<\/strong>, entre otros, coordinaron su presencia en San Luis, para celebrar el fuerte triunfo de&nbsp;<strong>Claudio Poggi<\/strong>. Bullrich viaj\u00f3 a Mendoza para subir al escenario de&nbsp;<strong>Alfredo Cornejo<\/strong>&nbsp;y 24 horas despu\u00e9s sum\u00f3 foto con&nbsp;<strong>Luis Juez<\/strong>&nbsp;y&nbsp;<strong>Carolina Losada<\/strong>.<\/p>\n\n\n\n<p>M\u00e1s de fondo, y con mensaje hacia el interior de la coalici\u00f3n, fue la interpretaci\u00f3n sobre lo sucedido el domingo. Rodr\u00edguez Larreta y en la misma l\u00ednea Morales buscaron&nbsp;<strong>asimilar el triunfo de la alianza amplia en San Luis con la movida para sumar a Schiaretti<\/strong>: agrandar JxC para ganarle al kirchnerismo, ser\u00eda la conclusi\u00f3n. En las filas de Bullrich, ese resultado -junto a las primarias de Mendoza y las legislativas de Corrientes-&nbsp;<strong>fue destacado como prueba de \u201cfortaleza\u201d de la sociedad opositora<\/strong>. Una manera de confrontar con el discurso del otro marge interno que habla de la necesidad de ampliar la integraci\u00f3n de JxC ante el drenaje en las encuestas.<\/p>\n\n\n\n<p>Los principales espacios pol\u00edticos llegan as\u00ed al cierre de la anotaci\u00f3n de alianzas en\u00a0<strong>clima de v\u00e9rtigo<\/strong>\u00a0por la definici\u00f3n de candidaturas. Este mi\u00e9rcoles, compartir\u00e1n foco con la informaci\u00f3n sobre el IPC de mayo. Las consultoras privadas lo ubican\u00a0<strong>en torno de los 9 puntos porcentuales<\/strong>. En Econom\u00eda, esperan que\u00a0<strong>sea algo inferior, parecido al 8,4% de abril<\/strong>. Son n\u00fameros mayores y consolidan, en cualquier caso, una trepada interanual con\u00a0<strong>especial impacto\u00a0<\/strong>en las canastas que miden indigencia y pobreza. Ese es el dato que\u00a0<strong>expone con crudeza el cuadro social, en el largo camino a las elecciones<\/strong>.<\/p>\n\n\n\n<p>Fuente: Infobae<\/p>\n","protected":false},"excerpt":{"rendered":"<div class=\"mh-excerpt\"><p>Capricho de calendario, este mi\u00e9rcoles se combinan dos datos fuertes en la agenda nacional. Cierra el plazo para&nbsp;formalizar alianzas electorales&nbsp;y el INDEC difunde&nbsp;el registro de la inflaci\u00f3n de mayo. Es una combinaci\u00f3n&nbsp;indeseada&nbsp;especialmente para el oficialismo, pero tambi\u00e9n para la pol\u00edtica en general, porque expone&nbsp;un factor determinante de la delicada situaci\u00f3n econ\u00f3mica y social, en el arranque de un tramo pol\u00edtico fren\u00e9tico:&nbsp;los diez d\u00edas que terminar\u00e1n de definir las candidaturas a presidente y el armado de todas las listas para competir en las PASO. La semana comenz\u00f3 con cuatro elecciones y junto a los resultados, se anotaron&nbsp;gestos, interpretaciones y mensajes vinculados <a class=\"mh-excerpt-more\" href=\"http:\/\/dsrmedios.com.ar\/diario\/archivos\/35437\" title=\"Comienzan diez d\u00edas pol\u00edticos fren\u00e9ticos, con combinaci\u00f3n no deseada entre inflaci\u00f3n y cierre de alianzas\">[Leer m\u00e1s]<\/a><\/p>\n<\/div>","protected":false},"author":8,"featured_media":35438,"comment_status":"open","ping_status":"closed","sticky":false,"template":"","format":"standard","meta":{"_jetpack_newsletter_access":""},"categories":[6],"tags":[],"jetpack_featured_media_url":"http:\/\/dsrmedios.com.ar\/diario\/wp-content\/uploads\/2023\/06\/images-90.jpg","jetpack_sharing_enabled":true,"jetpack_shortlink":"https:\/\/wp.me\/p9fihK-9dz","_links":{"self":[{"href":"http:\/\/dsrmedios.com.ar\/diario\/wp-json\/wp\/v2\/posts\/35437"}],"collection":[{"href":"http:\/\/dsrmedios.com.ar\/diario\/wp-json\/wp\/v2\/posts"}],"about":[{"href":"http:\/\/dsrmedios.com.ar\/diario\/wp-json\/wp\/v2\/types\/post"}],"author":[{"embeddable":true,"href":"http:\/\/dsrmedios.com.ar\/diario\/wp-json\/wp\/v2\/users\/8"}],"replies":[{"embeddable":true,"href":"http:\/\/dsrmedios.com.ar\/diario\/wp-json\/wp\/v2\/comments?post=35437"}],"version-history":[{"count":1,"href":"http:\/\/dsrmedios.com.ar\/diario\/wp-json\/wp\/v2\/posts\/35437\/revisions"}],"predecessor-version":[{"id":35439,"href":"http:\/\/dsrmedios.com.ar\/diario\/wp-json\/wp\/v2\/posts\/35437\/revisions\/35439"}],"wp:featuredmedia":[{"embeddable":true,"href":"http:\/\/dsrmedios.com.ar\/diario\/wp-json\/wp\/v2\/media\/35438"}],"wp:attachment":[{"href":"http:\/\/dsrmedios.com.ar\/diario\/wp-json\/wp\/v2\/media?parent=35437"}],"wp:term":[{"taxonomy":"category","embeddable":true,"href":"http:\/\/dsrmedios.com.ar\/diario\/wp-json\/wp\/v2\/categories?post=35437"},{"taxonomy":"post_tag","embeddable":true,"href":"http:\/\/dsrmedios.com.ar\/diario\/wp-json\/wp\/v2\/tags?post=35437"}],"curies":[{"name":"wp","href":"https:\/\/api.w.org\/{rel}","templated":true}]}}