{"id":35431,"date":"2023-06-14T09:14:15","date_gmt":"2023-06-14T12:14:15","guid":{"rendered":"http:\/\/dsrmedios.com.ar\/diario\/?p=35431"},"modified":"2023-06-14T09:14:18","modified_gmt":"2023-06-14T12:14:18","slug":"el-peronismo-definio-cambiar-el-nombre-del-frente-electoral-y-en-un-clima-tenso-negocia-contrarreloj-las-reglas-de-juego","status":"publish","type":"post","link":"http:\/\/dsrmedios.com.ar\/diario\/archivos\/35431","title":{"rendered":"El peronismo defini\u00f3 cambiar el nombre del frente electoral y en un clima tenso negocia contrarreloj las reglas de juego"},"content":{"rendered":"\n<p><strong>\u201cLa negociaci\u00f3n est\u00e1 trabada en si hay PASO o no, y en los pisos para integrar las listas de candidatos\u201d<\/strong>, asegur\u00f3 un funcionario nacional en la tarde este martes, respecto a los idas y vueltas que hay para lograr un acuerdo en la antesala del vencimiento para presentar alianzas en la justicia electoral. Ah\u00ed reside el principal problema, pero para resolverlo a\u00fan hay tiempo.<\/p>\n\n\n\n<p>Una de las pocas certezas por estas horas es que&nbsp;<strong>el Frente de Todos dejar\u00e1 de existir.<\/strong>&nbsp;La alianza electoral se llamar\u00e1 de otra forma y a\u00fan no est\u00e1 cerrada su composici\u00f3n. Hasta esta noche hay tiempo de armar el rompecabezas de partidos pol\u00edticos y presentar el frente nacional en el juzgado federal N\u00b01, con competencia electoral, que tiene a cargo la hist\u00f3rica jueza Mar\u00eda Servini de Cubr\u00eda.<\/p>\n\n\n\n<p>En paralelo, los apoderados en la provincia de Buenos Aires presentar\u00e1n en el Tribunal N\u00b01 de La Plata, a cargo del juez Alejo Ramos Padilla, la composici\u00f3n del frente donde se inscriben los legisladores nacionales que compiten por el territorio bonaerense. Y en la Junta Electoral de Buenos Aires se presentar\u00e1 el frente que contiene la candidatura del gobernador, los intendentes, los legisladores provinciales, los concejales y los comuneros. Tres frentes para un mismo armado electoral.<\/p>\n\n\n\n<p>Durante los \u00faltimos d\u00edas, seg\u00fan pudo reconstruir<strong>&nbsp;Infobae<\/strong>, el oficialismo hizo focus group para saber el grado de aceptaci\u00f3n de los posibles nombres. A\u00fan no est\u00e1 claro cu\u00e1l ser\u00e1 el nuevo sello, pero desde el oficialismo dejan trascender que<strong>&nbsp;la palabra \u201ctodos\u201d ya no estar\u00e1.<\/strong>&nbsp;La marca que se form\u00f3 en el 2019 y represent\u00f3 el regreso del peronismo al poder, dejar\u00e1 de existir a partir de ma\u00f1ana.<\/p>\n\n\n\n<p><img decoding=\"async\" loading=\"lazy\" alt=\"El peronismo cambiar\u00e1 el nombre del frente electoral (Gustavo Gavotti)\" height=\"1080\" width=\"1920\" class=\"\" src=\"https:\/\/cloudfront-us-east-1.images.arcpublishing.com\/infobae\/UKP4B5QIYJDQ5BDWUP66QCWYHY.jpg\" srcset=\"https:\/\/www.infobae.com\/new-resizer\/7JIDNw3NpwMgHZusNdnQHLZ0fAI=\/420x236\/filters:format(webp):quality(85)\/cloudfront-us-east-1.images.arcpublishing.com\/infobae\/UKP4B5QIYJDQ5BDWUP66QCWYHY.jpg 420w,https:\/\/www.infobae.com\/new-resizer\/amMn7RRsRl9bVtLBiNk75cMO0a8=\/768x432\/filters:format(webp):quality(85)\/cloudfront-us-east-1.images.arcpublishing.com\/infobae\/UKP4B5QIYJDQ5BDWUP66QCWYHY.jpg 768w,https:\/\/www.infobae.com\/new-resizer\/U9QgQ8GigBirxres8wbnqUt6PWk=\/992x558\/filters:format(webp):quality(85)\/cloudfront-us-east-1.images.arcpublishing.com\/infobae\/UKP4B5QIYJDQ5BDWUP66QCWYHY.jpg 992w,https:\/\/www.infobae.com\/new-resizer\/TnTMGH4t5LR7Eu_4XpZEN2A0HjQ=\/1200x675\/filters:format(webp):quality(85)\/cloudfront-us-east-1.images.arcpublishing.com\/infobae\/UKP4B5QIYJDQ5BDWUP66QCWYHY.jpg 1200w,https:\/\/www.infobae.com\/new-resizer\/JWHD48NXCHvuQ39hiB1FdV6PlG0=\/1440x810\/filters:format(webp):quality(85)\/cloudfront-us-east-1.images.arcpublishing.com\/infobae\/UKP4B5QIYJDQ5BDWUP66QCWYHY.jpg 1440w\">El peronismo cambiar\u00e1 el nombre del frente electoral (Gustavo Gavotti)<\/p>\n\n\n\n<p><strong>\u201cQue se le saquen el Todos y se cambie de nombre es una se\u00f1al para Alberto, que se queda afuera de todo. El no tendr\u00e1 ning\u00fan tipo de influencia en este armado\u201d<\/strong>, indicaron a este medio desde el kirchnerismo duro. Juran que el Presidente no tendr\u00e1 lugar ni para poner un solo legislador de su confianza.<\/p>\n\n\n\n<p>En el peronismo esperan presentar la nueva alianza electoral al caer la noche de este mi\u00e9rcoles. Hay tiempo hasta las 00 horas. Lo que debe presentarse antes de la medianoche es c\u00f3mo est\u00e1 compuesto el frente electoral, los partidos que lo integran, el nombre y el sello.<\/p>\n\n\n\n<p>Hay cinco d\u00edas m\u00e1s de margen para presentar<strong>&nbsp;la junta electoral del frente y el reglamento<\/strong>. La fecha de vencimiento es el<strong>&nbsp;19 de junio<\/strong>&nbsp;a la medianoche. En gran medida, la discusi\u00f3n principal de estas horas est\u00e1 anclada en las reglas del juego. Sobre todo en c\u00f3mo se integrar\u00e1n las listas legislativas en el caso de que finalmente haya una PASO.<\/p>\n\n\n\n<p>Esas negociaciones est\u00e1n estancadas. La C\u00e1mpora le plante\u00f3 al sciolismo que se utilice el sistema d\u2019hondt con un<strong>&nbsp;piso del 40%<\/strong>&nbsp;para que ingresen los legisladores de la minor\u00eda y que lo hagan a partir del puesto n\u00famero 11. En general, en una buena elecci\u00f3n, suele entrar entre 13 y 15 diputados nacionales por la provincia de Buenos Aires. La representaci\u00f3n minoritaria ser\u00eda casi nula.<\/p>\n\n\n\n<p><img decoding=\"async\" loading=\"lazy\" alt=\"En el sciolismo hay mucho enojo por la discusi\u00f3n del piso electoral y advierten que la negociaci\u00f3n con La C\u00e1mpora est\u00e1 trabada\" height=\"1279\" width=\"1920\" class=\"\" src=\"https:\/\/cloudfront-us-east-1.images.arcpublishing.com\/infobae\/U7D6CEPXSRFOPNX2R4BU4KZNXM.jpg\" srcset=\"https:\/\/www.infobae.com\/new-resizer\/qr_djiIqjAlvjyokROTepGNuT18=\/420x280\/filters:format(webp):quality(85)\/cloudfront-us-east-1.images.arcpublishing.com\/infobae\/U7D6CEPXSRFOPNX2R4BU4KZNXM.jpg 420w,https:\/\/www.infobae.com\/new-resizer\/SvVhKk1zPhc8v4UGQXBktb-1wm4=\/768x512\/filters:format(webp):quality(85)\/cloudfront-us-east-1.images.arcpublishing.com\/infobae\/U7D6CEPXSRFOPNX2R4BU4KZNXM.jpg 768w,https:\/\/www.infobae.com\/new-resizer\/eTkD9b1oJmOG3sXJ4nE3jgC9l-A=\/992x661\/filters:format(webp):quality(85)\/cloudfront-us-east-1.images.arcpublishing.com\/infobae\/U7D6CEPXSRFOPNX2R4BU4KZNXM.jpg 992w,https:\/\/www.infobae.com\/new-resizer\/sL0t9X7jpVkyrVt0wZgPsEmyGQA=\/1200x800\/filters:format(webp):quality(85)\/cloudfront-us-east-1.images.arcpublishing.com\/infobae\/U7D6CEPXSRFOPNX2R4BU4KZNXM.jpg 1200w,https:\/\/www.infobae.com\/new-resizer\/L-zlJAmV02YGVYyO037r17AiUQY=\/1440x960\/filters:format(webp):quality(85)\/cloudfront-us-east-1.images.arcpublishing.com\/infobae\/U7D6CEPXSRFOPNX2R4BU4KZNXM.jpg 1440w\">En el sciolismo hay mucho enojo por la discusi\u00f3n del piso electoral y advierten que la negociaci\u00f3n con La C\u00e1mpora est\u00e1 trabada<\/p>\n\n\n\n<p>Los encargados de llevar adelante la negociaci\u00f3n por el lado de Scioli son el ministro de Seguridad,<strong>&nbsp;An\u00edbal Fern\u00e1ndez<\/strong>, y el ex jefe de Gabinete bonaerense,&nbsp;<strong>Alberto P\u00e9rez<\/strong>. Ambos rechazaron de plano la propuesta camporista. En el entorno de Daniel Scioli hay mucho enojo con la jugada de la agrupaci\u00f3n que conduce M\u00e1ximo Kirchner y advierten que no el ex gobernador no declinar\u00e1 su candidatura pese a las presiones.<\/p>\n\n\n\n<p><strong>\u201cEst\u00e1 todo destrozado. Todo trabado y roto. Est\u00e1 todo mal\u201d<\/strong>, resalt\u00f3 un estrecho colaborador de Scioli. En el b\u00fanker naranja asumen que el camporismo est\u00e1 ejecutando un movimiento pol\u00edtico que tiene como fin \u00faltimo bajar la candidatura de Scioli y concentrar todo el poder en el armado legislativo. Al kirchnerismo siempre le ha interesado construir un bloque fuerte en las dos c\u00e1maras del Congreso y gestionar el poder desde ese rinc\u00f3n de la pol\u00edtica.<\/p>\n\n\n\n<p><strong>\u201cLa C\u00e1mpora est\u00e1 planteando una elecci\u00f3n mirando la lista de diputados. No quieren ganar la elecci\u00f3n nacional. Solo est\u00e1n viendo si pueden meter un diputado m\u00e1s\u201d<\/strong>, fue la acusaci\u00f3n que sali\u00f3 del entorno del ex gobernador en la noche de ayer. Las negociaciones est\u00e1n empantanadas pero nadie descarta la posibilidad de llegar a un acuerdo. \u201cLa pol\u00edtica es el arte de lo posible\u201d, fue la reconocida frase que se imprimi\u00f3 en el sciolismo.<\/p>\n\n\n\n<p>Cerca de Scioli creen que La C\u00e1mpora est\u00e1 planteando un escenario donde el que gana se queda con todo y el que pierde se queda sin representaci\u00f3n en las listas. Es decir, donde la minor\u00eda no existe. \u201c\u00bfY si ganamos nosotros? \u00bfQu\u00e9 van a hacer? \u00bfNo van a participar del gobierno?\u201d, se anim\u00f3 a proyectar un dirigente que tiene sus dos pies en el campamento que proclama la candidatura presidencial del actual embajador en Brasil.<\/p>\n\n\n\n<p><img decoding=\"async\" loading=\"lazy\" alt=\"Sergio Massa y Eduardo &quot;Wado&quot; de Pedro se reunieron con CFK en el Senado \" height=\"1080\" width=\"1920\" class=\"\" src=\"https:\/\/cloudfront-us-east-1.images.arcpublishing.com\/infobae\/WFL76PISCNFRRJIH6HQM45HBPM.jpg\" srcset=\"https:\/\/www.infobae.com\/new-resizer\/ouTtJDzac_1aRA9Jg-L25cvN4uU=\/420x236\/filters:format(webp):quality(85)\/cloudfront-us-east-1.images.arcpublishing.com\/infobae\/WFL76PISCNFRRJIH6HQM45HBPM.jpg 420w,https:\/\/www.infobae.com\/new-resizer\/xPormy4ALKur1YBKvWEQZCEN9Jw=\/768x432\/filters:format(webp):quality(85)\/cloudfront-us-east-1.images.arcpublishing.com\/infobae\/WFL76PISCNFRRJIH6HQM45HBPM.jpg 768w,https:\/\/www.infobae.com\/new-resizer\/ZCVm2FvtErrBC71CsHd0MAbQaRw=\/992x558\/filters:format(webp):quality(85)\/cloudfront-us-east-1.images.arcpublishing.com\/infobae\/WFL76PISCNFRRJIH6HQM45HBPM.jpg 992w,https:\/\/www.infobae.com\/new-resizer\/Ta8fC-lxIeSTHESpimck2TIN7aM=\/1200x675\/filters:format(webp):quality(85)\/cloudfront-us-east-1.images.arcpublishing.com\/infobae\/WFL76PISCNFRRJIH6HQM45HBPM.jpg 1200w,https:\/\/www.infobae.com\/new-resizer\/Eve-f16ZqKkCNFJqbxrT3Oda2rE=\/1440x810\/filters:format(webp):quality(85)\/cloudfront-us-east-1.images.arcpublishing.com\/infobae\/WFL76PISCNFRRJIH6HQM45HBPM.jpg 1440w\">Sergio Massa y Eduardo &#8220;Wado&#8221; de Pedro se reunieron con CFK en el Senado<\/p>\n\n\n\n<p>El planteo que hicieron los delegados de Scioli es que&nbsp;<strong>el piso deber\u00eda ser de entre el 20 y el 25%<\/strong>, y que las minor\u00edas deber\u00edan tener representaci\u00f3n. Adem\u00e1s, dejaron saber que si La C\u00e1mpora presiona con la inclusi\u00f3n del piso de 40%,&nbsp;<strong>no descartan llevar el conflicto a la justicia electoral<\/strong>. En el kirchnerismo est\u00e1n convencidos de que Scioli se bajar\u00e1 en un plazo breve, cuando conozca la f\u00f3rmula amparada por Cristina Kirchner. \u201cNo tiene ni la estructura, ni el respaldo pol\u00edtico, ni la plata para una campa\u00f1a\u201d, afirmaron.<\/p>\n\n\n\n<p>En la tarde del martes la Vicepresidenta recibi\u00f3 en su despacho a Sergio Massa y Eduardo \u201cWado\u201d de Pedro. Hubo rosca electoral en el Senado. A partir de ese momento las especulaciones sobre una posible f\u00f3rmula integrada por los dos ministros del gabinete nacional aumentaron r\u00e1pidamente y se esparcieron por las arterias del oficialismo.<\/p>\n\n\n\n<p>En las oficinas del peronismo subieron las acciones sobre la dupla Massa-De Pedro. Hay quienes creen que ser\u00e1 la f\u00f3rmula y que Axel Kicillof, finalmente, buscar\u00e1 la reelecci\u00f3n en la provincia de Buenos Aires. Es decir, que los tres dirigentes que estuvieron parados detr\u00e1s del CFK en el acto del 25 de mayo ser\u00e1n quienes terminen siendo los principales candidatos del espacio.<\/p>\n\n\n\n<p>Fuente: Infobae<\/p>\n","protected":false},"excerpt":{"rendered":"<div class=\"mh-excerpt\"><p>\u201cLa negociaci\u00f3n est\u00e1 trabada en si hay PASO o no, y en los pisos para integrar las listas de candidatos\u201d, asegur\u00f3 un funcionario nacional en la tarde este martes, respecto a los idas y vueltas que hay para lograr un acuerdo en la antesala del vencimiento para presentar alianzas en la justicia electoral. Ah\u00ed reside el principal problema, pero para resolverlo a\u00fan hay tiempo. Una de las pocas certezas por estas horas es que&nbsp;el Frente de Todos dejar\u00e1 de existir.&nbsp;La alianza electoral se llamar\u00e1 de otra forma y a\u00fan no est\u00e1 cerrada su composici\u00f3n. Hasta esta noche hay tiempo de <a class=\"mh-excerpt-more\" href=\"http:\/\/dsrmedios.com.ar\/diario\/archivos\/35431\" title=\"El peronismo defini\u00f3 cambiar el nombre del frente electoral y en un clima tenso negocia contrarreloj las reglas de juego\">[Leer m\u00e1s]<\/a><\/p>\n<\/div>","protected":false},"author":8,"featured_media":35432,"comment_status":"open","ping_status":"closed","sticky":false,"template":"","format":"standard","meta":{"_jetpack_newsletter_access":""},"categories":[7],"tags":[],"jetpack_featured_media_url":"http:\/\/dsrmedios.com.ar\/diario\/wp-content\/uploads\/2023\/06\/UKP4B5QIYJDQ5BDWUP66QCWYHY.jpg","jetpack_sharing_enabled":true,"jetpack_shortlink":"https:\/\/wp.me\/p9fihK-9dt","_links":{"self":[{"href":"http:\/\/dsrmedios.com.ar\/diario\/wp-json\/wp\/v2\/posts\/35431"}],"collection":[{"href":"http:\/\/dsrmedios.com.ar\/diario\/wp-json\/wp\/v2\/posts"}],"about":[{"href":"http:\/\/dsrmedios.com.ar\/diario\/wp-json\/wp\/v2\/types\/post"}],"author":[{"embeddable":true,"href":"http:\/\/dsrmedios.com.ar\/diario\/wp-json\/wp\/v2\/users\/8"}],"replies":[{"embeddable":true,"href":"http:\/\/dsrmedios.com.ar\/diario\/wp-json\/wp\/v2\/comments?post=35431"}],"version-history":[{"count":1,"href":"http:\/\/dsrmedios.com.ar\/diario\/wp-json\/wp\/v2\/posts\/35431\/revisions"}],"predecessor-version":[{"id":35433,"href":"http:\/\/dsrmedios.com.ar\/diario\/wp-json\/wp\/v2\/posts\/35431\/revisions\/35433"}],"wp:featuredmedia":[{"embeddable":true,"href":"http:\/\/dsrmedios.com.ar\/diario\/wp-json\/wp\/v2\/media\/35432"}],"wp:attachment":[{"href":"http:\/\/dsrmedios.com.ar\/diario\/wp-json\/wp\/v2\/media?parent=35431"}],"wp:term":[{"taxonomy":"category","embeddable":true,"href":"http:\/\/dsrmedios.com.ar\/diario\/wp-json\/wp\/v2\/categories?post=35431"},{"taxonomy":"post_tag","embeddable":true,"href":"http:\/\/dsrmedios.com.ar\/diario\/wp-json\/wp\/v2\/tags?post=35431"}],"curies":[{"name":"wp","href":"https:\/\/api.w.org\/{rel}","templated":true}]}}