{"id":35407,"date":"2023-06-13T19:37:01","date_gmt":"2023-06-13T22:37:01","guid":{"rendered":"http:\/\/dsrmedios.com.ar\/diario\/?p=35407"},"modified":"2023-06-13T19:37:04","modified_gmt":"2023-06-13T22:37:04","slug":"turismo-8-proyectos-se-presentaron-a-la-convocatoria-de-intur","status":"publish","type":"post","link":"http:\/\/dsrmedios.com.ar\/diario\/archivos\/35407","title":{"rendered":"<strong>Turismo: 8 proyectos se presentaron a la convocatoria de INTUR<\/strong>"},"content":{"rendered":"\n<h4>La Municipalidad de Adolfo Alsina, a trav\u00e9s de la Secretar\u00eda de Turismo, asesor\u00f3 a m\u00e1s de 20 prestadores tur\u00edsticos acerca del Programa INTUR del Ministerio de Turismo de la Naci\u00f3n y aval\u00f3 a los 8 proyectos que se presentaron a la cuarta convocatoria.<br>&nbsp;<br>El Programa INTUR tiene el objetivo de promover inversiones en micro y peque\u00f1os prestadores que mejoren su oferta de productos y servicios tur\u00edsticos, fortaleciendo la cadena de valor del sector y el desarrollo de las econom\u00edas regionales.<\/h4>\n","protected":false},"excerpt":{"rendered":"<div class=\"mh-excerpt\"><p>La Municipalidad de Adolfo Alsina, a trav\u00e9s de la Secretar\u00eda de Turismo, asesor\u00f3 a m\u00e1s de 20 prestadores tur\u00edsticos acerca del Programa INTUR del Ministerio de Turismo de la Naci\u00f3n y aval\u00f3 a los 8 proyectos que se presentaron a la cuarta convocatoria.&nbsp;El Programa INTUR tiene el objetivo de promover inversiones en micro y peque\u00f1os prestadores que mejoren su oferta de productos y servicios tur\u00edsticos, fortaleciendo la cadena de valor del sector y el desarrollo de las econom\u00edas regionales.<\/p>\n<\/div>","protected":false},"author":8,"featured_media":35408,"comment_status":"open","ping_status":"closed","sticky":false,"template":"","format":"standard","meta":{"_jetpack_newsletter_access":""},"categories":[18,31,5],"tags":[],"jetpack_featured_media_url":"http:\/\/dsrmedios.com.ar\/diario\/wp-content\/uploads\/2023\/06\/epecuen-220418-1.jpeg","jetpack_sharing_enabled":true,"jetpack_shortlink":"https:\/\/wp.me\/p9fihK-9d5","_links":{"self":[{"href":"http:\/\/dsrmedios.com.ar\/diario\/wp-json\/wp\/v2\/posts\/35407"}],"collection":[{"href":"http:\/\/dsrmedios.com.ar\/diario\/wp-json\/wp\/v2\/posts"}],"about":[{"href":"http:\/\/dsrmedios.com.ar\/diario\/wp-json\/wp\/v2\/types\/post"}],"author":[{"embeddable":true,"href":"http:\/\/dsrmedios.com.ar\/diario\/wp-json\/wp\/v2\/users\/8"}],"replies":[{"embeddable":true,"href":"http:\/\/dsrmedios.com.ar\/diario\/wp-json\/wp\/v2\/comments?post=35407"}],"version-history":[{"count":1,"href":"http:\/\/dsrmedios.com.ar\/diario\/wp-json\/wp\/v2\/posts\/35407\/revisions"}],"predecessor-version":[{"id":35409,"href":"http:\/\/dsrmedios.com.ar\/diario\/wp-json\/wp\/v2\/posts\/35407\/revisions\/35409"}],"wp:featuredmedia":[{"embeddable":true,"href":"http:\/\/dsrmedios.com.ar\/diario\/wp-json\/wp\/v2\/media\/35408"}],"wp:attachment":[{"href":"http:\/\/dsrmedios.com.ar\/diario\/wp-json\/wp\/v2\/media?parent=35407"}],"wp:term":[{"taxonomy":"category","embeddable":true,"href":"http:\/\/dsrmedios.com.ar\/diario\/wp-json\/wp\/v2\/categories?post=35407"},{"taxonomy":"post_tag","embeddable":true,"href":"http:\/\/dsrmedios.com.ar\/diario\/wp-json\/wp\/v2\/tags?post=35407"}],"curies":[{"name":"wp","href":"https:\/\/api.w.org\/{rel}","templated":true}]}}