{"id":35379,"date":"2023-06-13T09:54:10","date_gmt":"2023-06-13T12:54:10","guid":{"rendered":"http:\/\/dsrmedios.com.ar\/diario\/?p=35379"},"modified":"2023-06-13T09:54:14","modified_gmt":"2023-06-13T12:54:14","slug":"en-medio-de-la-indefinicion-del-fdt-rossi-presenta-su-informe-en-diputados-y-se-espera-un-clima-tenso","status":"publish","type":"post","link":"http:\/\/dsrmedios.com.ar\/diario\/archivos\/35379","title":{"rendered":"En medio de la indefinici\u00f3n del FdT, Rossi presenta su informe en Diputados y se espera un clima tenso"},"content":{"rendered":"\n<p>El&nbsp;<a href=\"https:\/\/tn.com.ar\/politica\/2023\/06\/12\/arde-la-interna-oficialista-massa-se-cruzo-a-gritos-con-alberto-fernandez-y-scioli-podria-ser-candidato-unico\/\" target=\"_blank\" rel=\"noreferrer noopener\"><strong>Frente de Todos<\/strong><\/a>&nbsp;atraviesa las mismas incertidumbres que<a href=\"https:\/\/tn.com.ar\/politica\/2023\/06\/12\/jxc-proyecto-la-interna-nacional-en-el-batacazo-de-san-luis-y-los-triunfos-en-mendoza-y-corrientes\/\" target=\"_blank\" rel=\"noreferrer noopener\"><strong>Juntos por el Cambio<\/strong><\/a>&nbsp;y est\u00e1 sumergido en su interna. El agravante es que es el oficialismo, por lo que adem\u00e1s de diagramar una estrategia para ganar elecciones debe sostener un plan de gobierno. Y en ese escenario, hasta los precandidatos tienen labores pendientes que cumplir.<\/p>\n\n\n\n<p>Uno de ellos es el jefe de Gabinete,<strong>&nbsp;Agust\u00edn Rossi<\/strong>, que sostiene que no dar\u00e1 un paso al costado en la carrera electoral pese a que no lo acompa\u00f1en las encuestas. Este martes brindar\u00e1 su segundo informe sobre la marcha del Gobierno ante la C\u00e1mara de Diputados y responder\u00e1 las preguntas de los legisladores de todos los bloques, principalmente sobre<strong>&nbsp;econom\u00eda y pol\u00edtica exterior.<\/strong><\/p>\n\n\n\n<p><\/p>\n\n\n\n<p>En la previa a esta exposici\u00f3n, los distintos bloques enviaron&nbsp;<strong>m\u00e1s de 2.600 preguntas&nbsp;<\/strong>al ministro coordinador, en su mayor\u00eda vinculadas a la situaci\u00f3n econ\u00f3mica, la marcha de varias obras en el interior del pa\u00eds, la ejecuci\u00f3n presupuestaria y aspectos vinculados a la pol\u00edtica exterior. Del total de las consultas,<strong>&nbsp;738 fueron formuladas por los legisladores de Juntos por el Cambio.<\/strong><\/p>\n\n\n\n<p>El funcionario se presentar\u00e1 a las 12 en la C\u00e1mara baja y har\u00e1 una introducci\u00f3n la cual se destacar\u00e1n algunos indicadores positivos de la econom\u00eda, as\u00ed como en materia de salud y educaci\u00f3n, anticiparon desde Jefatura de Gabinete. Rossi asumi\u00f3 el cargo el 15 de febrero y realiz\u00f3 su primera presentaci\u00f3n ante el Congreso con su visita a Diputados el pasado 29 de marzo, y el jueves 11 de mayo hizo lo propio ante el Senado.<\/p>\n\n\n\n<p>Con la presentaci\u00f3n de este martes, el jefe de Gabinete cumplir\u00e1 con su objetivo de concurrir al Parlamento todos los meses, alternadamente a cada c\u00e1mara, como establece la Constituci\u00f3n en el art\u00edculo 101. En su \u00faltima exposici\u00f3n, Rossi destac\u00f3 logros del Gobierno en materia de empleo, obra p\u00fablica, salud, educaci\u00f3n y defensa de los derechos humanos, el desarrollo vinculado al yacimiento de Vaca Muerta y el Gasoducto N\u00e9stor Kirchner.<\/p>\n\n\n\n<figure class=\"wp-block-image\"><img decoding=\"async\" src=\"https:\/\/tn.com.ar\/resizer\/7fSon8n37wAHeQCdd5plzN9IEKw=\/767x0\/smart\/filters:format(webp)\/cloudfront-us-east-1.images.arcpublishing.com\/artear\/CRH3K7UEDBFEXK2O5NST6IAA74.jpg\" alt=\"Semanas atr\u00e1s, Rossi se present\u00f3 en el Senado para informar sobre la gesti\u00f3n. (Foto: NA\/DAMIAN DOPACIO)\"\/><figcaption class=\"wp-element-caption\">Semanas atr\u00e1s, Rossi se present\u00f3 en el Senado para informar sobre la gesti\u00f3n. (Foto: NA\/DAMIAN DOPACIO)<\/figcaption><\/figure>\n\n\n\n<p>En tanto, y si bien se especulaba con la posibilidad de realizar una sesi\u00f3n el mi\u00e9rcoles en la C\u00e1mara baja, un d\u00eda despu\u00e9s de la visita del jefe de Gabinete, desde el oficialismo&nbsp;<strong>descartaron esa posibilidad debido al inminente cierre de alianzas&nbsp;<\/strong>electorales para las PASO del 13 de agosto. Esa situaci\u00f3n no asegura la presencia de todos los legisladores en Buenos Aires para garantizar el qu\u00f3rum, indicaron.<\/p>\n\n\n\n<p>De todos modos, la intenci\u00f3n del oficialismo es&nbsp;<strong>no paralizar la actividad de la C\u00e1mara y ya convoc\u00f3 para el mi\u00e9rcoles a varias comisiones<\/strong>, entre ellas un plenario para avanzar en un dictamen de consenso en torno a la situaci\u00f3n de los tomadores de cr\u00e9ditos UVA, entre otras cuestiones.<\/p>\n\n\n\n<p>La presentaci\u00f3n de Rossi se produce un d\u00eda antes del vencimiento del plazo para presentar alianzas de cara a las PASO de agosto y las generales de octubre. Por estas horas, oficialismo y oposici\u00f3n definen si pueden dejar de lado sus diferencias y mantener los frentes unidos, para despu\u00e9s cumplir con otra fecha l\u00edmite: el cierre de listas del 24 de junio.<\/p>\n\n\n\n<p>Fuente: TN<\/p>\n","protected":false},"excerpt":{"rendered":"<div class=\"mh-excerpt\"><p>El&nbsp;Frente de Todos&nbsp;atraviesa las mismas incertidumbres queJuntos por el Cambio&nbsp;y est\u00e1 sumergido en su interna. El agravante es que es el oficialismo, por lo que adem\u00e1s de diagramar una estrategia para ganar elecciones debe sostener un plan de gobierno. Y en ese escenario, hasta los precandidatos tienen labores pendientes que cumplir. Uno de ellos es el jefe de Gabinete,&nbsp;Agust\u00edn Rossi, que sostiene que no dar\u00e1 un paso al costado en la carrera electoral pese a que no lo acompa\u00f1en las encuestas. Este martes brindar\u00e1 su segundo informe sobre la marcha del Gobierno ante la C\u00e1mara de Diputados y responder\u00e1 las <a class=\"mh-excerpt-more\" href=\"http:\/\/dsrmedios.com.ar\/diario\/archivos\/35379\" title=\"En medio de la indefinici\u00f3n del FdT, Rossi presenta su informe en Diputados y se espera un clima tenso\">[Leer m\u00e1s]<\/a><\/p>\n<\/div>","protected":false},"author":8,"featured_media":35380,"comment_status":"open","ping_status":"closed","sticky":false,"template":"","format":"standard","meta":{"_jetpack_newsletter_access":""},"categories":[6],"tags":[],"jetpack_featured_media_url":"http:\/\/dsrmedios.com.ar\/diario\/wp-content\/uploads\/2023\/06\/FGX2KIFRBBB2BK2QKR6PNCJTUE-1.webp","jetpack_sharing_enabled":true,"jetpack_shortlink":"https:\/\/wp.me\/p9fihK-9cD","_links":{"self":[{"href":"http:\/\/dsrmedios.com.ar\/diario\/wp-json\/wp\/v2\/posts\/35379"}],"collection":[{"href":"http:\/\/dsrmedios.com.ar\/diario\/wp-json\/wp\/v2\/posts"}],"about":[{"href":"http:\/\/dsrmedios.com.ar\/diario\/wp-json\/wp\/v2\/types\/post"}],"author":[{"embeddable":true,"href":"http:\/\/dsrmedios.com.ar\/diario\/wp-json\/wp\/v2\/users\/8"}],"replies":[{"embeddable":true,"href":"http:\/\/dsrmedios.com.ar\/diario\/wp-json\/wp\/v2\/comments?post=35379"}],"version-history":[{"count":1,"href":"http:\/\/dsrmedios.com.ar\/diario\/wp-json\/wp\/v2\/posts\/35379\/revisions"}],"predecessor-version":[{"id":35381,"href":"http:\/\/dsrmedios.com.ar\/diario\/wp-json\/wp\/v2\/posts\/35379\/revisions\/35381"}],"wp:featuredmedia":[{"embeddable":true,"href":"http:\/\/dsrmedios.com.ar\/diario\/wp-json\/wp\/v2\/media\/35380"}],"wp:attachment":[{"href":"http:\/\/dsrmedios.com.ar\/diario\/wp-json\/wp\/v2\/media?parent=35379"}],"wp:term":[{"taxonomy":"category","embeddable":true,"href":"http:\/\/dsrmedios.com.ar\/diario\/wp-json\/wp\/v2\/categories?post=35379"},{"taxonomy":"post_tag","embeddable":true,"href":"http:\/\/dsrmedios.com.ar\/diario\/wp-json\/wp\/v2\/tags?post=35379"}],"curies":[{"name":"wp","href":"https:\/\/api.w.org\/{rel}","templated":true}]}}