{"id":35335,"date":"2023-06-12T10:58:47","date_gmt":"2023-06-12T13:58:47","guid":{"rendered":"http:\/\/dsrmedios.com.ar\/diario\/?p=35335"},"modified":"2023-06-12T10:58:51","modified_gmt":"2023-06-12T13:58:51","slug":"en-una-semana-clave-para-el-gobierno-se-conoce-la-inflacion-de-mayo-y-cierran-las-alianzas-electorales","status":"publish","type":"post","link":"http:\/\/dsrmedios.com.ar\/diario\/archivos\/35335","title":{"rendered":"En una semana clave para el Gobierno, se conoce la inflaci\u00f3n de mayo y cierran las alianzas electorales"},"content":{"rendered":"\n<p>Esta semana, el Gobierno tendr\u00e1 una agenda marcada por dos acontecimientos clave. Por un lado, el mi\u00e9rcoles es la fecha limite impuesta para el&nbsp;<a href=\"https:\/\/tn.com.ar\/opinion\/2023\/06\/11\/sergio-massa-y-cristina-kirchner-tiran-la-monedita-a-ver-si-les-sale-caos-o-resurreccion\/\" target=\"_blank\" rel=\"noreferrer noopener\"><strong>cierre de alianzas<\/strong><\/a>&nbsp;para las PASO y en la cuenta regresiva todav\u00eda hay incertidumbre por las definiciones tanto en la oposici\u00f3n como en el oficialismo. Por otro lado, se conocer\u00e1 el \u00cdndice de Precios al Consumidor (IPC), que los privados estiman en un piso del 8%.<\/p>\n\n\n\n<p>Mientras que el \u201cala dura\u201d del<strong>\u00a0Frente de Todos<\/strong>\u00a0tironea para presentar una<strong>\u00a0lista \u00fanica y federal<\/strong>\u00a0-hasta el momento los candidatos que suenan con m\u00e1s fuerza son\u00a0<strong>Sergio Massa\u00a0<\/strong>y<strong>\u00a0Eduardo \u201cWado\u201d de Pedro<\/strong>-, desde el albertismo insisten con medirse en las primarias. En ese sentido, fueron<strong>\u00a0Daniel Scioli\u00a0<\/strong>y\u00a0<strong>Agust\u00edn Rossi\u00a0<\/strong>quienes dijeron que se postular\u00edan.<\/p>\n\n\n\n<p>Despu\u00e9s de la feroz interna en el PRO por la incorporaci\u00f3n de&nbsp;<strong>Jos\u00e9 Luis Espert&nbsp;<\/strong>y la fallida llegada de Juan Schiaretti a la coalici\u00f3n, en&nbsp;<strong>Juntos por el Cambio<\/strong>&nbsp;tampoco hay certezas. Adem\u00e1s de&nbsp;<strong>Patricia Bullrich y Horacio Rodr\u00edguez Larreta,<\/strong>&nbsp;tambi\u00e9n se anotaron en la carrera presidencial&nbsp;<strong>Gerardo Morales, Facundo Manes, Miguel \u00c1ngel Pichetto y Elisa \u201cLilita\u201d Carri\u00f3<\/strong>&nbsp;y el referente de Avanza Libertad. Resta definir si todos ir\u00e1n a una interna o si se alguno se bajar\u00e1 antes.<\/p>\n\n\n\n<p>En tanto<strong>&nbsp;el cierre de listas es el s\u00e1bado 24,<\/strong>&nbsp;por lo que se espera que en los pr\u00f3ximos d\u00edas ambos frentes terminen de decidir qui\u00e9nes se presentar\u00e1n por cada espacio.<\/p>\n\n\n\n<figure class=\"wp-block-image\"><img decoding=\"async\" src=\"https:\/\/tn.com.ar\/resizer\/QCINNxeOs8WRK0Mnp_qiMOZjzKw=\/767x0\/smart\/filters:format(webp)\/cloudfront-us-east-1.images.arcpublishing.com\/artear\/53KY2SE27VCRTMI7CLJ3NXS5AI.jpg\" alt=\"La estrategia electoral en provincia de Buenos Aires abre otra grieta entre Patricia Bullrich y Horacio Rodr\u00edguez Larreta (Foto: NA).\"\/><figcaption class=\"wp-element-caption\">La estrategia electoral en provincia de Buenos Aires abre otra grieta entre Patricia Bullrich y Horacio Rodr\u00edguez Larreta (Foto: NA).<\/figcaption><\/figure>\n\n\n\n<p>Por otro lado, tambi\u00e9n el mi\u00e9rcoles, el Instituto Nacional de Estad\u00edsticas y Censos (INDEC) publicar\u00e1 el&nbsp;<strong>dato oficial de inflaci\u00f3n<\/strong>&nbsp;de mayo y los privados estiman que&nbsp;<strong>el piso sea del 8%.<\/strong><\/p>\n\n\n\n<p>El viernes se difundi\u00f3 el<a href=\"https:\/\/tn.com.ar\/economia\/2023\/06\/09\/empeoraron-las-previsiones-de-los-analistas-privados-estiman-que-la-inflacion-llegara-a-1489-en-2023\/\">&nbsp;<strong>Relevamiento de Expectativas del Mercado (REM)<\/strong><\/a>que publica el Banco Central (BCRA) y los especialistas se\u00f1alaron que la&nbsp;<strong>proyecci\u00f3n anual<\/strong>&nbsp;de inflaci\u00f3n para el 2023 ascendi\u00f3 a<strong>&nbsp;148,9%<\/strong>, una diferencia de 22,5 puntos porcentuales con respecto al sondeo del mes anterior, cuando se estim\u00f3 que la inflaci\u00f3n anual llegar\u00eda al 126,4%.<\/p>\n\n\n\n<p>Seg\u00fan el sondeo,\u00a0<strong>la inflaci\u00f3n mensual ser\u00e1 de 9%<\/strong>\u00a0para mayo (1,6 puntos porcentuales m\u00e1s que en el informe previo). Hacia julio, calculan que los precios subir\u00edan un 7,8%; escalar\u00edan 7,9% en agosto; aumentar\u00edan 7,7% en septiembre; y volver\u00eda a 8% en octubre 8%.<\/p>\n\n\n\n<p>En los \u00faltimos d\u00edas tambi\u00e9n se conoci\u00f3 el<a href=\"https:\/\/tn.com.ar\/economia\/2023\/06\/07\/la-inflacion-de-mayo-en-la-ciudad-de-buenos-aires-fue-de-75-que-rubros-la-impulsaron\/\" target=\"_blank\" rel=\"noreferrer noopener\">&nbsp;\u00cdndice de Precios al Consumidor de la Ciudad de Buenos Aires (IPCBA)<\/a>&nbsp;que&nbsp;<strong>toc\u00f3 el 7,5% en mayo<\/strong>, una leve baja en relaci\u00f3n con<a href=\"https:\/\/tn.com.ar\/economia\/2023\/05\/08\/la-inflacion-de-abril-en-la-ciudad-de-buenos-aires-fue-de-78-por-ciento\/#:~:text=2023%2C%2012%3A12hs-,La%20inflaci%C3%B3n%20de%20abril%20en%20la%20ciudad%20de%20Buenos%20Aires,interanual%20del%20110%2C4%25.\">&nbsp;el 7,8% del mes anterior<\/a>, y acumula as\u00ed una&nbsp;<strong>suba de 41,1% en los primeros cinco meses del a\u00f1o<\/strong>&nbsp;y un 114,4% interanual.<\/p>\n\n\n\n<p>Un dato no menor que mostr\u00f3 el IPC de CABA fue que el mayor aumento de precios se registr\u00f3 en la divisi\u00f3n \u201cVivienda, agua, electricidad, gas y otros combustibles\u201d con un 12,5%.<\/p>\n\n\n\n<h2>De cu\u00e1nto ser\u00e1 la inflaci\u00f3n del 2023, seg\u00fan el REM<\/h2>\n\n\n\n<p>Las proyecciones anuales del REM para el \u00cdndice de Precios al Consumidor (IPC) aumentaron con respecto al sondeo anterior y ubican a la inflaci\u00f3n del 2023 muy cerca del 150%.<\/p>\n\n\n\n<ul>\n<li>Los analistas proyectan que&nbsp;<strong>mayo&nbsp;<\/strong>cerr\u00f3 con una inflaci\u00f3n de&nbsp;<strong>9%.<\/strong><\/li>\n\n\n\n<li>En&nbsp;<strong>junio&nbsp;<\/strong>calculan que la inflaci\u00f3n ser\u00e1 de<strong>&nbsp;8%<\/strong>.<\/li>\n\n\n\n<li>Para&nbsp;<strong>julio&nbsp;<\/strong>esperan que promedie<strong>&nbsp;7,8%<\/strong>.<\/li>\n\n\n\n<li>En&nbsp;<strong>agosto<\/strong>, los analistas prev\u00e9n que el \u00cdndice de Precios al Consumidor llegue a<strong>&nbsp;7,9%.<\/strong><\/li>\n\n\n\n<li>Seg\u00fan los pron\u00f3sticos, la inflaci\u00f3n en&nbsp;<strong>septiembre&nbsp;<\/strong>se ubicar\u00e1 en<strong>&nbsp;7,7%.<\/strong><\/li>\n\n\n\n<li>El IPC de&nbsp;<strong>octubre&nbsp;<\/strong>llegar\u00e1 a<strong>&nbsp;8%.<\/strong><\/li>\n\n\n\n<li>Mientras que para\u00a0<strong>noviembre\u00a0<\/strong>el \u00cdndice de Precios al Consumidor ser\u00eda del<strong>\u00a07,6%.<\/strong><\/li>\n<\/ul>\n\n\n\n<p>Fuente: TN<\/p>\n","protected":false},"excerpt":{"rendered":"<div class=\"mh-excerpt\"><p>Esta semana, el Gobierno tendr\u00e1 una agenda marcada por dos acontecimientos clave. Por un lado, el mi\u00e9rcoles es la fecha limite impuesta para el&nbsp;cierre de alianzas&nbsp;para las PASO y en la cuenta regresiva todav\u00eda hay incertidumbre por las definiciones tanto en la oposici\u00f3n como en el oficialismo. Por otro lado, se conocer\u00e1 el \u00cdndice de Precios al Consumidor (IPC), que los privados estiman en un piso del 8%. Mientras que el \u201cala dura\u201d del\u00a0Frente de Todos\u00a0tironea para presentar una\u00a0lista \u00fanica y federal\u00a0-hasta el momento los candidatos que suenan con m\u00e1s fuerza son\u00a0Sergio Massa\u00a0y\u00a0Eduardo \u201cWado\u201d de Pedro-, desde el albertismo insisten <a class=\"mh-excerpt-more\" href=\"http:\/\/dsrmedios.com.ar\/diario\/archivos\/35335\" title=\"En una semana clave para el Gobierno, se conoce la inflaci\u00f3n de mayo y cierran las alianzas electorales\">[Leer m\u00e1s]<\/a><\/p>\n<\/div>","protected":false},"author":8,"featured_media":35336,"comment_status":"open","ping_status":"closed","sticky":false,"template":"","format":"standard","meta":{"_jetpack_newsletter_access":""},"categories":[6],"tags":[],"jetpack_featured_media_url":"http:\/\/dsrmedios.com.ar\/diario\/wp-content\/uploads\/2023\/06\/descarga-2023-06-12T105828.012.jpg","jetpack_sharing_enabled":true,"jetpack_shortlink":"https:\/\/wp.me\/p9fihK-9bV","_links":{"self":[{"href":"http:\/\/dsrmedios.com.ar\/diario\/wp-json\/wp\/v2\/posts\/35335"}],"collection":[{"href":"http:\/\/dsrmedios.com.ar\/diario\/wp-json\/wp\/v2\/posts"}],"about":[{"href":"http:\/\/dsrmedios.com.ar\/diario\/wp-json\/wp\/v2\/types\/post"}],"author":[{"embeddable":true,"href":"http:\/\/dsrmedios.com.ar\/diario\/wp-json\/wp\/v2\/users\/8"}],"replies":[{"embeddable":true,"href":"http:\/\/dsrmedios.com.ar\/diario\/wp-json\/wp\/v2\/comments?post=35335"}],"version-history":[{"count":1,"href":"http:\/\/dsrmedios.com.ar\/diario\/wp-json\/wp\/v2\/posts\/35335\/revisions"}],"predecessor-version":[{"id":35337,"href":"http:\/\/dsrmedios.com.ar\/diario\/wp-json\/wp\/v2\/posts\/35335\/revisions\/35337"}],"wp:featuredmedia":[{"embeddable":true,"href":"http:\/\/dsrmedios.com.ar\/diario\/wp-json\/wp\/v2\/media\/35336"}],"wp:attachment":[{"href":"http:\/\/dsrmedios.com.ar\/diario\/wp-json\/wp\/v2\/media?parent=35335"}],"wp:term":[{"taxonomy":"category","embeddable":true,"href":"http:\/\/dsrmedios.com.ar\/diario\/wp-json\/wp\/v2\/categories?post=35335"},{"taxonomy":"post_tag","embeddable":true,"href":"http:\/\/dsrmedios.com.ar\/diario\/wp-json\/wp\/v2\/tags?post=35335"}],"curies":[{"name":"wp","href":"https:\/\/api.w.org\/{rel}","templated":true}]}}