{"id":35332,"date":"2023-06-12T10:54:52","date_gmt":"2023-06-12T13:54:52","guid":{"rendered":"http:\/\/dsrmedios.com.ar\/diario\/?p=35332"},"modified":"2023-06-12T10:54:55","modified_gmt":"2023-06-12T13:54:55","slug":"daniel-scioli-negocia-con-sergio-berni-y-martin-guzman-para-sumarlos-a-su-armado-electoral","status":"publish","type":"post","link":"http:\/\/dsrmedios.com.ar\/diario\/archivos\/35332","title":{"rendered":"Daniel Scioli negocia con Sergio Berni y Mart\u00edn Guzm\u00e1n para sumarlos a su armado electoral"},"content":{"rendered":"\n<p>Decidido a desafiar al kirchnerismo y al massismo en la cruzada electoral,&nbsp;<a href=\"https:\/\/tn.com.ar\/politica\/2023\/06\/10\/el-sugestivo-mensaje-de-daniel-scioli-en-la-previa-al-congreso-del-frente-renovador-de-sergio-massa\/\" target=\"_blank\" rel=\"noreferrer noopener\"><strong>Daniel Scioli<\/strong><\/a><strong>&nbsp;busca robustecer su armado de cara a las PASO<\/strong>&nbsp;y trabaja para sumar al ministro de Seguridad bonaerense,&nbsp;<a href=\"https:\/\/tn.com.ar\/politica\/2023\/05\/06\/sergio-berni-se-sumo-al-operativo-clamor-por-cristina-kirchner-y-aseguro-que-tiene-el-mayor-caudal-electoral\/\" target=\"_blank\" rel=\"noreferrer noopener\"><strong>Sergio Berni<\/strong><\/a><strong>,<\/strong>&nbsp;y al extitular de Econom\u00eda,&nbsp;<a href=\"https:\/\/tn.com.ar\/politica\/2022\/07\/02\/martin-guzman-renuncio-al-ministerio-de-economia\/\" target=\"_blank\" rel=\"noreferrer noopener\"><strong>Mart\u00edn Guzm\u00e1n<\/strong><\/a><strong>,<\/strong>&nbsp;pudo saber&nbsp;<strong>TN.<\/strong><\/p>\n\n\n\n<p>El embajador de la Argentina en Brasil concentra sus recorridas en\u00a0<strong>provincia de Buenos Aires<\/strong>\u00a0en las que se muestra con su candidata a la Gobernaci\u00f3n,\u00a0<a rel=\"noreferrer noopener\" href=\"https:\/\/tn.com.ar\/politica\/2022\/11\/03\/victoria-tolosa-paz-hay-miembros-de-nuestro-gobierno-que-critican-como-si-estuviesen-afuera\/\" target=\"_blank\"><strong>Victoria Tolosa Paz<\/strong><\/a><strong>,<\/strong>\u00a0ministra de Desarrollo Social, que tiene el auspicio del presidente,\u00a0<a rel=\"noreferrer noopener\" href=\"https:\/\/tn.com.ar\/opinion\/2023\/06\/09\/alberto-fernandez-y-la-soberbia-del-domador-de-tigres\/\" target=\"_blank\"><strong>Alberto Fern\u00e1ndez<\/strong><\/a><strong>.<\/strong><\/p>\n\n\n\n<p>Scioli sum\u00f3 la semana pasada un nuevo&nbsp;<strong>espaldarazo&nbsp;<\/strong>del Presidente en un acto en el conurbano bonaerense en simult\u00e1neo a una presentaci\u00f3n de Massa, en el recrudecimiento de las pulseadas en el Frente de Todos entre las exigencias por una lista de unidad y los reclamos de definiciones de candidaturas por las PASO.<\/p>\n\n\n\n<figure class=\"wp-block-image\"><img decoding=\"async\" src=\"https:\/\/tn.com.ar\/resizer\/DoUVOFI4Hbjz9PD8VVEZ2-bAKZ8=\/767x0\/smart\/filters:format(webp)\/cloudfront-us-east-1.images.arcpublishing.com\/artear\/6B2S7ATFS5F57JKOZDRQABGMIA.jpg\" alt=\"Daniel Scioli sum\u00f3 una foto con Alberto Fern\u00e1ndez en una recorrida en el conurbano bonaerense (Foto: Presidencia - Esteban Collazo).\"\/><figcaption class=\"wp-element-caption\">Daniel Scioli sum\u00f3 una foto con Alberto Fern\u00e1ndez en una recorrida en el conurbano bonaerense (Foto: Presidencia &#8211; Esteban Collazo).<\/figcaption><\/figure>\n\n\n\n<p>El s\u00e1bado el propio ministro de Econom\u00eda,&nbsp;<a href=\"https:\/\/tn.com.ar\/politica\/2023\/06\/10\/en-medio-del-debate-por-candidaturas-sergio-massa-cerrara-con-un-discurso-el-congreso-del-frente-renovador\/\" target=\"_blank\" rel=\"noreferrer noopener\"><strong>Sergio Massa<\/strong><\/a><strong>,<\/strong>&nbsp;lider\u00f3 el congreso del Frente Renovador en Tortuguitas con un contundente mensaje a la interna del oficialismo. Reclam\u00f3&nbsp;<strong>\u201cunidad\u201d&nbsp;<\/strong>en el oficialismo como l\u00edder del partido aunque avis\u00f3 que participar\u00e1n de las primarias en el caso que as\u00ed se decida en el Frente de Todos.<\/p>\n\n\n\n<h2>Daniel Scioli apuesta reclutar a Sergio Berni y Mart\u00edn Guzm\u00e1n para la provincia de Buenos Aires<\/h2>\n\n\n\n<p>Al calor de las disputas en el oficialismo el exgobernador bonaerense avanza en su&nbsp;<strong>armado de listas propias,&nbsp;<\/strong>condici\u00f3n que exige el kirchnerismo para habilitar internas. Scioli quiere sumar a dos dirigentes de&nbsp;<strong>alta visibilidad<\/strong>&nbsp;para dar batalla en la estrat\u00e9gica provincia de Buenos Aires, Berni y Guzm\u00e1n. El ministro de Seguridad bonaerense cuenta con su propio espacio en territorio bonaerense.<\/p>\n\n\n\n<ul>\n<li>Desde el entorno de Scioli le dijeron a&nbsp;<strong>TN<\/strong>&nbsp;que el dirigente \u201ctiene afinidad con Berni, al igual que con muchos otros dirigentes\u201d, y en relaci\u00f3n a Guzm\u00e1n, que \u201chizo una&nbsp;<strong>amistad&nbsp;<\/strong>con Mart\u00edn durante la gesti\u00f3n\u201d, que est\u00e1 en conversaciones con \u00e9l y que es uno de los economistas que consulta.<\/li>\n\n\n\n<li>Aunque todav\u00eda<strong>&nbsp;no hay definiciones<\/strong>&nbsp;de los cargos a los que, eventualmente, podr\u00edan aspirar el ministro de Seguridad bonaerense y el extitular del Palacio de Hacienda, en el equipo de campa\u00f1a del exgobernador bonaerense adelantaron que hay conversaciones abiertas \u201cpara posibles candidaturas\u201d, adem\u00e1s de otros nombres.<\/li>\n\n\n\n<li>Scioli dijo que tiene candidatos en todas las categor\u00edas para presentar su lista para las PASO del 13 de agosto y los avales necesarios, en su aspiraci\u00f3n para competir por la Presidencia en internas en el oficialismo.<\/li>\n<\/ul>\n\n\n\n<h2>En el entorno de Sergio Berni destacaron la \u201cbuena relaci\u00f3n\u201d con Daniel Scioli<\/h2>\n\n\n\n<p>Allegados a Berni le dijeron a&nbsp;<strong>TN&nbsp;<\/strong>que el ministro de Seguridad bonaerense y Scioli tienen \u201cuna<strong>&nbsp;relaci\u00f3n muy buena,<\/strong>&nbsp;desde hace a\u00f1os\u201d, pero descartaron que por el momento haya definiciones de candidaturas: \u201cLlegado el momento tomar\u00e1 su propia decisi\u00f3n\u201d.<\/p>\n\n\n\n<ul>\n<li>Destacaron que Berni \u201chabla con todos en el oficialismo, con Scioli, con el gobernador bonaerense,&nbsp;<a href=\"https:\/\/tn.com.ar\/politica\/2023\/05\/04\/kicillof-volvio-a-agitar-su-candidatura-en-la-provincia-de-buenos-aires-estoy-disponible-para-esa-tarea\/\" target=\"_blank\" rel=\"noreferrer noopener\"><strong>Axel Kicillof<\/strong><\/a><strong>,<\/strong>&nbsp;con el jefe de La C\u00e1mpora,&nbsp;<a href=\"https:\/\/tn.com.ar\/politica\/2023\/04\/14\/preocupado-por-retener-el-bastion-de-cristina-kirchner-maximo-empezo-a-caminar-la-provincia-de-buenos-aires\/\" target=\"_blank\" rel=\"noreferrer noopener\"><strong>M\u00e1ximo Kirchner<\/strong><\/a><strong>\u201d,&nbsp;<\/strong>y que ser\u00e1 el dirigente \u201cquien tome su propia decisi\u00f3n, que har\u00e1 con su candidatura, o en que sector aportar\u00e1\u201d.<\/li>\n\n\n\n<li>Afirmaron que el ministro de Seguridad bonaerense dijo que es un \u201cenamorado de las PASO\u201d, en l\u00ednea con los reclamos de Scioli, y que es \u201cun militante pol\u00edtico preparado para ocupar las<strong>&nbsp;m\u00e1ximas aspiraciones\u201d.<\/strong><\/li>\n\n\n\n<li>Mencionaron que Berni \u201csiempre dijo que<strong>&nbsp;lleva en la mochila el&nbsp;<\/strong><a href=\"https:\/\/tn.com.ar\/politica\/2022\/12\/07\/cumbre-k-en-ensenada-tras-la-condena-cfk-reunio-a-su-tropa-y-delineo-el-plan-militante-de-cara-a-2023\/\" target=\"_blank\" rel=\"noreferrer noopener\"><strong>\u2018bast\u00f3n de mariscal\u2019\u201d<\/strong><\/a>, hist\u00f3rica frase de&nbsp;<strong>Juan Domingo Per\u00f3n&nbsp;<\/strong>que plante\u00f3 la l\u00edder del Frente de Todos,&nbsp;<a href=\"https:\/\/tn.com.ar\/politica\/2022\/12\/07\/cumbre-k-en-ensenada-tras-la-condena-cfk-reunio-a-su-tropa-y-delineo-el-plan-militante-de-cara-a-2023\/\" target=\"_blank\" rel=\"noreferrer noopener\"><strong>Cristina Kirchner<\/strong><\/a><strong>,<\/strong>&nbsp;en una cumbre K en Ensenada.<\/li>\n<\/ul>\n\n\n\n<h2>Los roles de An\u00edbal Fern\u00e1ndez y Santiago Cafiero en la campa\u00f1a de Daniel Scioli<\/h2>\n\n\n\n<p>Los ministros albertistas&nbsp;<a href=\"https:\/\/tn.com.ar\/politica\/2023\/06\/09\/anibal-fernandez-calento-la-interna-y-dijo-que-es-una-amenaza-que-cfk-y-massa-hagan-un-nuevo-partido\/\" target=\"_blank\" rel=\"noreferrer noopener\"><strong>An\u00edbal Fern\u00e1ndez<\/strong><\/a><strong>,<\/strong>&nbsp;y de Relaciones Exteriores,&nbsp;<a href=\"https:\/\/tn.com.ar\/politica\/2022\/04\/17\/santiago-cafiero-nadie-esta-obligado-a-ser-parte-de-un-gobierno-con-el-que-no-coincide-el-rumbo\/\" target=\"_blank\" rel=\"noreferrer noopener\"><strong>Santiago Cafiero<\/strong><\/a><strong>,<\/strong>&nbsp;trabajan en la campa\u00f1a de Scioli.<\/p>\n\n\n\n<ul>\n<li>An\u00edbal Fern\u00e1ndez fue designado en un cargo clave, como&nbsp;<strong>apoderado electoral,<\/strong>&nbsp;que es quien presenta las listas, y que adem\u00e1s cumplir\u00e1, fiel a su estilo, un rol como&nbsp;<strong>\u201cespadach\u00edn pol\u00edtico<\/strong>&nbsp;a la hora de hacer declaraciones\u201d.<\/li>\n\n\n\n<li>Mientras que el Canciller es uno de los dirigentes que impulsa la precandidatura del embajador. El funcionario respald\u00f3 las precandidaturas de Scioli y Tolosa Paz, al plantear que \u201chay&nbsp;<strong>mucho entusiasmo<\/strong>&nbsp;con las propuestas e ideas\u201d que transmiten ambos dirigentes, en declaraciones a<em>&nbsp;AM 750.<\/em><\/li>\n<\/ul>\n\n\n\n<h2>Los intendentes no acompa\u00f1aron las presiones para que Daniel Scioli baje su candidatura<\/h2>\n\n\n\n<p>La semana pasada hubo una reuni\u00f3n de intendentes del conurbano con Kicillof, que el propio gobernador bonaerense confirm\u00f3 que fue para\u00a0<strong>\u201cproponer un formato de unidad y evitar la confrontaci\u00f3n\u201d,<\/strong>\u00a0en l\u00ednea con el kirchnerismo y el massismo. Aunque los jefes comunales\u00a0<a rel=\"noreferrer noopener\" href=\"https:\/\/tn.com.ar\/politica\/2023\/06\/11\/axel-kicillof-avanza-en-una-estrategia-para-que-haya-candidato-unico-en-la-provincia\/\" target=\"_blank\"><strong>resistieron las presiones<\/strong><\/a>\u00a0para que Scioli desactive su candidatura y apuestan a acompa\u00f1ar m\u00e1s de una boleta, como anticip\u00f3<strong>\u00a0TN.<\/strong><\/p>\n\n\n\n<p>Fuente: TN<\/p>\n","protected":false},"excerpt":{"rendered":"<div class=\"mh-excerpt\"><p>Decidido a desafiar al kirchnerismo y al massismo en la cruzada electoral,&nbsp;Daniel Scioli&nbsp;busca robustecer su armado de cara a las PASO&nbsp;y trabaja para sumar al ministro de Seguridad bonaerense,&nbsp;Sergio Berni,&nbsp;y al extitular de Econom\u00eda,&nbsp;Mart\u00edn Guzm\u00e1n,&nbsp;pudo saber&nbsp;TN. El embajador de la Argentina en Brasil concentra sus recorridas en\u00a0provincia de Buenos Aires\u00a0en las que se muestra con su candidata a la Gobernaci\u00f3n,\u00a0Victoria Tolosa Paz,\u00a0ministra de Desarrollo Social, que tiene el auspicio del presidente,\u00a0Alberto Fern\u00e1ndez. Scioli sum\u00f3 la semana pasada un nuevo&nbsp;espaldarazo&nbsp;del Presidente en un acto en el conurbano bonaerense en simult\u00e1neo a una presentaci\u00f3n de Massa, en el recrudecimiento de las pulseadas <a class=\"mh-excerpt-more\" href=\"http:\/\/dsrmedios.com.ar\/diario\/archivos\/35332\" title=\"Daniel Scioli negocia con Sergio Berni y Mart\u00edn Guzm\u00e1n para sumarlos a su armado electoral\">[Leer m\u00e1s]<\/a><\/p>\n<\/div>","protected":false},"author":8,"featured_media":35333,"comment_status":"open","ping_status":"closed","sticky":false,"template":"","format":"standard","meta":{"_jetpack_newsletter_access":""},"categories":[6],"tags":[],"jetpack_featured_media_url":"http:\/\/dsrmedios.com.ar\/diario\/wp-content\/uploads\/2023\/06\/descarga-2023-06-12T105438.393.jpg","jetpack_sharing_enabled":true,"jetpack_shortlink":"https:\/\/wp.me\/p9fihK-9bS","_links":{"self":[{"href":"http:\/\/dsrmedios.com.ar\/diario\/wp-json\/wp\/v2\/posts\/35332"}],"collection":[{"href":"http:\/\/dsrmedios.com.ar\/diario\/wp-json\/wp\/v2\/posts"}],"about":[{"href":"http:\/\/dsrmedios.com.ar\/diario\/wp-json\/wp\/v2\/types\/post"}],"author":[{"embeddable":true,"href":"http:\/\/dsrmedios.com.ar\/diario\/wp-json\/wp\/v2\/users\/8"}],"replies":[{"embeddable":true,"href":"http:\/\/dsrmedios.com.ar\/diario\/wp-json\/wp\/v2\/comments?post=35332"}],"version-history":[{"count":1,"href":"http:\/\/dsrmedios.com.ar\/diario\/wp-json\/wp\/v2\/posts\/35332\/revisions"}],"predecessor-version":[{"id":35334,"href":"http:\/\/dsrmedios.com.ar\/diario\/wp-json\/wp\/v2\/posts\/35332\/revisions\/35334"}],"wp:featuredmedia":[{"embeddable":true,"href":"http:\/\/dsrmedios.com.ar\/diario\/wp-json\/wp\/v2\/media\/35333"}],"wp:attachment":[{"href":"http:\/\/dsrmedios.com.ar\/diario\/wp-json\/wp\/v2\/media?parent=35332"}],"wp:term":[{"taxonomy":"category","embeddable":true,"href":"http:\/\/dsrmedios.com.ar\/diario\/wp-json\/wp\/v2\/categories?post=35332"},{"taxonomy":"post_tag","embeddable":true,"href":"http:\/\/dsrmedios.com.ar\/diario\/wp-json\/wp\/v2\/tags?post=35332"}],"curies":[{"name":"wp","href":"https:\/\/api.w.org\/{rel}","templated":true}]}}