{"id":3533,"date":"2018-01-15T08:16:53","date_gmt":"2018-01-15T11:16:53","guid":{"rendered":"http:\/\/dsrmedios.com.ar\/diario\/?p=3533"},"modified":"2018-01-15T08:17:26","modified_gmt":"2018-01-15T11:17:26","slug":"3533","status":"publish","type":"post","link":"http:\/\/dsrmedios.com.ar\/diario\/archivos\/3533","title":{"rendered":"febrero se reunir\u00e1 el Comit\u00e9 de Cuenca para analizar la situaci\u00f3n h\u00eddrica en general"},"content":{"rendered":"<p>El Intendente David Hirtz en calidad de Presidente de Comit\u00e9 de Cuenca acord\u00f3 con Luis Gim\u00e9nez, Subsecretario de Desarrollo de Infraestructura y N\u00e9stor \u00c1lvarez, Intendente de Guamin\u00ed, convocar a una reuni\u00f3n del Comit\u00e9 de Cuenca de las Lagunas Encadenadas donde los temas principales ser\u00e1n el curso del Arroyo Pig\u00fc\u00e9 y el Terrapl\u00e9n del Mataco.<br \/>\nDurante la reuni\u00f3n con los representantes provinciales Shaider y Donofrio el Intendente plante\u00f3 \u201c<br \/>\nla preocupaci\u00f3n de la Comisi\u00f3n Asesora H\u00eddrica local respecto a devolver el curso del Arroyo Pig\u00fc\u00e9 a la Laguna del Venado aprovechando este momento de sequ\u00eda y de baja que tienen en este momento todas las lagunas\u201d.<br \/>\nAsimismo plante\u00f3 la necesidad de que la Consultora ABS se hiciera presente en Carhu\u00e9 para tomar contacto con la Comisi\u00f3n Asesora Local a efectos de recibir las diferentes propuestas respecto del manejo de la Cuenca. Recordemos que la consultora gan\u00f3 la licitaci\u00f3n para realizar el Proyecto de Actualizaci\u00f3n y mejoramiento del Plan Director para la Cuenca.<br \/>\nEn virtud de esto la consultora ABS ya acord\u00f3 una reuni\u00f3n en Carhu\u00e9 en las pr\u00f3ximas semanas.<\/p>\n","protected":false},"excerpt":{"rendered":"<div class=\"mh-excerpt\"><p>El Intendente David Hirtz en calidad de Presidente de Comit\u00e9 de Cuenca acord\u00f3 con Luis Gim\u00e9nez, Subsecretario de Desarrollo de Infraestructura y N\u00e9stor \u00c1lvarez, Intendente de Guamin\u00ed, convocar a una reuni\u00f3n del Comit\u00e9 de Cuenca de las Lagunas Encadenadas donde los temas principales ser\u00e1n el curso del Arroyo Pig\u00fc\u00e9 y el Terrapl\u00e9n del Mataco. Durante la reuni\u00f3n con los representantes provinciales Shaider y Donofrio el Intendente plante\u00f3 \u201c la preocupaci\u00f3n de la Comisi\u00f3n Asesora H\u00eddrica local respecto a devolver el curso del Arroyo Pig\u00fc\u00e9 a la Laguna del Venado aprovechando este momento de sequ\u00eda y de baja que tienen en <a class=\"mh-excerpt-more\" href=\"http:\/\/dsrmedios.com.ar\/diario\/archivos\/3533\" title=\"febrero se reunir\u00e1 el Comit\u00e9 de Cuenca para analizar la situaci\u00f3n h\u00eddrica en general\">[Leer m\u00e1s]<\/a><\/p>\n<\/div>","protected":false},"author":5,"featured_media":3534,"comment_status":"open","ping_status":"closed","sticky":false,"template":"","format":"standard","meta":{"_jetpack_newsletter_access":""},"categories":[18,5],"tags":[],"jetpack_featured_media_url":"http:\/\/dsrmedios.com.ar\/diario\/wp-content\/uploads\/2018\/01\/comite-de-cuenca-en-guamini11.jpg","jetpack_sharing_enabled":true,"jetpack_shortlink":"https:\/\/wp.me\/s9fihK-3533","_links":{"self":[{"href":"http:\/\/dsrmedios.com.ar\/diario\/wp-json\/wp\/v2\/posts\/3533"}],"collection":[{"href":"http:\/\/dsrmedios.com.ar\/diario\/wp-json\/wp\/v2\/posts"}],"about":[{"href":"http:\/\/dsrmedios.com.ar\/diario\/wp-json\/wp\/v2\/types\/post"}],"author":[{"embeddable":true,"href":"http:\/\/dsrmedios.com.ar\/diario\/wp-json\/wp\/v2\/users\/5"}],"replies":[{"embeddable":true,"href":"http:\/\/dsrmedios.com.ar\/diario\/wp-json\/wp\/v2\/comments?post=3533"}],"version-history":[{"count":2,"href":"http:\/\/dsrmedios.com.ar\/diario\/wp-json\/wp\/v2\/posts\/3533\/revisions"}],"predecessor-version":[{"id":3536,"href":"http:\/\/dsrmedios.com.ar\/diario\/wp-json\/wp\/v2\/posts\/3533\/revisions\/3536"}],"wp:featuredmedia":[{"embeddable":true,"href":"http:\/\/dsrmedios.com.ar\/diario\/wp-json\/wp\/v2\/media\/3534"}],"wp:attachment":[{"href":"http:\/\/dsrmedios.com.ar\/diario\/wp-json\/wp\/v2\/media?parent=3533"}],"wp:term":[{"taxonomy":"category","embeddable":true,"href":"http:\/\/dsrmedios.com.ar\/diario\/wp-json\/wp\/v2\/categories?post=3533"},{"taxonomy":"post_tag","embeddable":true,"href":"http:\/\/dsrmedios.com.ar\/diario\/wp-json\/wp\/v2\/tags?post=3533"}],"curies":[{"name":"wp","href":"https:\/\/api.w.org\/{rel}","templated":true}]}}