{"id":35329,"date":"2023-06-12T10:47:52","date_gmt":"2023-06-12T13:47:52","guid":{"rendered":"http:\/\/dsrmedios.com.ar\/diario\/?p=35329"},"modified":"2023-06-12T10:47:56","modified_gmt":"2023-06-12T13:47:56","slug":"san-lorenzo-vs-central-cordoba-por-la-liga-profesional-horario-formaciones-y-tv","status":"publish","type":"post","link":"http:\/\/dsrmedios.com.ar\/diario\/archivos\/35329","title":{"rendered":"San Lorenzo vs Central C\u00f3rdoba por la Liga Profesional: horario, formaciones y TV"},"content":{"rendered":"\n<p><strong>San Lorenzo,<\/strong>&nbsp;tras sumar apenas un punto de los \u00faltimos seis, necesita volver al triunfo este lunes cuando reciba a&nbsp;<strong>Central C\u00f3rdoba de Santiago del Estero<\/strong>&nbsp;con el objetivo de mantenerse prendido en la lucha por la punta de la&nbsp;<strong>Liga Profesional de F\u00fatbol<\/strong>&nbsp;(LPF).<\/p>\n\n\n\n<p>El partido, v\u00e1lido por la&nbsp;<strong>fecha 20,<\/strong>&nbsp;se disputar\u00e1 en el&nbsp;<strong>Nuevo Gas\u00f3metro<\/strong>&nbsp;desde las&nbsp;<strong>17,<\/strong>&nbsp;con arbitraje de&nbsp;<strong>Jorge Bali\u00f1o<\/strong>&nbsp;y transmisi\u00f3n de ESPN Premium.<\/p>\n\n\n\n<p>El Cicl\u00f3n perdi\u00f3 fuerza en sus \u00faltimas presentaciones:&nbsp;<strong>sumadas sus actuaciones en la Copa Sudamericana, son cuatro partidos sin conocer la victoria<\/strong>&nbsp;(dos empates, dos derrotas).<\/p>\n\n\n\n<p>La escasez de victorias en este tramo de la temporada est\u00e1 directamente relacionada con una alarmante falta de gol.&nbsp;<strong>En seis de los \u00faltimos nueve partidos no pudo convertir.<\/strong><\/p>\n\n\n\n<p>En la Liga, computa 19 tantos a favor, una cifra sensiblemente menor a la que disponen el l\u00edder River (31 goles) y su escolta Talleres de C\u00f3rdoba (35).<strong>&nbsp;San Lorenzo se ubica tercero con 36 unidades<\/strong>, a cinco del Millonario, que debe completar su partido con Defensa y Justicia, y cuatro de los cordobeses, quienes ya vencieron en esta fecha.<\/p>\n\n\n\n<figure class=\"wp-block-image\"><img decoding=\"async\" src=\"https:\/\/media.minutouno.com\/p\/e0c96d1f4260f4e76249c1a7f5c6709f\/adjuntos\/150\/imagenes\/040\/718\/0040718807\/ruben-dario-insua-san-lorenzojpg.jpg?2023-05-19-11-47-57\" alt=\"\" title=\"\"\/><\/figure>\n\n\n\n<p>El equipo de&nbsp;<strong>Rub\u00e9n Dar\u00edo Insua<\/strong>&nbsp;llega de una duro golpe en la Sudamericana luego del&nbsp;<strong>empate de local frente a Palestino de Chile (0-0)<\/strong>, que lo dej\u00f3 casi eliminado de la fase final.<\/p>\n\n\n\n<p>Ese mismo marcador repiti\u00f3 el fin de semana pasado frente a<strong>&nbsp;Col\u00f3n de Santa Fe<\/strong>, ante el que se sinti\u00f3 perjudicado por el \u00e1rbitro&nbsp;<strong>Dar\u00edo Herrera<\/strong>&nbsp;debido a dos manos no sancionadas en el \u00e1rea del Sabalero.<\/p>\n\n\n\n<p><strong>Jorge Bali\u00f1o<\/strong>&nbsp;no le trae buenos recuerdos: fue el \u00e1rbitro de una pol\u00e9mica labor en la&nbsp;<strong>derrota versus<\/strong>&nbsp;<strong>Barracas Central<\/strong>&nbsp;(1-2), primera del ciclo Ins\u00faa, ocurrida en la cancha de All Boys en la Liga anterior.<\/p>\n\n\n\n<p><strong>Central C\u00f3rdoba<\/strong>&nbsp;es un rival con buenos antecedentes en el Nuevo Gas\u00f3metro:&nbsp;<strong>gole\u00f3 en dos de las tres veces que lo visit\u00f3 (4-1 en la Liga 2019\/20 y 4-0 en la Copa de la Liga 2021).<\/strong><\/p>\n\n\n\n<p>El equipo de&nbsp;<strong>Leonardo Madel\u00f3n,<\/strong>&nbsp;figura muy querida en el club de Boedo,<strong>&nbsp;venci\u00f3 a Hurac\u00e1n la fecha pasada<\/strong>&nbsp;y aspira a seguir sumando para mejorar su promedio y escapar en la lucha por el descenso.<\/p>\n\n\n\n<figure class=\"wp-block-image\"><img decoding=\"async\" src=\"https:\/\/media.minutouno.com\/p\/15843de0426430c3229fdda802cd43e1\/adjuntos\/150\/imagenes\/040\/766\/0040766329\/610x0\/smart\/san-lorenzo-central-cordobajpg.jpg\" alt=\"\" title=\"\"\/><\/figure>\n\n\n\n<h2>SAN LORENZO VS CENTRAL C\u00d3RDOBA: PROBABLES FORMACIONES<\/h2>\n\n\n\n<ul>\n<li><strong>San Lorenzo:<\/strong>&nbsp;Augusto Batalla; Rafael P\u00e9rez, Federico Gattoni y Gast\u00f3n Hern\u00e1ndez; Agust\u00edn Giay, Carlos S\u00e1nchez, Jalil El\u00edas y Malcom Braida; Iv\u00e1n Leguizam\u00f3n, Adam Bareiro y Nahuel Barrios.&nbsp;<strong>DT: Rub\u00e9n Ins\u00faa.<\/strong><\/li>\n\n\n\n<li><strong>&nbsp;Central C\u00f3rdoba:<\/strong>&nbsp;Mat\u00edas Mansilla; Brian Blasi, Fabio Pereyra y Gustavo Canto; Ciro Rius, Leandro Maciel, Jes\u00fas Soraire y Marcelo Ben\u00edtez; Brian Farioli, Lucas Gamba y Lucas Besozzi.&nbsp;<strong>DT: Leonardo Madel\u00f3n.<\/strong><\/li>\n<\/ul>\n\n\n\n<h2>EL HISTORIAL ENTRE SAN LORENZO Y CENTRAL C\u00d3RDOBA<\/h2>\n\n\n\n<ul>\n<li>Jugaron 5 veces<\/li>\n\n\n\n<li>San Lorenzo gan\u00f3 4 partidos<\/li>\n\n\n\n<li>Central C\u00f3rdoba gan\u00f3 1 encuentro<\/li>\n<\/ul>\n\n\n\n<h2>SAN LORENZO VS CENTRAL C\u00d3RDOBA: OTROS DATOS DEL PARTIDO<\/h2>\n\n\n\n<ul>\n<li><strong>\u00c1rbitro:<\/strong>&nbsp;Jorge Bali\u00f1o<\/li>\n\n\n\n<li><strong>VAR:<\/strong>&nbsp;Nazareno Arasa<\/li>\n\n\n\n<li><strong>Estadio:<\/strong>&nbsp;Nuevo Gas\u00f3metro<\/li>\n\n\n\n<li><strong>Hora de inicio:<\/strong>&nbsp;17<\/li>\n\n\n\n<li><strong>TV:<\/strong>\u00a0ESPN Premium<\/li>\n<\/ul>\n\n\n\n<p>Fuente: Minutouno<\/p>\n","protected":false},"excerpt":{"rendered":"<div class=\"mh-excerpt\"><p>San Lorenzo,&nbsp;tras sumar apenas un punto de los \u00faltimos seis, necesita volver al triunfo este lunes cuando reciba a&nbsp;Central C\u00f3rdoba de Santiago del Estero&nbsp;con el objetivo de mantenerse prendido en la lucha por la punta de la&nbsp;Liga Profesional de F\u00fatbol&nbsp;(LPF). El partido, v\u00e1lido por la&nbsp;fecha 20,&nbsp;se disputar\u00e1 en el&nbsp;Nuevo Gas\u00f3metro&nbsp;desde las&nbsp;17,&nbsp;con arbitraje de&nbsp;Jorge Bali\u00f1o&nbsp;y transmisi\u00f3n de ESPN Premium. El Cicl\u00f3n perdi\u00f3 fuerza en sus \u00faltimas presentaciones:&nbsp;sumadas sus actuaciones en la Copa Sudamericana, son cuatro partidos sin conocer la victoria&nbsp;(dos empates, dos derrotas). La escasez de victorias en este tramo de la temporada est\u00e1 directamente relacionada con una alarmante falta de <a class=\"mh-excerpt-more\" href=\"http:\/\/dsrmedios.com.ar\/diario\/archivos\/35329\" title=\"San Lorenzo vs Central C\u00f3rdoba por la Liga Profesional: horario, formaciones y TV\">[Leer m\u00e1s]<\/a><\/p>\n<\/div>","protected":false},"author":8,"featured_media":35330,"comment_status":"open","ping_status":"closed","sticky":false,"template":"","format":"standard","meta":{"_jetpack_newsletter_access":""},"categories":[2],"tags":[],"jetpack_featured_media_url":"http:\/\/dsrmedios.com.ar\/diario\/wp-content\/uploads\/2023\/06\/san-lorenzo-vs-central-cordoba-en-vivo-online-en-directo-por-la-fecha-20-de-la-liga-profesional-1157752-768x416-1.webp","jetpack_sharing_enabled":true,"jetpack_shortlink":"https:\/\/wp.me\/p9fihK-9bP","_links":{"self":[{"href":"http:\/\/dsrmedios.com.ar\/diario\/wp-json\/wp\/v2\/posts\/35329"}],"collection":[{"href":"http:\/\/dsrmedios.com.ar\/diario\/wp-json\/wp\/v2\/posts"}],"about":[{"href":"http:\/\/dsrmedios.com.ar\/diario\/wp-json\/wp\/v2\/types\/post"}],"author":[{"embeddable":true,"href":"http:\/\/dsrmedios.com.ar\/diario\/wp-json\/wp\/v2\/users\/8"}],"replies":[{"embeddable":true,"href":"http:\/\/dsrmedios.com.ar\/diario\/wp-json\/wp\/v2\/comments?post=35329"}],"version-history":[{"count":1,"href":"http:\/\/dsrmedios.com.ar\/diario\/wp-json\/wp\/v2\/posts\/35329\/revisions"}],"predecessor-version":[{"id":35331,"href":"http:\/\/dsrmedios.com.ar\/diario\/wp-json\/wp\/v2\/posts\/35329\/revisions\/35331"}],"wp:featuredmedia":[{"embeddable":true,"href":"http:\/\/dsrmedios.com.ar\/diario\/wp-json\/wp\/v2\/media\/35330"}],"wp:attachment":[{"href":"http:\/\/dsrmedios.com.ar\/diario\/wp-json\/wp\/v2\/media?parent=35329"}],"wp:term":[{"taxonomy":"category","embeddable":true,"href":"http:\/\/dsrmedios.com.ar\/diario\/wp-json\/wp\/v2\/categories?post=35329"},{"taxonomy":"post_tag","embeddable":true,"href":"http:\/\/dsrmedios.com.ar\/diario\/wp-json\/wp\/v2\/tags?post=35329"}],"curies":[{"name":"wp","href":"https:\/\/api.w.org\/{rel}","templated":true}]}}