{"id":35326,"date":"2023-06-12T10:44:58","date_gmt":"2023-06-12T13:44:58","guid":{"rendered":"http:\/\/dsrmedios.com.ar\/diario\/?p=35326"},"modified":"2023-06-12T10:45:02","modified_gmt":"2023-06-12T13:45:02","slug":"instituto-vs-racing-por-la-liga-profesional-de-futbol-horario-formaciones-y-tv","status":"publish","type":"post","link":"http:\/\/dsrmedios.com.ar\/diario\/archivos\/35326","title":{"rendered":"Instituto vs Racing por la Liga Profesional de F\u00fatbol: horario, formaciones y TV"},"content":{"rendered":"\n<p><strong>Racing&nbsp;<\/strong>asumir\u00e1 este lunes una exigente visita a&nbsp;<strong>Instituto de C\u00f3rdoba<\/strong>, que tendr\u00e1 el debut del DT&nbsp;<strong>Diego Dabove<\/strong>&nbsp;y buscar\u00e1 salir de la zona de descenso, en la que se sumergi\u00f3 por los \u00faltimos resultados adversos en el ciclo de<strong>&nbsp;Lucas Bovaglio<\/strong>. El partido comenzar\u00e1 a las 21.45, contar\u00e1 con el arbitraje de&nbsp;<strong>Silvio Trucco<\/strong>&nbsp;y ser\u00e1 televisado por&nbsp;<strong>TNT Sports<\/strong>.<\/p>\n\n\n\n<p>Los cordobeses tendr\u00e1n el estreno de&nbsp;<strong>Dabove<\/strong>, quien se hizo cargo del equipo luego de la salida de&nbsp;<strong>Bovaglio<\/strong>, que dej\u00f3 su cargo tras la dura derrota (1-4) sufrida la fecha pasada en Rosario ante&nbsp;<strong>Central<\/strong>. No obstante,&nbsp;<strong>&#8220;La Gloria&#8221;<\/strong>&nbsp;tuvo una alegr\u00eda el mi\u00e9rcoles al superar a&nbsp;<strong>Riestra<\/strong>&nbsp;(2-1) por&nbsp;<strong>Copa Argentina<\/strong>, encuentro en el que tuvo a&nbsp;<strong>Daniel &#8220;Miliki&#8221; Jim\u00e9nez<\/strong>&nbsp;como DT interino.<\/p>\n\n\n\n<p>La &#8220;<strong>Academia<\/strong>&#8221; volvi\u00f3 al triunfo en la&nbsp;<strong>Liga&nbsp;<\/strong>la fecha pasada, luego de una sequ\u00eda de nueve partidos, al derrotar a&nbsp;<strong>Banfield<\/strong>&nbsp;2 a 0 en su estadio, pero el jueves tuvo un traspi\u00e9 en Brasil al caer en su visita a&nbsp;<strong>Flamengo&nbsp;<\/strong>(1-2) por la&nbsp;<strong>Copa Libertadores<\/strong>, competencia en la que asegur\u00f3 su pase a octavos de final.<\/p>\n\n\n\n<p><strong>Instituto&nbsp;<\/strong>acumula 21 puntos en el torneo, y la semana pasada cay\u00f3 a zona de descenso, tabla en la que tiene un coeficiente de 1,105, y se ubica solo por arriba de&nbsp;<strong>Arsenal<\/strong>&nbsp;(0,979). En tanto&nbsp;<strong>Racing&nbsp;<\/strong>(tiene un partido pendiente ante V\u00e9lez) suma 22 unidades en la LPF, lejos de las expectativas que ten\u00eda al iniciar el a\u00f1o.<\/p>\n\n\n\n<h2>PROBABLES FORMACIONES<\/h2>\n\n\n\n<p><strong>Instituto&nbsp;<\/strong>(C\u00f3rdoba): Jorge Carranza; Juan Jos\u00e9 Franco, Leonel Mosevich, Fernando Alarc\u00f3n y Sebasti\u00e1n Corda; Gabriel Graciani, Nicol\u00e1s Linares, Gast\u00f3n Lodico y Brian Cuello; Adri\u00e1n Mart\u00ednez y Santiago Rodr\u00edguez. DT: Diego Dabove.<\/p>\n\n\n\n<p><strong>Racing&nbsp;<\/strong>Club: Mat\u00edas Tagliamonte; Facundo Mura, Santiago Quir\u00f3s, Gonzalo Piovi y Gabriel Rojas; Nicol\u00e1s Oroz, An\u00edbal Moreno y Jonathan G\u00f3mez; Maximiiano Moralez, Gabriel Hauche y Tom\u00e1s P\u00e9rez. DT Fernando Gago.<\/p>\n\n\n\n<h2>OTROS DATOS DEL PARTIDO<\/h2>\n\n\n\n<p><strong>\u00c1rbitro<\/strong>: Silvio Trucco.<\/p>\n\n\n\n<p><strong>VAR<\/strong>: Germ\u00e1n Delfino.<\/p>\n\n\n\n<p><strong>Estadio<\/strong>: Instituto.<\/p>\n\n\n\n<p><strong>Hora de inicio<\/strong>: 21.45.<\/p>\n\n\n\n<p><strong>TV<\/strong>: TNT Sports<\/p>\n\n\n\n<p>Fuente: Minutouno<\/p>\n","protected":false},"excerpt":{"rendered":"<div class=\"mh-excerpt\"><p>Racing&nbsp;asumir\u00e1 este lunes una exigente visita a&nbsp;Instituto de C\u00f3rdoba, que tendr\u00e1 el debut del DT&nbsp;Diego Dabove&nbsp;y buscar\u00e1 salir de la zona de descenso, en la que se sumergi\u00f3 por los \u00faltimos resultados adversos en el ciclo de&nbsp;Lucas Bovaglio. El partido comenzar\u00e1 a las 21.45, contar\u00e1 con el arbitraje de&nbsp;Silvio Trucco&nbsp;y ser\u00e1 televisado por&nbsp;TNT Sports. Los cordobeses tendr\u00e1n el estreno de&nbsp;Dabove, quien se hizo cargo del equipo luego de la salida de&nbsp;Bovaglio, que dej\u00f3 su cargo tras la dura derrota (1-4) sufrida la fecha pasada en Rosario ante&nbsp;Central. No obstante,&nbsp;&#8220;La Gloria&#8221;&nbsp;tuvo una alegr\u00eda el mi\u00e9rcoles al superar a&nbsp;Riestra&nbsp;(2-1) por&nbsp;Copa Argentina, encuentro <a class=\"mh-excerpt-more\" href=\"http:\/\/dsrmedios.com.ar\/diario\/archivos\/35326\" title=\"Instituto vs Racing por la Liga Profesional de F\u00fatbol: horario, formaciones y TV\">[Leer m\u00e1s]<\/a><\/p>\n<\/div>","protected":false},"author":8,"featured_media":35327,"comment_status":"open","ping_status":"closed","sticky":false,"template":"","format":"standard","meta":{"_jetpack_newsletter_access":""},"categories":[2],"tags":[],"jetpack_featured_media_url":"http:\/\/dsrmedios.com.ar\/diario\/wp-content\/uploads\/2023\/06\/racingjpg.webp","jetpack_sharing_enabled":true,"jetpack_shortlink":"https:\/\/wp.me\/p9fihK-9bM","_links":{"self":[{"href":"http:\/\/dsrmedios.com.ar\/diario\/wp-json\/wp\/v2\/posts\/35326"}],"collection":[{"href":"http:\/\/dsrmedios.com.ar\/diario\/wp-json\/wp\/v2\/posts"}],"about":[{"href":"http:\/\/dsrmedios.com.ar\/diario\/wp-json\/wp\/v2\/types\/post"}],"author":[{"embeddable":true,"href":"http:\/\/dsrmedios.com.ar\/diario\/wp-json\/wp\/v2\/users\/8"}],"replies":[{"embeddable":true,"href":"http:\/\/dsrmedios.com.ar\/diario\/wp-json\/wp\/v2\/comments?post=35326"}],"version-history":[{"count":1,"href":"http:\/\/dsrmedios.com.ar\/diario\/wp-json\/wp\/v2\/posts\/35326\/revisions"}],"predecessor-version":[{"id":35328,"href":"http:\/\/dsrmedios.com.ar\/diario\/wp-json\/wp\/v2\/posts\/35326\/revisions\/35328"}],"wp:featuredmedia":[{"embeddable":true,"href":"http:\/\/dsrmedios.com.ar\/diario\/wp-json\/wp\/v2\/media\/35327"}],"wp:attachment":[{"href":"http:\/\/dsrmedios.com.ar\/diario\/wp-json\/wp\/v2\/media?parent=35326"}],"wp:term":[{"taxonomy":"category","embeddable":true,"href":"http:\/\/dsrmedios.com.ar\/diario\/wp-json\/wp\/v2\/categories?post=35326"},{"taxonomy":"post_tag","embeddable":true,"href":"http:\/\/dsrmedios.com.ar\/diario\/wp-json\/wp\/v2\/tags?post=35326"}],"curies":[{"name":"wp","href":"https:\/\/api.w.org\/{rel}","templated":true}]}}