{"id":35320,"date":"2023-06-12T10:29:30","date_gmt":"2023-06-12T13:29:30","guid":{"rendered":"http:\/\/dsrmedios.com.ar\/diario\/?p=35320"},"modified":"2023-06-12T10:29:33","modified_gmt":"2023-06-12T13:29:33","slug":"arrancan-los-entrenamientos-de-la-seleccion-femenina-de-futbol-rumbo-al-mundial-de-australia-nueva-zelanda-2023-el-calendario-completo","status":"publish","type":"post","link":"http:\/\/dsrmedios.com.ar\/diario\/archivos\/35320","title":{"rendered":"Arrancan los entrenamientos de la Selecci\u00f3n femenina de f\u00fatbol rumbo al Mundial de Australia-Nueva Zelanda 2023: el calendario completo"},"content":{"rendered":"\n<p>Con el Mundial Sub 20 masculino ya en los libros,&nbsp;<strong>el siguiente compromiso de Argentina a nivel internacional ser\u00e1 la Copa del Mundo femenina&nbsp;<\/strong>que se disputar\u00e1 en&nbsp;<strong>Australia&nbsp;<\/strong>y&nbsp;<strong>Nueva Zelanda<\/strong>&nbsp;entre el 20 de julio y el 20 de agosto. El combinado albiceleste, que conforma el Grupo G junto a Italia, Sud\u00e1frica y Suecia, comienza su preparaci\u00f3n este lunes 12 de junio con la primera lista preliminar del orientador&nbsp;<strong>Germ\u00e1n Portanova<\/strong>: a la espera de la finalizaci\u00f3n de las competencias&nbsp;<strong>convoc\u00f3 a 16 futbolistas para arrancar los entrenamientos a las 9.30 de la ma\u00f1ana<\/strong>.<\/p>\n\n\n\n<p>Cabe destacar que el listado definitivo para el m\u00e1ximo certamen<strong>&nbsp;ser\u00e1 comunicado el 11 de julio y contar\u00e1 con 23 jugadoras<\/strong>. \u201cEs importante destacar que durante las pr\u00f3ximas semanas<strong>&nbsp;la citaci\u00f3n variar\u00e1 y se ir\u00e1n incorporando m\u00e1s futbolistas<\/strong>, a medida que finalicen sus obligaciones con sus clubes\u201d, aclar\u00f3 el comunicado oficial por parte de la AFA. Esta primera tanda, con mayor\u00eda del f\u00fatbol local, dir\u00e1 presente en el predio Lionel Andr\u00e9s Messi hasta el martes 20 de junio y&nbsp;<strong>existe la chance de que los nombres cambien una vez que las ligas de los distintos rincones del planeta vayan concluyendo<\/strong>.<\/p>\n\n\n\n<p>Una vez que Portanova haga el corte final de 23, la delegaci\u00f3n se trasladar\u00e1 el 13 de julio hacia San Nicol\u00e1s para<strong>&nbsp;preparar el partido despedida ante Per\u00fa del 14 del mismo mes<\/strong>. Tras el amistoso, las jugadoras regresar\u00e1n a Buenos Aires para comenzar la traves\u00eda hacia el otro lado del globo. La n\u00f3mina junto a cuerpo t\u00e9cnico, m\u00e9dico y ayudantes viajar\u00e1 en dos tandas hacia Australia<strong>&nbsp;entre el 16 y 17 de julio desde el Aeropuerto Internacional de Ezeiza<\/strong>.<\/p>\n\n\n\n<p><img decoding=\"async\" loading=\"lazy\" alt=\"Germ\u00e1n Portanova present\u00f3 la primera lista (Foto: AFA)\" height=\"3712\" width=\"5568\" class=\"\" src=\"https:\/\/cloudfront-us-east-1.images.arcpublishing.com\/infobae\/FDUJWTQFF5DXXLAGLG5U7MRJIU.jpg\" srcset=\"https:\/\/www.infobae.com\/new-resizer\/s4siSmNixa7CArPoTh_dW3yTabg=\/420x280\/filters:format(webp):quality(85)\/cloudfront-us-east-1.images.arcpublishing.com\/infobae\/FDUJWTQFF5DXXLAGLG5U7MRJIU.jpg 420w,https:\/\/www.infobae.com\/new-resizer\/UD3ZUiHjxNeiz_mvHNNR3GcEET4=\/768x512\/filters:format(webp):quality(85)\/cloudfront-us-east-1.images.arcpublishing.com\/infobae\/FDUJWTQFF5DXXLAGLG5U7MRJIU.jpg 768w,https:\/\/www.infobae.com\/new-resizer\/Hx0C3KkvAleL28Jq2_DsqaIfqHY=\/992x661\/filters:format(webp):quality(85)\/cloudfront-us-east-1.images.arcpublishing.com\/infobae\/FDUJWTQFF5DXXLAGLG5U7MRJIU.jpg 992w,https:\/\/www.infobae.com\/new-resizer\/hiJtFoDyVgzeYD9SPr2nheZzb-Y=\/1200x800\/filters:format(webp):quality(85)\/cloudfront-us-east-1.images.arcpublishing.com\/infobae\/FDUJWTQFF5DXXLAGLG5U7MRJIU.jpg 1200w,https:\/\/www.infobae.com\/new-resizer\/QrChbVp3RvIaxLfCf-4v8NIYcW4=\/1440x960\/filters:format(webp):quality(85)\/cloudfront-us-east-1.images.arcpublishing.com\/infobae\/FDUJWTQFF5DXXLAGLG5U7MRJIU.jpg 1440w\">Germ\u00e1n Portanova present\u00f3 la primera lista (Foto: AFA)<\/p>\n\n\n\n<p>Una vez en Ocean\u00eda la concentraci\u00f3n se enfocar\u00e1 en el debut frente a&nbsp;<strong>Italia<\/strong>, n\u00famero 14 del ranking FIFA, fijado para el 24 en&nbsp;<em>Auckland&nbsp;<\/em>y luego viajar\u00e1 cerca de 1400 kil\u00f3metros al Sur hacia la ciudad de&nbsp;<em>Dunedin&nbsp;<\/em>para chocar el jueves 28 ante el campe\u00f3n africano,&nbsp;<strong>Sud\u00e1frica<\/strong>. Para cerrar la fase de grupos, se trasladar\u00e1 a&nbsp;<em>Hamilton&nbsp;<\/em>y all\u00ed tendr\u00e1 el duelo m\u00e1s dif\u00edcil:&nbsp;<strong>Suecia, tercera mejor selecci\u00f3n del planeta, el martes 2 de agosto<\/strong>.<\/p>\n\n\n\n<p><strong>LA AGENDA DE ARGENTINA EN EL MUNDIAL<\/strong><\/p>\n\n\n\n<p>\u2022 Lunes 24-7 vs. Italia en Auckland a las 3 de la ma\u00f1ana<\/p>\n\n\n\n<p>\u2022 Jueves 28-7 vs. Sud\u00e1frica en Dunedin a las 21 horas<\/p>\n\n\n\n<p>\u2022 Martes 2-8 vs. Suecia en Hamilton a las 4 de la ma\u00f1ana<\/p>\n\n\n\n<p><em>* (Hora de Argentina)<\/em><\/p>\n\n\n\n<p><strong>SI AVANZA EN LA FASE DE GRUPOS<\/strong><\/p>\n\n\n\n<p><strong>Octavos de final<\/strong>: 1G vs. 2E en Melbourne (mi\u00e9rcoles 6-8) \/ 1E vs. 2G en Sidney (mi\u00e9rcoles 6-8)<\/p>\n\n\n\n<p><img decoding=\"async\" loading=\"lazy\" height=\"1080\" width=\"1080\" srcset=\"https:\/\/www.infobae.com\/new-resizer\/49xr5stI24I7hvZXHIdciC5-Mog=\/420x420\/filters:format(webp):quality(85)\/cloudfront-us-east-1.images.arcpublishing.com\/infobae\/3DOH4XDCBBGEHKKEKRAGL3JB2A.jpg 420w,https:\/\/www.infobae.com\/new-resizer\/N9ouxyt5nLqb5VR85t_x_pkrivY=\/768x768\/filters:format(webp):quality(85)\/cloudfront-us-east-1.images.arcpublishing.com\/infobae\/3DOH4XDCBBGEHKKEKRAGL3JB2A.jpg 768w,https:\/\/www.infobae.com\/new-resizer\/CCE-ph9aL-ICRmIM8ImCnTtKbwE=\/992x992\/filters:format(webp):quality(85)\/cloudfront-us-east-1.images.arcpublishing.com\/infobae\/3DOH4XDCBBGEHKKEKRAGL3JB2A.jpg 992w,https:\/\/www.infobae.com\/new-resizer\/U3GgH-hYFkX7-sgxq9aEn8ImQCc=\/1200x1200\/filters:format(webp):quality(85)\/cloudfront-us-east-1.images.arcpublishing.com\/infobae\/3DOH4XDCBBGEHKKEKRAGL3JB2A.jpg 1200w,https:\/\/www.infobae.com\/new-resizer\/dcm3opf_wi6qYpENXn5CnmWHLpg=\/1440x1440\/filters:format(webp):quality(85)\/cloudfront-us-east-1.images.arcpublishing.com\/infobae\/3DOH4XDCBBGEHKKEKRAGL3JB2A.jpg 1440w\" class=\"\" src=\"https:\/\/cloudfront-us-east-1.images.arcpublishing.com\/infobae\/3DOH4XDCBBGEHKKEKRAGL3JB2A.jpg\" alt=\"La lista de Germ\u00e1n Portanova para arrancar los entrenamientos\">La lista de Germ\u00e1n Portanova para arrancar los entrenamientos<\/p>\n\n\n\n<p>Fuente: Infobae<\/p>\n","protected":false},"excerpt":{"rendered":"<div class=\"mh-excerpt\"><p>Con el Mundial Sub 20 masculino ya en los libros,&nbsp;el siguiente compromiso de Argentina a nivel internacional ser\u00e1 la Copa del Mundo femenina&nbsp;que se disputar\u00e1 en&nbsp;Australia&nbsp;y&nbsp;Nueva Zelanda&nbsp;entre el 20 de julio y el 20 de agosto. El combinado albiceleste, que conforma el Grupo G junto a Italia, Sud\u00e1frica y Suecia, comienza su preparaci\u00f3n este lunes 12 de junio con la primera lista preliminar del orientador&nbsp;Germ\u00e1n Portanova: a la espera de la finalizaci\u00f3n de las competencias&nbsp;convoc\u00f3 a 16 futbolistas para arrancar los entrenamientos a las 9.30 de la ma\u00f1ana. Cabe destacar que el listado definitivo para el m\u00e1ximo certamen&nbsp;ser\u00e1 comunicado el <a class=\"mh-excerpt-more\" href=\"http:\/\/dsrmedios.com.ar\/diario\/archivos\/35320\" title=\"Arrancan los entrenamientos de la Selecci\u00f3n femenina de f\u00fatbol rumbo al Mundial de Australia-Nueva Zelanda 2023: el calendario completo\">[Leer m\u00e1s]<\/a><\/p>\n<\/div>","protected":false},"author":8,"featured_media":35321,"comment_status":"open","ping_status":"closed","sticky":false,"template":"","format":"standard","meta":{"_jetpack_newsletter_access":""},"categories":[2],"tags":[],"jetpack_featured_media_url":"http:\/\/dsrmedios.com.ar\/diario\/wp-content\/uploads\/2023\/06\/34NK6GF2JJDHDJ4ZUYU7O7SARQ.jpg","jetpack_sharing_enabled":true,"jetpack_shortlink":"https:\/\/wp.me\/p9fihK-9bG","_links":{"self":[{"href":"http:\/\/dsrmedios.com.ar\/diario\/wp-json\/wp\/v2\/posts\/35320"}],"collection":[{"href":"http:\/\/dsrmedios.com.ar\/diario\/wp-json\/wp\/v2\/posts"}],"about":[{"href":"http:\/\/dsrmedios.com.ar\/diario\/wp-json\/wp\/v2\/types\/post"}],"author":[{"embeddable":true,"href":"http:\/\/dsrmedios.com.ar\/diario\/wp-json\/wp\/v2\/users\/8"}],"replies":[{"embeddable":true,"href":"http:\/\/dsrmedios.com.ar\/diario\/wp-json\/wp\/v2\/comments?post=35320"}],"version-history":[{"count":1,"href":"http:\/\/dsrmedios.com.ar\/diario\/wp-json\/wp\/v2\/posts\/35320\/revisions"}],"predecessor-version":[{"id":35322,"href":"http:\/\/dsrmedios.com.ar\/diario\/wp-json\/wp\/v2\/posts\/35320\/revisions\/35322"}],"wp:featuredmedia":[{"embeddable":true,"href":"http:\/\/dsrmedios.com.ar\/diario\/wp-json\/wp\/v2\/media\/35321"}],"wp:attachment":[{"href":"http:\/\/dsrmedios.com.ar\/diario\/wp-json\/wp\/v2\/media?parent=35320"}],"wp:term":[{"taxonomy":"category","embeddable":true,"href":"http:\/\/dsrmedios.com.ar\/diario\/wp-json\/wp\/v2\/categories?post=35320"},{"taxonomy":"post_tag","embeddable":true,"href":"http:\/\/dsrmedios.com.ar\/diario\/wp-json\/wp\/v2\/tags?post=35320"}],"curies":[{"name":"wp","href":"https:\/\/api.w.org\/{rel}","templated":true}]}}