{"id":35310,"date":"2023-06-12T10:21:52","date_gmt":"2023-06-12T13:21:52","guid":{"rendered":"http:\/\/dsrmedios.com.ar\/diario\/?p=35310"},"modified":"2023-06-12T10:21:56","modified_gmt":"2023-06-12T13:21:56","slug":"inflacion-de-los-trabajadores-en-mayo-fue-de-91-y-la-interanual-supero-el-115","status":"publish","type":"post","link":"http:\/\/dsrmedios.com.ar\/diario\/archivos\/35310","title":{"rendered":"Inflaci\u00f3n de los trabajadores en mayo:\u00a0fue de 9,1% y la interanual super\u00f3 el 115%"},"content":{"rendered":"\n<p>Informes del Instituto de Estad\u00edstica de los Trabajadores (IET) de la Universidad Metropolitana para la Educaci\u00f3n y el Trabajo (UMET) y el Centro para la Concertaci\u00f3n y el Desarrollo (CCD).<\/p>\n\n\n\n<p><img decoding=\"async\" src=\"https:\/\/www.canal26.com\/media\/image\/2023\/03\/14\/535687.jpg?s=1&amp;a=344376\" alt=\"Inflaci\u00f3n en Supermercados. Foto: NA.\"><strong><em>Costo de vida en la Argentina. Foto: NA.<\/em><\/strong><\/p>\n\n\n\n<p>La&nbsp;<a href=\"https:\/\/www.canal26.com\/economia\/reunion-entre-massa-y-su-equipo-economico-para-analizar-medidas-para-contener-la-inflacion--342232\" target=\"_blank\" rel=\"noreferrer noopener\">inflaci\u00f3n<\/a>&nbsp;alcanz\u00f3 el<strong>&nbsp;42%<\/strong>&nbsp;en los&nbsp;<strong>primeros cinco meses del a\u00f1o<\/strong>, cifra que&nbsp;<strong>anualizada<\/strong>&nbsp;se transforma en un<strong>&nbsp;132%<\/strong>. \u201cEl aumento de este mes se debe a una suba importante en los<strong>&nbsp;precios regulados por el Gobierno<\/strong>, particularmente en servicios p\u00fablicos. Eso nos lleva a pensar que se pueden tomar medidas para compensar\u201d, resalt\u00f3 el director general del<strong>&nbsp;CCD&nbsp;<\/strong>y&nbsp;<strong>exministro de Educaci\u00f3n, Nicol\u00e1s Trotta<\/strong>. El informe de este mes tambi\u00e9n presta atenci\u00f3n a los monotributistas de alta calificaci\u00f3n, segmento viene ganando participaci\u00f3n en el total de los asalariados no registrados: pasaron d<strong>el 8% al 14%<\/strong>&nbsp;del total de este universo<strong>&nbsp;entre 2016 y 2022<\/strong>.<\/p>\n\n\n\n<p>De acuerdo con el \u00faltimo informe del<strong>&nbsp;Instituto de Estad\u00edstica de los Trabajadores (IET)<\/strong>&nbsp;de la&nbsp;<strong>Universidad Metropolitana para la Educaci\u00f3n y el Trabajo (UMET)&nbsp;<\/strong>y el&nbsp;<strong>Centro para la Concertaci\u00f3n y el Desarrollo (CCD)<\/strong>, \u201cla inflaci\u00f3n de las y los trabajadores se ubic\u00f3 en el&nbsp;<strong>9,1% en mayo<\/strong>, aceler\u00e1ndose en<strong>&nbsp;1,1 puntos porcentuales respecto a los registros de abril<\/strong>\u201d. El documento adem\u00e1s advierte que \u201ceste valor es el m\u00e1s alto desde abril de 2002, cuando super\u00f3 el 1<strong>0%<\/strong>&nbsp;tras el salto inflacionario derivado de la salida de la Convertibilidad\u201d.<\/p>\n\n\n\n<p>Para el&nbsp;<strong>director general del CCD y exministro de Educaci\u00f3n de la Naci\u00f3n, Nicol\u00e1s Trotta<\/strong>, \u201cel aumento de este mes se debe a una suba importante en los precios regulados por el Gobierno, particularmente en algunas tarifas de los servicios p\u00fablicos como electricidad y gas, que&nbsp;<strong>fue lo que provoc\u00f3 el aumento en el \u00edndice promedio a pesar de la desaceleraci\u00f3n en la inflaci\u00f3n que registraron nuestros especialistas en el sector de alimentos<\/strong>. Eso nos lleva a pensar que se pueden tomar medidas para compensar estas alzas de cara a los pr\u00f3ximos meses\u201d.&nbsp;<\/p>\n\n\n\n<p>Seg\u00fan describen los<strong>&nbsp;analistas del IET<\/strong>&nbsp;\u201cla inflaci\u00f3n alcanz\u00f3 el&nbsp;<strong>42% en los primeros cinco meses del a\u00f1o<\/strong>, cifra que si se anualiza para el resto del a\u00f1o se transforma en un&nbsp;<strong>132%<\/strong>. En tanto, la inflaci\u00f3n interanual (esto es, contra el mismo mes del a\u00f1o previo) alcanz\u00f3 al<strong>&nbsp;115,7%<\/strong>&nbsp;y mostr\u00f3 la decimosexta aceleraci\u00f3n consecutiva\u201d.&nbsp;<\/p>\n\n\n\n<p>\u201cLa&nbsp;<strong>inflaci\u00f3n de mayo<\/strong>&nbsp;estuvo&nbsp;<strong>motorizada nuevamente por Vivienda (+23%), impulsada por subas del 54% en electricidad y del 27% en gas<\/strong>&nbsp;producto de la baja de subsidios implementada por el gobierno nacional. A ello se suman los alquileres, que subieron<strong>&nbsp;8,4%\u201d<\/strong>, detalla el informe.<\/p>\n\n\n\n<p><img decoding=\"async\" src=\"https:\/\/www.canal26.com\/media\/image\/2023\/06\/11\/546922.jpg\" alt=\"Inflaci\u00f3n en Argentina. Fuentes: ITE,UMET,CCD.\"><strong><em>Inflaci\u00f3n en Argentina. Fuentes: ITE,UMET,CCD.<\/em><\/strong><\/p>\n\n\n\n<p>Asimismo, los especialistas destacan que \u201c<strong>el resto de los cap\u00edtulos subi\u00f3 por debajo del nivel general, aunque todos subieron por encima del 6%, algo que no se evidenciaba desde febrero de 1991, previo al Plan de Convertibilidad<\/strong>. Los alimentos y bebidas se desaceleraron y anotaron un 6,8%\u201d.<\/p>\n\n\n\n<p>Para el&nbsp;<strong>coordinador del IET, Fabi\u00e1n Amico<\/strong>, \u201ces importante se\u00f1alar de d\u00f3nde provino la reducci\u00f3n en la inflaci\u00f3n de alimentos, que pas\u00f3 de crecer m\u00e1s o menos 10% el mes pasado y pasa a crecer 6,8%.<strong>&nbsp;Tiene que ver con dos cuestiones vinculadas a los precios internacionales, o sea al ritmo de aumento de los precios de los productos que exporta e importa Argentina, pero fundamentalmente de los que exporta, porque Argentina exporta alimentos.<\/strong>&nbsp;Hubo una ca\u00edda de los precios internacionales de los alimentos y al caer esos valores se provoca un efecto deflacionario sobre los precios internos, en t\u00e9rminos relativos, lo que significa que los precios crecen menos. A su vez, el tipo de cambio mayorista que es el que traduce los precios internacionales hacia el mercado dom\u00e9stico, estuvo relativamente estancado. Por lo tanto, estos dos factores hicieron que desacelerara la inflaci\u00f3n de alimentos en mercado interno\u201d.&nbsp;<\/p>\n\n\n\n<p><img decoding=\"async\" src=\"https:\/\/www.canal26.com\/media\/image\/2023\/06\/11\/546923.jpg\" alt=\"Inflaci\u00f3n en Argentina. Fuentes: ITE,UMET,CCD.\"><strong><em>Inflaci\u00f3n en Argentina. Fuentes: ITE,UMET,CCD.<\/em><\/strong><\/p>\n\n\n\n<h2>Empleo y salarios<\/h2>\n\n\n\n<p>La&nbsp;<strong>segunda parte del informe&nbsp;<\/strong>se concentra en la composici\u00f3n del empleo en los&nbsp;<strong>\u00faltimos 20 a\u00f1os<\/strong>. \u201cTras haber pasado&nbsp;<strong>del 37,6% al 51,8% entre 2003 y 2015<\/strong>, el empleo asalariado registrado viene perdiendo peso dentro del total de la poblaci\u00f3n ocupada. En<strong>&nbsp;2022<\/strong>&nbsp;dio cuenta del&nbsp;<strong>46,4% del total<\/strong>, cifra similar a la de&nbsp;<strong>2007-8<\/strong>. En contraste, vienen ganando peso el cuentapropismo (particularmente el femenino) y el empleo asalariado no registrado\u201d.<\/p>\n\n\n\n<p>El informe presta particular atenci\u00f3n a un segmento del empleo asalariado no registrado poco analizado hasta ahora: \u201c<strong>el de los trabajadores y trabajadoras en relaci\u00f3n de dependencia que, si bien no tienen acceso a vacaciones pagas o aguinaldo, aportan por s\u00ed mismos al sistema jubilatorio (por ejemplo, a trav\u00e9s del monotributo)<\/strong>. Este segmento viene ganando participaci\u00f3n en el total de los asalariados no registrados: pasaron del 8% al 14% del total de este universo entre 2016 y 2022. El dato llamativo es que se trata mayormente de asalariados altamente calificados, con niveles de ingresos y pobreza mucho m\u00e1s parecidos a los asalariados registrados que al resto de los informales. Aqu\u00ed se inscriben, por ejemplo, m\u00e9dicos que facturan a un empleador o mismo una parte de los trabajadores de plataformas como las de transporte y mensajer\u00eda\u201d.<\/p>\n\n\n\n<p>Fuente: canal26<\/p>\n","protected":false},"excerpt":{"rendered":"<div class=\"mh-excerpt\"><p>Informes del Instituto de Estad\u00edstica de los Trabajadores (IET) de la Universidad Metropolitana para la Educaci\u00f3n y el Trabajo (UMET) y el Centro para la Concertaci\u00f3n y el Desarrollo (CCD). Costo de vida en la Argentina. Foto: NA. La&nbsp;inflaci\u00f3n&nbsp;alcanz\u00f3 el&nbsp;42%&nbsp;en los&nbsp;primeros cinco meses del a\u00f1o, cifra que&nbsp;anualizada&nbsp;se transforma en un&nbsp;132%. \u201cEl aumento de este mes se debe a una suba importante en los&nbsp;precios regulados por el Gobierno, particularmente en servicios p\u00fablicos. Eso nos lleva a pensar que se pueden tomar medidas para compensar\u201d, resalt\u00f3 el director general del&nbsp;CCD&nbsp;y&nbsp;exministro de Educaci\u00f3n, Nicol\u00e1s Trotta. El informe de este mes tambi\u00e9n presta atenci\u00f3n <a class=\"mh-excerpt-more\" href=\"http:\/\/dsrmedios.com.ar\/diario\/archivos\/35310\" title=\"Inflaci\u00f3n de los trabajadores en mayo:\u00a0fue de 9,1% y la interanual super\u00f3 el 115%\">[Leer m\u00e1s]<\/a><\/p>\n<\/div>","protected":false},"author":8,"featured_media":35311,"comment_status":"open","ping_status":"closed","sticky":false,"template":"","format":"standard","meta":{"_jetpack_newsletter_access":""},"categories":[6],"tags":[],"jetpack_featured_media_url":"http:\/\/dsrmedios.com.ar\/diario\/wp-content\/uploads\/2023\/06\/DXEIWKSGKINZK7MDWFPQL7CEBA.jpg","jetpack_sharing_enabled":true,"jetpack_shortlink":"https:\/\/wp.me\/p9fihK-9bw","_links":{"self":[{"href":"http:\/\/dsrmedios.com.ar\/diario\/wp-json\/wp\/v2\/posts\/35310"}],"collection":[{"href":"http:\/\/dsrmedios.com.ar\/diario\/wp-json\/wp\/v2\/posts"}],"about":[{"href":"http:\/\/dsrmedios.com.ar\/diario\/wp-json\/wp\/v2\/types\/post"}],"author":[{"embeddable":true,"href":"http:\/\/dsrmedios.com.ar\/diario\/wp-json\/wp\/v2\/users\/8"}],"replies":[{"embeddable":true,"href":"http:\/\/dsrmedios.com.ar\/diario\/wp-json\/wp\/v2\/comments?post=35310"}],"version-history":[{"count":1,"href":"http:\/\/dsrmedios.com.ar\/diario\/wp-json\/wp\/v2\/posts\/35310\/revisions"}],"predecessor-version":[{"id":35312,"href":"http:\/\/dsrmedios.com.ar\/diario\/wp-json\/wp\/v2\/posts\/35310\/revisions\/35312"}],"wp:featuredmedia":[{"embeddable":true,"href":"http:\/\/dsrmedios.com.ar\/diario\/wp-json\/wp\/v2\/media\/35311"}],"wp:attachment":[{"href":"http:\/\/dsrmedios.com.ar\/diario\/wp-json\/wp\/v2\/media?parent=35310"}],"wp:term":[{"taxonomy":"category","embeddable":true,"href":"http:\/\/dsrmedios.com.ar\/diario\/wp-json\/wp\/v2\/categories?post=35310"},{"taxonomy":"post_tag","embeddable":true,"href":"http:\/\/dsrmedios.com.ar\/diario\/wp-json\/wp\/v2\/tags?post=35310"}],"curies":[{"name":"wp","href":"https:\/\/api.w.org\/{rel}","templated":true}]}}