{"id":35304,"date":"2023-06-12T10:15:20","date_gmt":"2023-06-12T13:15:20","guid":{"rendered":"http:\/\/dsrmedios.com.ar\/diario\/?p=35304"},"modified":"2023-06-12T10:15:24","modified_gmt":"2023-06-12T13:15:24","slug":"ganadores-y-perdedores-de-otro-round-electoral-celebraron-el-peronismo-con-manzur-larreta-y-bullrich-mientras-otro-candidato-de-milei-fracaso","status":"publish","type":"post","link":"http:\/\/dsrmedios.com.ar\/diario\/archivos\/35304","title":{"rendered":"Ganadores y perdedores de otro round electoral: celebraron el peronismo con Manzur, Larreta y Bullrich, mientras otro candidato de Milei fracas\u00f3"},"content":{"rendered":"\n<p>Fue un fin de semana de elecciones donde estuvo la regla, la excepci\u00f3n y una decepci\u00f3n que pone en duda todas las proyecciones que se dan por ciertas. En las cuatro provincias donde se vot\u00f3 revivi\u00f3 el bicoalicionismo de&nbsp;<strong>Juntos por el Cambio&nbsp;<\/strong>y el&nbsp;<strong>Frente de Todos&nbsp;<\/strong>que viene ordenando la pol\u00edtica argentina de la \u00faltima d\u00e9cada. No hubo tres tercios, b\u00e1sicamente, porque el \u201ccuco\u201d electoral que viene atormentando a la pol\u00edtica tradicional,&nbsp;<strong>Javier Milei<\/strong>, se diluy\u00f3 en la intrascendencia de otro candidato fallido.<\/p>\n\n\n\n<p>El peronismo pudo celebrar una victoria esperada en Tucum\u00e1n, que dej\u00f3 a<strong>&nbsp;Juan Manzur<\/strong>&nbsp;proyectado hacia la discusi\u00f3n nacional; mientras que el eje PRO-UCR festej\u00f3 el batacazo de San Luis -que era esperado-, una victoria con lecturas contrapuestas en Mendoza y la confirmaci\u00f3n de una hegemon\u00eda blindada en Corrientes en las elecciones legislativas de medio t\u00e9rmino. En C\u00f3rdoba se votaron cargos municipales, y el peronismo provincial y JxC se repartieron, alternativamente, victorias y derrotas.<\/p>\n\n\n\n<p>Salvo en San Luis, donde la dinast\u00eda de los&nbsp;<strong>Rodr\u00edguez Sa\u00e1&nbsp;<\/strong>dej\u00f3 de ser el centro de gravedad del poder provincial por primera vez en 40 a\u00f1os de democracia y se produjo una hist\u00f3rica victoria de<strong>&nbsp;Claudio Poggi<\/strong>, en el resto de los distritos que votaron este domingo, la mayor\u00eda registraron triunfos oficialistas, un fen\u00f3meno que viene ocurriendo desde que se inici\u00f3 este agotador calendario, donde cada mes hay, al menos, una elecci\u00f3n.<\/p>\n\n\n\n<p><img decoding=\"async\" loading=\"lazy\" height=\"1080\" width=\"1920\" srcset=\"https:\/\/www.infobae.com\/new-resizer\/Px0uTAKYnK9Bd5yBDpgOWJlcJXY=\/420x236\/filters:format(webp):quality(85)\/cloudfront-us-east-1.images.arcpublishing.com\/infobae\/NRG5P4QGDVHOPIOG7XJHPWBMBU.jpg 420w,https:\/\/www.infobae.com\/new-resizer\/m9AGVYTiX3GASHzorMIcGe0uqSM=\/768x432\/filters:format(webp):quality(85)\/cloudfront-us-east-1.images.arcpublishing.com\/infobae\/NRG5P4QGDVHOPIOG7XJHPWBMBU.jpg 768w,https:\/\/www.infobae.com\/new-resizer\/XR_jLd588zFeiRXaoewD7Y7KZWA=\/992x558\/filters:format(webp):quality(85)\/cloudfront-us-east-1.images.arcpublishing.com\/infobae\/NRG5P4QGDVHOPIOG7XJHPWBMBU.jpg 992w,https:\/\/www.infobae.com\/new-resizer\/jTguN7tm5jc_xdLueRWvwIs5vcY=\/1200x675\/filters:format(webp):quality(85)\/cloudfront-us-east-1.images.arcpublishing.com\/infobae\/NRG5P4QGDVHOPIOG7XJHPWBMBU.jpg 1200w,https:\/\/www.infobae.com\/new-resizer\/MKQ9HyqrQ9r2KrMNWIT2dMbEnqM=\/1440x810\/filters:format(webp):quality(85)\/cloudfront-us-east-1.images.arcpublishing.com\/infobae\/NRG5P4QGDVHOPIOG7XJHPWBMBU.jpg 1440w\" class=\"\" src=\"https:\/\/cloudfront-us-east-1.images.arcpublishing.com\/infobae\/NRG5P4QGDVHOPIOG7XJHPWBMBU.jpg\" alt=\"Mal domingo. Alberto Rodr\u00edguez Sa\u00e1 y Jorge Fern\u00e1ndez; Javier Milei y Ricardo Bussi; y Anabel Fern\u00e1ndez Sagasti y Omar Parisi.\">Mal domingo. Alberto Rodr\u00edguez Sa\u00e1 y Jorge Fern\u00e1ndez; Javier Milei y Ricardo Bussi; y Anabel Fern\u00e1ndez Sagasti y Omar Parisi.<\/p>\n\n\n\n<p>Antes del an\u00e1lisis de cada provincia, es importante ponerle dimensi\u00f3n a lo que ocurri\u00f3 ayer. Seg\u00fan el padr\u00f3n nacional oficial, estaban habilitados para votar m\u00e1s de 4 millones de argentinos, que representan cerca del 12% del total pa\u00eds: Mendoza (1.439.463 electores); Tucum\u00e1n (1.267.045 electores); Corrientes (894.376 electores); y San Luis (393.472 electores). En C\u00f3rdoba, las elecciones ocurrieron en 32 municipios, y el n\u00famero no altera el global. Antes de este domingo, fueron a las urnas la siguiente cantidad de electores: en Neuqu\u00e9n, 526.441; en R\u00edo Negro, 560.880; en Misiones, 948.500; en Jujuy, 573.326; en La Rioja, 294.509; en Salta, 1.051.142; en La Pampa, 293.790; en Tierra del Fuego, 141.548; y en San Juan -sin gobernador-, 579.913.<\/p>\n\n\n\n<p>Salvo en Neuqu\u00e9n, donde el ex MPN&nbsp;<strong>Rodolfo&nbsp;<\/strong><em><strong>Rolo<\/strong><\/em><strong>&nbsp;Figueroa v<\/strong>enci\u00f3 al oficialista Movimiento Popular Neuquino que respond\u00eda al caudillismo prepotente del clan Sapag; y ayer Poggi, que con apoyo de&nbsp;<strong>Adolfo Rodr\u00edguez Sa\u00e1<\/strong>, le gan\u00f3 al candidato de su hermano, el actual gobernador&nbsp;<strong>Alberto Rodr\u00edguez Sa\u00e1<\/strong>, en el resto de las provincias ganaron los oficialismos. El peronismo, sus aliados provinciales y los radicales, revalidaron sus t\u00edtulos. Y las derrotas fueron, en los hechos, cismas o astillas del mismo palo.<\/p>\n\n\n\n<p><strong>Infobae&nbsp;<\/strong>convoc\u00f3 para analizar los pormenores de este nuevo round electoral a tres destacados analistas pol\u00edticos,&nbsp;<strong>Federico Aurelio<\/strong>&nbsp;(Aresco-Julio Aurelio);&nbsp;<strong>Lucas Romero<\/strong>&nbsp;(Synopsis) y<strong>&nbsp;Shila Vilker&nbsp;<\/strong>(TresPuntoZero). Los tres coincidieron en que se repiti\u00f3 la tendencia de que los oficialismos provinciales ganan porque logran despegarse de la din\u00e1mica nacional, que la mala performance de Milei es uno de los datos salientes del domingo, y que lo ocurrido en San Luis, si bien tiene un impacto simb\u00f3lico importante, es la consecuencia de la fractura del clan Rodr\u00edguez Sa\u00e1.<\/p>\n\n\n\n<p>Ahora, el interrogante que se abre es \u00bfpueden todos estos resultados estar anunciando alguna tendencia en el \u00e1mbito nacional? \u00bfCuando se vote en las PASO del 13 de agosto, se repetir\u00e1 en esas provincias las mismas din\u00e1micas? \u201cNo se puede sacar conclusiones de lo nacional a partir de estas elecciones\u201d, aclar\u00f3 Aurelio. \u201cEn todas estas provincias, la gente est\u00e1 pensando absolutamente en lo provincial, no est\u00e1n teniendo en la cabeza lo nacional. Tienen un nivel de satisfacci\u00f3n lo suficientemente importante como para avalarlo con el voto de una manera tan contundente\u201d, agreg\u00f3.<\/p>\n\n\n\n<p>Shila Vilker tambi\u00e9n advirti\u00f3 que no es apropiado \u201cpensar las fotos de las elecciones provinciales termine influyendo en la cuesti\u00f3n nacional. El ejemplo de esto es Javier Milei, que en el \u00e1mbito provincial no influye, pero s\u00ed lo hace en la cuesti\u00f3n nacional\u201d.<\/p>\n\n\n\n<p>\u201cHasta ahora, hay una elecci\u00f3n de tres. El electorado a\u00fan est\u00e1 pidiendo salir de la opci\u00f3n radicales y peronistas. Es basta de lo conocido\u201d, advirti\u00f3 la directora de TresPuntoZero.<\/p>\n\n\n\n<h2>San Luis, un laboratorio<\/h2>\n\n\n\n<p><img decoding=\"async\" loading=\"lazy\" alt=\"Claudio Poggi y Horacio Rodr\u00edguez Larreta. El jefe de gobierno lleg\u00f3 a la provincia con los radicales Gerardo Morales y Mart\u00edn Lousteau, con el liberal Jos\u00e9 Luis Espert y la progresista Margarita Stolbizer.\" height=\"1066\" width=\"1600\" class=\"\" src=\"https:\/\/cloudfront-us-east-1.images.arcpublishing.com\/infobae\/2R3H5EL6NVCMHOVVNREEF76D5U.jpeg\" srcset=\"https:\/\/www.infobae.com\/new-resizer\/OvPGA73R2X1ux_SombD-0Jp2-Jg=\/420x280\/filters:format(webp):quality(85)\/cloudfront-us-east-1.images.arcpublishing.com\/infobae\/2R3H5EL6NVCMHOVVNREEF76D5U.jpeg 420w,https:\/\/www.infobae.com\/new-resizer\/TApEE6V5SOcng3Bf4fHN1DG8Ny8=\/768x512\/filters:format(webp):quality(85)\/cloudfront-us-east-1.images.arcpublishing.com\/infobae\/2R3H5EL6NVCMHOVVNREEF76D5U.jpeg 768w,https:\/\/www.infobae.com\/new-resizer\/q_-lz-Z9pMpU1wpSnK9hSoRz_80=\/992x661\/filters:format(webp):quality(85)\/cloudfront-us-east-1.images.arcpublishing.com\/infobae\/2R3H5EL6NVCMHOVVNREEF76D5U.jpeg 992w,https:\/\/www.infobae.com\/new-resizer\/1XrN0mxg3qTzo5UO6QIIeX4i__g=\/1200x800\/filters:format(webp):quality(85)\/cloudfront-us-east-1.images.arcpublishing.com\/infobae\/2R3H5EL6NVCMHOVVNREEF76D5U.jpeg 1200w,https:\/\/www.infobae.com\/new-resizer\/nqWD9uwscWZy-rYbZWl3FlUk1uY=\/1440x960\/filters:format(webp):quality(85)\/cloudfront-us-east-1.images.arcpublishing.com\/infobae\/2R3H5EL6NVCMHOVVNREEF76D5U.jpeg 1440w\">Claudio Poggi y Horacio Rodr\u00edguez Larreta. El jefe de gobierno lleg\u00f3 a la provincia con los radicales Gerardo Morales y Mart\u00edn Lousteau, con el liberal Jos\u00e9 Luis Espert y la progresista Margarita Stolbizer.<\/p>\n\n\n\n<p>La victoria de<strong>\u00a0Claudio Poggi<\/strong>, hist\u00f3rica y por un amplia diferencia frente los sublemas que impulsaba Alberto Rodr\u00edguez Sa\u00e1, fue uno de los datos distintivos que tuvo la jornada electoral y que fue capitalizado, sobre todo, por el jefe de gobierno porte\u00f1o, Horacio Rodr\u00edguez Larreta.<\/p>\n\n\n\n<p>Lucas Romero deline\u00f3 algunos contornos de la figura pol\u00edtica de Claudio Poggi que relativizan su pertenencia. Record\u00f3 que fue gobernador de los Rodr\u00edguez Sa\u00e1, que milit\u00f3 de joven en la Franja Morada -la rama universitaria del radicalismo- que luego integr\u00f3 el oficialismo del clan familiar que gobern\u00f3 San Luis desde el regreso de la democracia.<\/p>\n\n\n\n<p>\u201cLa pelea de Alberto y Adolfo Rodr\u00edguez Sa\u00e1 explica este resultado y la ocurrencia, por primera vez desde el regreso de la democracia de una alternancia pol\u00edtica real en la provincia de San Luis\u201d, resalt\u00f3 y agreg\u00f3: \u201cAc\u00e1 aparece el dato pol\u00edtico m\u00e1s relevante para Horacio Rodr\u00edguez Larreta y por eso fue hasta all\u00ed. Es una victoria muy significativa, sobre todo en el contexto que tuvo esta semana que pas\u00f3\u201d.<\/p>\n\n\n\n<p>Romero subray\u00f3 que, en l\u00ednea a la propuesta del jefe de gobierno porte\u00f1o termina, Poggi gan\u00f3 con una coalici\u00f3n amplia, que convoc\u00f3 a peronistas, radicales, el PRO y dirigentes, incluso, como Adolfo Rodr\u00edguez Sa\u00e1. El senador hasta hace pocas semanas se fotografiaba con Cristina Kirchner en primera fila.<\/p>\n\n\n\n<p>Convalida, para Romero, una construcci\u00f3n exitosa, que \u201cno es purista\u201d. \u201cPoggi es dif\u00edcil definirlo como peronista, pero en el lugar com\u00fan surgi\u00f3 de los Rodr\u00edguez Sa\u00e1, fue gobernador de ellos, y despu\u00e9s fue incorporado a Juntos por el Cambio y Larreta apost\u00f3 mucho por \u00e9l, que termin\u00f3 ganando\u201d.<\/p>\n\n\n\n<p>Por su parte, Federico Aurelio resalt\u00f3 tambi\u00e9n que Poggi \u201cse manej\u00f3 con un nivel de autonom\u00eda importante, al punto que los Rodr\u00edguez Sa\u00e1 decidieron desplazarlo de todos los cargos y por eso termin\u00f3 corrido y se incorpor\u00f3 a Cambiemos. \u201cEste Poggi seguramente va a tener m\u00e1s autonom\u00eda que antes, a\u00fan cuando tenga a Adolfo Rodr\u00edguez Sa\u00e1 detr\u00e1s y con un rol en el nuevo gobierno\u201d.<\/p>\n\n\n\n<h2>Tucum\u00e1n y la fortaleza peronista<\/h2>\n\n\n\n<p><img decoding=\"async\" loading=\"lazy\" alt=\"Manzur, Jaldo, Zamora, Insfr\u00e1n, Quintela, Jalil y varios vicegobernadores.\" height=\"1066\" width=\"1599\" class=\"\" src=\"https:\/\/cloudfront-us-east-1.images.arcpublishing.com\/infobae\/UWWZWLXZ2ZGCPO3BOWLJAZIZ5M.jpg\" srcset=\"https:\/\/www.infobae.com\/new-resizer\/tJA2SBs-E_aqadOSPUT3FfgixzQ=\/420x280\/filters:format(webp):quality(85)\/cloudfront-us-east-1.images.arcpublishing.com\/infobae\/UWWZWLXZ2ZGCPO3BOWLJAZIZ5M.jpg 420w,https:\/\/www.infobae.com\/new-resizer\/sjuvAj5besoMQaIoNusobBP4puU=\/768x512\/filters:format(webp):quality(85)\/cloudfront-us-east-1.images.arcpublishing.com\/infobae\/UWWZWLXZ2ZGCPO3BOWLJAZIZ5M.jpg 768w,https:\/\/www.infobae.com\/new-resizer\/AwtEx1K0giDyAez2hW7k_gvfoTo=\/992x661\/filters:format(webp):quality(85)\/cloudfront-us-east-1.images.arcpublishing.com\/infobae\/UWWZWLXZ2ZGCPO3BOWLJAZIZ5M.jpg 992w,https:\/\/www.infobae.com\/new-resizer\/VL0u7lTXDXQVsF4Ey_HR3YPZEUk=\/1200x800\/filters:format(webp):quality(85)\/cloudfront-us-east-1.images.arcpublishing.com\/infobae\/UWWZWLXZ2ZGCPO3BOWLJAZIZ5M.jpg 1200w,https:\/\/www.infobae.com\/new-resizer\/1ha0VhcUwE2QHZmfNzjyIcnWavw=\/1440x960\/filters:format(webp):quality(85)\/cloudfront-us-east-1.images.arcpublishing.com\/infobae\/UWWZWLXZ2ZGCPO3BOWLJAZIZ5M.jpg 1440w\">Manzur, Jaldo, Zamora, Insfr\u00e1n, Quintela, Jalil y varios vicegobernadores.<\/p>\n\n\n\n<p>La elecci\u00f3n de Tucum\u00e1n dej\u00f3 como principal ganador a Juan Manzur, que si bien tuvo que abandonar su lugar en el binomio por orden de la Corte Suprema, se encumbr\u00f3 como jefe de la campa\u00f1a victoriosa y, por eso, hombre con pergaminos revalidados para meterse en la discusi\u00f3n nacional, sobre todo de candidaturas. Tucum\u00e1n es la tercera provincia m\u00e1s importante gobernada por el peronismo, despu\u00e9s de Santa Fe y Buenos Aires, dos distritos donde las chances de victoria est\u00e1n en principio comprometidas.<\/p>\n\n\n\n<p>Si bien se preve\u00eda que Juntos por el Cambio pod\u00eda hacer una buena elecci\u00f3n, Roberto S\u00e1nchez apenas obtuvo el 35% frente al 58% de la f\u00f3rmula ganadora. Jaldo record\u00f3 a la Corte Suprema de Justicia y dijo que \u201cperdi\u00f3\u201d al igual que los candidatos y los referentes nacionales opositores.<\/p>\n\n\n\n<p>En ese sentido, Shila Vilker advirti\u00f3 que el fallo del m\u00e1ximo tribunal \u201ctermin\u00f3 siendo un b\u00fameran, y termin\u00f3 trabajando para el peronismo. No es un fen\u00f3meno nuevo, porque ya se dio en San Juan, que tambi\u00e9n le impidieron a Sergio U\u00f1ac ser candidato y el peronismo se qued\u00f3 con el 70 por ciento de las intendencias\u201d.<\/p>\n\n\n\n<p>\u201cDonde la Corte interviene, el peronismo se fortalece. Si la intenci\u00f3n era da\u00f1ar no les sali\u00f3\u201d, agreg\u00f3 la directora de la consultora TresPuntoZero, que agreg\u00f3 que se esperaban mejores resultados de S\u00e1nchez y Germ\u00e1n Alfaro. \u201cEl peronismo ah\u00ed es indiscutido\u201d.<\/p>\n\n\n\n<p>Manzur y Osvaldo Jaldo, el mandatario electo, se mostraron anoche junto a&nbsp;<strong>Gildo Insfr\u00e1n<\/strong>, gobernador de Formosa, presidente del Congreso del PJ,&nbsp;<strong>Gerardo Zamora<\/strong>&nbsp;(Santiago del Estero),&nbsp;<strong>Ricardo Quintela<\/strong>&nbsp;(La Rioja);&nbsp;<strong>Ra\u00fal Jalil&nbsp;<\/strong>(Catamarca); y varios vicegobernadores. Luego lleg\u00f3 el ministro del Interior,&nbsp;<strong>Eduardo \u201cWado\u201d De Pedro<\/strong>, y hoy ser\u00e1 visitado por&nbsp;<strong>Alberto Fern\u00e1ndez<\/strong>.<\/p>\n\n\n\n<p>\u201cEstos dirigentes provinciales que lograron este acompa\u00f1amiento en sus provincias van a ser deseados por todos los candidatos presidenciales del peronismo. Por eso la presencia de Wado De Pedro buscando capitalizar parte de este triunfo\u201d, dijo Federico Aurelio, aunque relativiz\u00f3 que puedan conseguir un lugar en la f\u00f3rmula presidencial: \u201cTampoco hay demasiado tiempo hasta el 24 de junio\u201d.<\/p>\n\n\n\n<p><img decoding=\"async\" loading=\"lazy\" alt=\"Wado De Pedro y Juan Manzur mantienen una excelente relaci\u00f3n pol\u00edtica. En la foto, con Jaldo.\" height=\"461\" width=\"819\" class=\"\" src=\"https:\/\/cloudfront-us-east-1.images.arcpublishing.com\/infobae\/EQRLRJQBOBABDHAWIKOFBZR6HQ.jpeg\" srcset=\"https:\/\/www.infobae.com\/new-resizer\/EHCLjKeUzxavy6603qScA8eNm9E=\/420x236\/filters:format(webp):quality(85)\/cloudfront-us-east-1.images.arcpublishing.com\/infobae\/EQRLRJQBOBABDHAWIKOFBZR6HQ.jpeg 420w,https:\/\/www.infobae.com\/new-resizer\/HmQH7Tr6zv9htlhqim6fayXyYUw=\/768x432\/filters:format(webp):quality(85)\/cloudfront-us-east-1.images.arcpublishing.com\/infobae\/EQRLRJQBOBABDHAWIKOFBZR6HQ.jpeg 768w,https:\/\/www.infobae.com\/new-resizer\/yFJRy-_XDeJj_fSqKVOuHMGyUT8=\/992x558\/filters:format(webp):quality(85)\/cloudfront-us-east-1.images.arcpublishing.com\/infobae\/EQRLRJQBOBABDHAWIKOFBZR6HQ.jpeg 992w,https:\/\/www.infobae.com\/new-resizer\/Lfp8vHlLx4YCSkxDudiXG-HJmvQ=\/1200x675\/filters:format(webp):quality(85)\/cloudfront-us-east-1.images.arcpublishing.com\/infobae\/EQRLRJQBOBABDHAWIKOFBZR6HQ.jpeg 1200w,https:\/\/www.infobae.com\/new-resizer\/W7xhJp0i45Yi0ss_vrMTbKY5bIo=\/1440x810\/filters:format(webp):quality(85)\/cloudfront-us-east-1.images.arcpublishing.com\/infobae\/EQRLRJQBOBABDHAWIKOFBZR6HQ.jpeg 1440w\">Wado De Pedro y Juan Manzur mantienen una excelente relaci\u00f3n pol\u00edtica. En la foto, con Jaldo.<\/p>\n\n\n\n<p>Para Lucas Romero, el resultado de Tucum\u00e1n \u201cfortaleci\u00f3 a Manzur\u201d debido a que en la previa exist\u00eda la presunci\u00f3n de que pod\u00eda haber un resultado m\u00e1s parejo con Juntos por el Cambio, algo que finalmente no ocurri\u00f3. \u201cLos gobernadores van a tratar de hacer causa com\u00fan para poder poner o incidir en la confecci\u00f3n de la oferta electoral del oficialismo, que por otra parte no la tuvieron en el 2019, porque estuvieron muy relegados\u201d, explic\u00f3 el titular de Synopsis.<\/p>\n\n\n\n<h2>El fen\u00f3meno Milei<\/h2>\n\n\n\n<figure class=\"wp-block-image\"><img decoding=\"async\" src=\"https:\/\/cloudfront-us-east-1.images.arcpublishing.com\/infobae\/JPC6P4PCUFFFJFUK4JHQL5WNTQ.jpg\" alt=\"infobae\"\/><\/figure>\n\n\n\n<p>As\u00ed como ocurri\u00f3 en La Rioja, con Mart\u00edn Menem, que qued\u00f3 lejos, con el 15% de los votos para gobernador, Ricardo Bussi, de Fuerza Republicana, obtuvo apenas el 4% de los votos. Son los dos candidatos con los que Milei se hab\u00eda comprometido de manera personal. Eran los \u201cpropios\u201d, pero que quedaron bastante m\u00e1s lejos de lo esperado, como tambi\u00e9n tuvieron magras cosechas en Tierra del Fuego, en Neuqu\u00e9n, entre otros.<\/p>\n\n\n\n<p><strong>Shila Vilker<\/strong>&nbsp;destac\u00f3 que este resultado es relevante porque \u201cya se empieza a ver en los grupos focales a nivel nacional cierto desencanto con Milei por los resultados en las provincias. Aparece la pregunta \u00bfsi no puedo construir nada en ninguna provincia c\u00f3mo va a poder en el gobierno nacional?\u201d.<\/p>\n\n\n\n<p>Romero coincidi\u00f3 que en Tucum\u00e1n el dato sobresaliente del domingo fue, adem\u00e1s de una victoria holgada de Manzur y Jaldo, \u201cla mala elecci\u00f3n del candidato de Javier Milei\u201d. \u201cNo hay duda que Milei mide lo que mide en el consenso de las encuestas. A todos nos da lo mismo \u00bfpero c\u00f3mo se explica que sus candidatos tengan estos resultados? -afirm\u00f3 el titular de Synopsis- M\u00e1s all\u00e1 de la ratificaci\u00f3n de que le falta estructura, plantea un interrogante y un s\u00edntoma de algo que puede estar ocurriendo, que es un retroceso\u201d.<\/p>\n\n\n\n<p>Federico Aurelio coincide que el resultado decepcionante del l\u00edder libertario plantea el interrogante: \u201c\u00bfC\u00f3mo puede ser que tenga m\u00e1s de 20 puntos en las encuestas, si sus candidatos no llegan al 5%? A Bussi, que lleg\u00f3 a tener 15 puntos y su padre lleg\u00f3 a ser electo gobernador, no le sum\u00f3 votos, sino que por distintos factores le rest\u00f3 y termin\u00f3 haciendo una muy mala elecci\u00f3n\u201d.<\/p>\n\n\n\n<p>\u201cEs la segunda vez que pasa. Tanto en La Rioja, con Mart\u00edn Menem, como con Ricardo Bussi, en Tucum\u00e1n. Milei no tiene ninguna impronta provincial. El fen\u00f3meno Milei est\u00e1 muy pensado en t\u00e9rminos nacionales y en los temas vinculados a la econom\u00eda.<\/p>\n\n\n\n<p>\u201cEs una se\u00f1al que deber\u00e1 tener en cuenta de que no tiene asegurado el caudal electoral que hoy se ve en las encuestas nacionales. De la misma manera que tuvo un crecimiento muy r\u00e1pido en pocos meses va a tener que sustentar ahora mucho m\u00e1s su posicionamiento\u201d, explic\u00f3 Aurelio y agreg\u00f3 que por \u201cno tener estructura en ninguna provincia, Milei puede tener serias dificultades para la fiscalizaci\u00f3n, sino convocar a dirigentes provinciales y municipales que avalen su candidatura\u201d.<\/p>\n\n\n\n<figure class=\"wp-block-image\"><img decoding=\"async\" src=\"https:\/\/cloudfront-us-east-1.images.arcpublishing.com\/infobae\/KONEFUAHLZEGBDEPASHY7DQSW4.jpg\" alt=\"infobae\"\/><\/figure>\n\n\n\n<h2>Los mensajes de Mendoza<\/h2>\n\n\n\n<p>En Mendoza, el senador&nbsp;<strong>Alfredo Cornejo<\/strong>&nbsp;se impuso en la interna de Cambia Mendoza por una diferencia de casi 100 mil votos ante el ex diputado nacional Luis Petri, que fue la gran sorpresa de este domingo, ya que cosech\u00f3 cerca del 18% de los votos, un caudal inesperado. Adem\u00e1s, el ex halc\u00f3n del PRO, Omar De Marchi, qued\u00f3 consolidado como el gran opositor, al obtener m\u00e1s del 22% de los votos, dejando en un tercero y deslucido lugar al peronismo que es conducido por La C\u00e1mpora.<\/p>\n\n\n\n<p>En la provincia, Patricia Bullrich se hizo presente y busc\u00f3 capitalizar como propio esa victoria, mientras suena el actual mandatario Rodolfo Su\u00e1rez como uno de los nombres que sonaban como su posible compa\u00f1ero de f\u00f3rmula.<\/p>\n\n\n\n<p><strong>Shila Vilker<\/strong>&nbsp;destac\u00f3 que \u201ceste resultado debe inscribirse de cara a la Convenci\u00f3n Nacional del radicalismo y explica por qu\u00e9 Bullrich viaj\u00f3 a la provincia y no tiene pensado moverse de ah\u00ed. Y para Cornejo, llegar con la victoria, es un antecedente importante. Es el candidato que m\u00e1s votos sac\u00f3 en Mendoza, se impuso en su espacio y frente al resto \u00bfqu\u00e9 m\u00e1s se le puede pedir?\u201d. Tambi\u00e9n consider\u00f3 que la buena performance de Petri tiene que ver \u201ccon que \u00e9l es una novedad\u201d en el sistema.<\/p>\n\n\n\n<p><img decoding=\"async\" loading=\"lazy\" alt=\"Patricia Bullrich fue hasta Mendoza y festej\u00f3 con Alfredo Cornejo y Luis Petri\" height=\"1064\" width=\"1600\" class=\"\" src=\"https:\/\/cloudfront-us-east-1.images.arcpublishing.com\/infobae\/BKH6HR4JFFDLFGICDVQZQSOJDM.jpg\" srcset=\"https:\/\/www.infobae.com\/new-resizer\/CyEUMfgAvvPJ4Iy6rZeDUGnQkQ8=\/420x280\/filters:format(webp):quality(85)\/cloudfront-us-east-1.images.arcpublishing.com\/infobae\/BKH6HR4JFFDLFGICDVQZQSOJDM.jpg 420w,https:\/\/www.infobae.com\/new-resizer\/qp-_Y5g2FcSToVp638L6SVopfeU=\/768x512\/filters:format(webp):quality(85)\/cloudfront-us-east-1.images.arcpublishing.com\/infobae\/BKH6HR4JFFDLFGICDVQZQSOJDM.jpg 768w,https:\/\/www.infobae.com\/new-resizer\/1RjAIQGKpeb-LJyBVytBDHHL2Vo=\/992x661\/filters:format(webp):quality(85)\/cloudfront-us-east-1.images.arcpublishing.com\/infobae\/BKH6HR4JFFDLFGICDVQZQSOJDM.jpg 992w,https:\/\/www.infobae.com\/new-resizer\/a536Y8161xOIZRHJkGVnj093U10=\/1200x800\/filters:format(webp):quality(85)\/cloudfront-us-east-1.images.arcpublishing.com\/infobae\/BKH6HR4JFFDLFGICDVQZQSOJDM.jpg 1200w,https:\/\/www.infobae.com\/new-resizer\/VA8cc75yYiBBtbD-4X_0mgJJReY=\/1440x960\/filters:format(webp):quality(85)\/cloudfront-us-east-1.images.arcpublishing.com\/infobae\/BKH6HR4JFFDLFGICDVQZQSOJDM.jpg 1440w\">Patricia Bullrich fue hasta Mendoza y festej\u00f3 con Alfredo Cornejo y Luis Petri<\/p>\n\n\n\n<p>Para&nbsp;<strong>Lucas Romero<\/strong>, los dos datos que dej\u00f3 la elecci\u00f3n de Mendoza fue la buena elecci\u00f3n de&nbsp;<strong>Luis Petri<\/strong>&nbsp;-\u201dque nadie vio venir\u201d, advirti\u00f3- y un resultado por debajo de las expectativas del senador Cornejo. \u201cEl mito era que Cornejo era el dirigente que controlaba el radicalismo de Mendoza y ac\u00e1 le apareci\u00f3 un competidor importante, que deja un interrogante abierto sobre esa idea\u201d, explic\u00f3. Y tambi\u00e9n la performance de&nbsp;<strong>Omar de Marchi<\/strong>, el ex halc\u00f3n del PRO que rompi\u00f3 con Cambia Mendoza, y cosech\u00f3 m\u00e1s del 21% de los votos.<\/p>\n\n\n\n<p>\u201cTambi\u00e9n es una se\u00f1al de que hay nuevos dirigentes. Ha hecho una gran elecci\u00f3n Petri, con m\u00e1s de 16 puntos. Si bien le suma al espacio de Cornejo, le impide a Cornejo tener la contundencia que seguramente \u00e9l hubiera pretendido tener para nacionalizar su triunfo. Con un caudal electoral que no llega al 30% de los votos, dif\u00edcilmente va a poder nacionalizar su elecci\u00f3n y tendr\u00e1 que hablar de la importancia que tiene Cambiemos\u201d, explic\u00f3 el director de Aresco&nbsp;<strong>Julio Aurelio<\/strong>.<\/p>\n\n\n\n<p>Adem\u00e1s de coincidir con la perspectiva de Romero, Federico Aurelio complet\u00f3: \u201cIndependientemente del triunfo de Cambiemos, que fue contundente, hay un peronismo con una severa crisis que lo dej\u00f3 en un tercer lugar, por lo cual va a tener que replantearse todo. Es un peronismo que gobern\u00f3 muchas veces Mendoza y que, indudablemente va a tener que hacer una autocr\u00edtica y una renovaci\u00f3n importante de sus dirigentes\u201d, afirm\u00f3 Federico Aurelio.<\/p>\n\n\n\n<p>El otro dato es que el peronismo, cuya figura central es la senadora nacional Anabel Fern\u00e1ndez Sagasti, una dirigente de La C\u00e1mpora y de extrema confianza de Cristina Kirchner, si bien logr\u00f3 que el candidato que ella apoyaba, Parisi, se impusiera en la interna, el PJ qued\u00f3 tercero, con el ganador cosechando menos de 8% de manera individual.<\/p>\n\n\n\n<p>Por su parte, Romero resalt\u00f3 que la perfomance de De Marchi, despu\u00e9s de la crisis nacional que gener\u00f3 por su decisi\u00f3n de romper el frente Cambia Mendoza, \u201clos n\u00fameros no lo est\u00e1n acompa\u00f1ando y no da la sensaci\u00f3n de que est\u00e9 competitivo para pelear la gobernaci\u00f3n\u201d.<\/p>\n\n\n\n<p><img decoding=\"async\" loading=\"lazy\" alt=\"La senador camporista Anabel Fern\u00e1ndez Sagasti y, a su lado, Omar Parisi\" height=\"1356\" width=\"2048\" class=\"\" src=\"https:\/\/cloudfront-us-east-1.images.arcpublishing.com\/infobae\/TUYZ7AALPZHXNBI6U6NWM3P4EY.jpg\" srcset=\"https:\/\/www.infobae.com\/new-resizer\/nmGxr8eAGm1vGYAOftcx6c4WVNE=\/420x280\/filters:format(webp):quality(85)\/cloudfront-us-east-1.images.arcpublishing.com\/infobae\/TUYZ7AALPZHXNBI6U6NWM3P4EY.jpg 420w,https:\/\/www.infobae.com\/new-resizer\/vcF-M-2zRGeBtBTWAHoOgr7_F7Q=\/768x512\/filters:format(webp):quality(85)\/cloudfront-us-east-1.images.arcpublishing.com\/infobae\/TUYZ7AALPZHXNBI6U6NWM3P4EY.jpg 768w,https:\/\/www.infobae.com\/new-resizer\/_PVQqLZrJmGihV5_CLziI5kaBHw=\/992x661\/filters:format(webp):quality(85)\/cloudfront-us-east-1.images.arcpublishing.com\/infobae\/TUYZ7AALPZHXNBI6U6NWM3P4EY.jpg 992w,https:\/\/www.infobae.com\/new-resizer\/Unk2es9sYOMZCtkggRWp0WMCWOo=\/1200x800\/filters:format(webp):quality(85)\/cloudfront-us-east-1.images.arcpublishing.com\/infobae\/TUYZ7AALPZHXNBI6U6NWM3P4EY.jpg 1200w,https:\/\/www.infobae.com\/new-resizer\/xEf4wpqW4zmWaPPSJGiTk9dUAnY=\/1440x960\/filters:format(webp):quality(85)\/cloudfront-us-east-1.images.arcpublishing.com\/infobae\/TUYZ7AALPZHXNBI6U6NWM3P4EY.jpg 1440w\">La senador camporista Anabel Fern\u00e1ndez Sagasti y, a su lado, Omar Parisi<\/p>\n\n\n\n<h2>Corrientes, menos pero igual<\/h2>\n\n\n\n<p>El gobernador Gustavo Vald\u00e9s, radical y de excelente relaci\u00f3n con Rodr\u00edguez Larreta, se impuso por m\u00e1s del 65 por ciento en las elecciones legislativas de medio t\u00e9rmino, mientras que el peronismo -que tras la muerte del ex senador Fabi\u00e1n R\u00edos, tiene el liderazgo vacante- qued\u00f3 muy lejos, con cerca del 30%.<\/p>\n\n\n\n<p>\u201cCorrientes se ha consolidado como la versi\u00f3n radical de las provincias del norte, que en general son gobernadas por el peronismo y que consiguen triunfos arrasadores. Vald\u00e9s ha construido un espacio propio y consolidado que lo impulsa como una de las opciones para discutir o integrar f\u00f3rmulas\u201d, explic\u00f3 Lucas Romero.<\/p>\n\n\n\n<p>Fuentes del peronismo de Corrientes aseguraron que el balance de las elecciones legislativas no fue negativo para ellos, resaltaron que hubo un retroceso del orden del 10% y aclararon que todav\u00eda no se consolid\u00f3 una nueva conducci\u00f3n provincial del partido.<\/p>\n\n\n\n<p><img decoding=\"async\" loading=\"lazy\" alt=\"Gustavo Vald\u00e9s, gobernador de Corrientes, junto a Horacio Rodr\u00edguez Larreta, precandidato a presidente de Juntos por el Cambio, en la gobernaci\u00f3n de la provincia\" height=\"682\" width=\"1024\" class=\"\" src=\"https:\/\/cloudfront-us-east-1.images.arcpublishing.com\/infobae\/TS54IZGIUFGEBNNS7BQUNWWLQE.jpeg\" srcset=\"https:\/\/www.infobae.com\/new-resizer\/iW69BETy-W0NKCTYPiKc8dDLOPs=\/420x280\/filters:format(webp):quality(85)\/cloudfront-us-east-1.images.arcpublishing.com\/infobae\/TS54IZGIUFGEBNNS7BQUNWWLQE.jpeg 420w,https:\/\/www.infobae.com\/new-resizer\/QHUaBGiHXF5F-rK3gDG79e7JpjY=\/768x512\/filters:format(webp):quality(85)\/cloudfront-us-east-1.images.arcpublishing.com\/infobae\/TS54IZGIUFGEBNNS7BQUNWWLQE.jpeg 768w,https:\/\/www.infobae.com\/new-resizer\/hIC2HL5Ft6wfh9TpqTNOuBYpIok=\/992x661\/filters:format(webp):quality(85)\/cloudfront-us-east-1.images.arcpublishing.com\/infobae\/TS54IZGIUFGEBNNS7BQUNWWLQE.jpeg 992w,https:\/\/www.infobae.com\/new-resizer\/XNW3Wna7XNk49Msp6rQjFhdEMFQ=\/1200x800\/filters:format(webp):quality(85)\/cloudfront-us-east-1.images.arcpublishing.com\/infobae\/TS54IZGIUFGEBNNS7BQUNWWLQE.jpeg 1200w,https:\/\/www.infobae.com\/new-resizer\/B3l0tJ5gj9iSe8OGMAS3w0RdXf4=\/1440x960\/filters:format(webp):quality(85)\/cloudfront-us-east-1.images.arcpublishing.com\/infobae\/TS54IZGIUFGEBNNS7BQUNWWLQE.jpeg 1440w\">Gustavo Vald\u00e9s, gobernador de Corrientes, junto a Horacio Rodr\u00edguez Larreta, precandidato a presidente de Juntos por el Cambio, en la gobernaci\u00f3n de la provincia<\/p>\n\n\n\n<p>Por otra parte, en C\u00f3rdoba tambi\u00e9n hubo elecciones municipales en 35 localidades de C\u00f3rdoba, de las cuales se vot\u00f3 en 32 ya que en tres hubo lista \u00fanica. Hacemos Unidos por C\u00f3rdoba recuper\u00f3 8 municipios.<\/p>\n\n\n\n<p>En Montecristo gan\u00f3 Daniel Alejandro Haniewicz; en las Higueras, Giafranco Lucchesi; en Piquill\u00edn, David Moreno; en Agua de Oro, Miguel Aguirre; en Saturnino Laspiur, Horacio Depetris; en Ballesteros, Graciela S\u00e1nchez; y en Ballesteros Sud, Elena Bertero. Al este provincial en Morteros gan\u00f3 Sebasti\u00e1n Demarchi, segunda qued\u00f3 Valeria Gandino, de Juntos por el Cambio y tercero result\u00f3 el candidato del kirchnerismo, Ider Peretti.<\/p>\n\n\n\n<p>Fuente: Infobae<\/p>\n","protected":false},"excerpt":{"rendered":"<div class=\"mh-excerpt\"><p>Fue un fin de semana de elecciones donde estuvo la regla, la excepci\u00f3n y una decepci\u00f3n que pone en duda todas las proyecciones que se dan por ciertas. En las cuatro provincias donde se vot\u00f3 revivi\u00f3 el bicoalicionismo de&nbsp;Juntos por el Cambio&nbsp;y el&nbsp;Frente de Todos&nbsp;que viene ordenando la pol\u00edtica argentina de la \u00faltima d\u00e9cada. No hubo tres tercios, b\u00e1sicamente, porque el \u201ccuco\u201d electoral que viene atormentando a la pol\u00edtica tradicional,&nbsp;Javier Milei, se diluy\u00f3 en la intrascendencia de otro candidato fallido. El peronismo pudo celebrar una victoria esperada en Tucum\u00e1n, que dej\u00f3 a&nbsp;Juan Manzur&nbsp;proyectado hacia la discusi\u00f3n nacional; mientras que el <a class=\"mh-excerpt-more\" href=\"http:\/\/dsrmedios.com.ar\/diario\/archivos\/35304\" title=\"Ganadores y perdedores de otro round electoral: celebraron el peronismo con Manzur, Larreta y Bullrich, mientras otro candidato de Milei fracas\u00f3\">[Leer m\u00e1s]<\/a><\/p>\n<\/div>","protected":false},"author":8,"featured_media":35305,"comment_status":"open","ping_status":"closed","sticky":false,"template":"","format":"standard","meta":{"_jetpack_newsletter_access":""},"categories":[6],"tags":[],"jetpack_featured_media_url":"http:\/\/dsrmedios.com.ar\/diario\/wp-content\/uploads\/2023\/06\/descarga-2023-06-12T101506.855.jpg","jetpack_sharing_enabled":true,"jetpack_shortlink":"https:\/\/wp.me\/p9fihK-9bq","_links":{"self":[{"href":"http:\/\/dsrmedios.com.ar\/diario\/wp-json\/wp\/v2\/posts\/35304"}],"collection":[{"href":"http:\/\/dsrmedios.com.ar\/diario\/wp-json\/wp\/v2\/posts"}],"about":[{"href":"http:\/\/dsrmedios.com.ar\/diario\/wp-json\/wp\/v2\/types\/post"}],"author":[{"embeddable":true,"href":"http:\/\/dsrmedios.com.ar\/diario\/wp-json\/wp\/v2\/users\/8"}],"replies":[{"embeddable":true,"href":"http:\/\/dsrmedios.com.ar\/diario\/wp-json\/wp\/v2\/comments?post=35304"}],"version-history":[{"count":1,"href":"http:\/\/dsrmedios.com.ar\/diario\/wp-json\/wp\/v2\/posts\/35304\/revisions"}],"predecessor-version":[{"id":35306,"href":"http:\/\/dsrmedios.com.ar\/diario\/wp-json\/wp\/v2\/posts\/35304\/revisions\/35306"}],"wp:featuredmedia":[{"embeddable":true,"href":"http:\/\/dsrmedios.com.ar\/diario\/wp-json\/wp\/v2\/media\/35305"}],"wp:attachment":[{"href":"http:\/\/dsrmedios.com.ar\/diario\/wp-json\/wp\/v2\/media?parent=35304"}],"wp:term":[{"taxonomy":"category","embeddable":true,"href":"http:\/\/dsrmedios.com.ar\/diario\/wp-json\/wp\/v2\/categories?post=35304"},{"taxonomy":"post_tag","embeddable":true,"href":"http:\/\/dsrmedios.com.ar\/diario\/wp-json\/wp\/v2\/tags?post=35304"}],"curies":[{"name":"wp","href":"https:\/\/api.w.org\/{rel}","templated":true}]}}