{"id":35301,"date":"2023-06-12T10:04:42","date_gmt":"2023-06-12T13:04:42","guid":{"rendered":"http:\/\/dsrmedios.com.ar\/diario\/?p=35301"},"modified":"2023-06-12T10:04:45","modified_gmt":"2023-06-12T13:04:45","slug":"leubuco-celebro-su-93-aniversario","status":"publish","type":"post","link":"http:\/\/dsrmedios.com.ar\/diario\/archivos\/35301","title":{"rendered":"<strong>Leubuc\u00f3 celebr\u00f3<\/strong>\u00a0<strong>su 93\u00b0 Aniversario<\/strong>"},"content":{"rendered":"\n<h3>En las instalaciones del Club San Mart\u00edn, Leubuc\u00f3 celebr\u00f3 93 a\u00f1os de su fundaci\u00f3n. Los festejos fueron encabezados por el Intendente de Adolfo Alsina, Javier Andres, y la Delegada Municipal de la localidad, Soledad Nassini, a quienes acompa\u00f1aron la Secretaria de Cultura y Educaci\u00f3n, Gisele Caussanel; las Concejales Mar\u00eda de los \u00c1ngeles Fern\u00e1ndez, Presidente del H.C.D.; Ana Clara Uribe Echevarr\u00eda, Alba Jungblut; los Delegados Municipales de Villa Maza, y Gasc\u00f3n: Fernando Volpe y Fernando Mok.<br>&nbsp;<br>En primer t\u00e9rmino se realiz\u00f3 el acto protocolar en el que se iz\u00f3 la Bandera, se entonaron las estrofas del Himno Nacional y se coloc\u00f3 una ofrenda floral en el monolito sito en el acceso a la localidad.<br>&nbsp;<br>Posteriormente, los presentes disfrutaron de una merienda, del espect\u00e1culo folkl\u00f3rico del grupo Renacer, la muestra fotogr\u00e1fica de Elizabeth Chernischuk y juegos con la ludoteca \u201cVamos a Jugar\u201d.&nbsp;<br>&nbsp;<br>El Intendente de Adolfo Alsina se dirigi\u00f3 a los presentes dando la bienvenida y salud\u00e1ndolos por los 93 a\u00f1os de la localidad. Andres, en su discurso, hizo hincapi\u00e9 en materia de caminos rurales diciendo: \u201cQuiero contarles brevemente lo que estamos haciendo en materia de caminos rurales: incorporamos nueva maquinaria a nivel distrital para trabajar. S\u00e9 que este tiempo fue dif\u00edcil, tuvimos la sequ\u00eda m\u00e1s grande de los \u00faltimos setenta a\u00f1os; ahora que las condiciones clim\u00e1ticas se empiezan a acomodar vamos a seguir con nuestra planificaci\u00f3n de trabajo y, en este punto, quiero destacar el rol de Sole \u2013 refiri\u00e9ndose a la Delegada Soledad Nassini &#8211; y su trabajo en equipo con vialidad y los otros delegados para poder coordinar los trabajos en uno de los distritos con mayor extensi\u00f3n de caminos de toda la provincia.\u201d<\/h3>\n","protected":false},"excerpt":{"rendered":"<div class=\"mh-excerpt\"><p>En las instalaciones del Club San Mart\u00edn, Leubuc\u00f3 celebr\u00f3 93 a\u00f1os de su fundaci\u00f3n. Los festejos fueron encabezados por el Intendente de Adolfo Alsina, Javier Andres, y la Delegada Municipal de la localidad, Soledad Nassini, a quienes acompa\u00f1aron la Secretaria de Cultura y Educaci\u00f3n, Gisele Caussanel; las Concejales Mar\u00eda de los \u00c1ngeles Fern\u00e1ndez, Presidente del H.C.D.; Ana Clara Uribe Echevarr\u00eda, Alba Jungblut; los Delegados Municipales de Villa Maza, y Gasc\u00f3n: Fernando Volpe y Fernando Mok.&nbsp;En primer t\u00e9rmino se realiz\u00f3 el acto protocolar en el que se iz\u00f3 la Bandera, se entonaron las estrofas del Himno Nacional y se coloc\u00f3 una <a class=\"mh-excerpt-more\" href=\"http:\/\/dsrmedios.com.ar\/diario\/archivos\/35301\" title=\"Leubuc\u00f3 celebr\u00f3\u00a0su 93\u00b0 Aniversario\">[Leer m\u00e1s]<\/a><\/p>\n<\/div>","protected":false},"author":8,"featured_media":35302,"comment_status":"open","ping_status":"closed","sticky":false,"template":"","format":"standard","meta":{"_jetpack_newsletter_access":""},"categories":[18,31,5],"tags":[],"jetpack_featured_media_url":"http:\/\/dsrmedios.com.ar\/diario\/wp-content\/uploads\/2023\/06\/WhatsApp-Image-2023-06-12-at-09.36.54.jpeg","jetpack_sharing_enabled":true,"jetpack_shortlink":"https:\/\/wp.me\/p9fihK-9bn","_links":{"self":[{"href":"http:\/\/dsrmedios.com.ar\/diario\/wp-json\/wp\/v2\/posts\/35301"}],"collection":[{"href":"http:\/\/dsrmedios.com.ar\/diario\/wp-json\/wp\/v2\/posts"}],"about":[{"href":"http:\/\/dsrmedios.com.ar\/diario\/wp-json\/wp\/v2\/types\/post"}],"author":[{"embeddable":true,"href":"http:\/\/dsrmedios.com.ar\/diario\/wp-json\/wp\/v2\/users\/8"}],"replies":[{"embeddable":true,"href":"http:\/\/dsrmedios.com.ar\/diario\/wp-json\/wp\/v2\/comments?post=35301"}],"version-history":[{"count":1,"href":"http:\/\/dsrmedios.com.ar\/diario\/wp-json\/wp\/v2\/posts\/35301\/revisions"}],"predecessor-version":[{"id":35303,"href":"http:\/\/dsrmedios.com.ar\/diario\/wp-json\/wp\/v2\/posts\/35301\/revisions\/35303"}],"wp:featuredmedia":[{"embeddable":true,"href":"http:\/\/dsrmedios.com.ar\/diario\/wp-json\/wp\/v2\/media\/35302"}],"wp:attachment":[{"href":"http:\/\/dsrmedios.com.ar\/diario\/wp-json\/wp\/v2\/media?parent=35301"}],"wp:term":[{"taxonomy":"category","embeddable":true,"href":"http:\/\/dsrmedios.com.ar\/diario\/wp-json\/wp\/v2\/categories?post=35301"},{"taxonomy":"post_tag","embeddable":true,"href":"http:\/\/dsrmedios.com.ar\/diario\/wp-json\/wp\/v2\/tags?post=35301"}],"curies":[{"name":"wp","href":"https:\/\/api.w.org\/{rel}","templated":true}]}}