{"id":35261,"date":"2023-06-10T19:53:06","date_gmt":"2023-06-10T22:53:06","guid":{"rendered":"http:\/\/dsrmedios.com.ar\/diario\/?p=35261"},"modified":"2023-06-10T19:53:09","modified_gmt":"2023-06-10T22:53:09","slug":"sergio-massa-jugo-a-fondo-su-carta-electoral-y-dejo-abierta-la-posibilidad-de-ser-candidato-en-unas-paso","status":"publish","type":"post","link":"http:\/\/dsrmedios.com.ar\/diario\/archivos\/35261","title":{"rendered":"Sergio Massa jug\u00f3 a fondo su carta electoral y dej\u00f3 abierta la posibilidad de ser candidato en unas PASO"},"content":{"rendered":"\n<p><strong>Sergio Massa<\/strong>&nbsp;esper\u00f3 el momento indicado para jugar su carta electoral. Despu\u00e9s de una semana convulsionada por el pedido de una<strong>&nbsp;lista de unidad&nbsp;<\/strong>por parte de los gobernadores y la resistencia de Daniel Scioli y Agust\u00edn Rossi a bajar sus candidaturas,&nbsp;<strong>el ministro de Econom\u00eda tens\u00f3 la cuerda al m\u00e1ximo al decir que est\u00e1 dispuesto a competir en las PASO.<\/strong><\/p>\n\n\n\n<p>Si bien no dijo que ser\u00e1 candidato, para toda la dirigencia del Frente Renovador no hay dudas de que si habr\u00e1 un representante del espacio en la interna, ese es Massa. Los rumores que se instalaron algunas semanas atr\u00e1s sobre una posible candidatura nacional del gobernador de Salta,&nbsp;<strong>Gustavo S\u00e1enz<\/strong>, fueron solo eso: rumores.<\/p>\n\n\n\n<p><strong>\u201cCreo que la unidad es lo mejor para la Argentina y para el Frente de Todos. Pero si se decide que haya PASO, an\u00f3tennos en las PASO que ah\u00ed vamos a estar\u201d<\/strong>, fue el grito de guerra del ministro de Econom\u00eda, que gener\u00f3 una ovaci\u00f3n de la dirigencia y de sus funcionarios m\u00e1s \u00edntimos que lo acompa\u00f1aron. No nos bajamos. Nunca. Ese fue el mensaje.<\/p>\n\n\n\n<p>En la antesala del discurso de Massa,&nbsp;<strong>Malena Galmarini&nbsp;<\/strong>hab\u00eda dejado en el aire una frase por de m\u00e1s de elocuente. \u201cMuchas veces nos golpearon y nos pegaron en el piso.&nbsp;<strong>Y ac\u00e1 estamos, indestructibles, porque tenemos al mejor l\u00edder. Y cuando los argentinos le den la oportunidad va a ser el mejor presidente\u201d<\/strong>, exclam\u00f3. Los aplausos retumbaron en el estadio ubicado en Malvinas Argentinas, hasta el que llegaron cerca de 12 mil dirigentes de todo el pa\u00eds.<\/p>\n\n\n\n<p><img decoding=\"async\" loading=\"lazy\" alt=\"Massa con una gorra que dice &quot;Malena intendenta&quot; (Gustavo Gavotti)\" height=\"1080\" width=\"1920\" class=\"\" src=\"https:\/\/cloudfront-us-east-1.images.arcpublishing.com\/infobae\/MDDEHINQWNE6VCWMAXHCVX4BBA.jpg\" srcset=\"https:\/\/www.infobae.com\/new-resizer\/FNtR4LtD2jLqkWs5qt3jrl58CDE=\/420x236\/filters:format(webp):quality(85)\/cloudfront-us-east-1.images.arcpublishing.com\/infobae\/MDDEHINQWNE6VCWMAXHCVX4BBA.jpg 420w,https:\/\/www.infobae.com\/new-resizer\/38T5tk3gVTZunQ8jyCscrN4lUG8=\/768x432\/filters:format(webp):quality(85)\/cloudfront-us-east-1.images.arcpublishing.com\/infobae\/MDDEHINQWNE6VCWMAXHCVX4BBA.jpg 768w,https:\/\/www.infobae.com\/new-resizer\/uiKGQFuR0neENSo_WoSSPpxGMCI=\/992x558\/filters:format(webp):quality(85)\/cloudfront-us-east-1.images.arcpublishing.com\/infobae\/MDDEHINQWNE6VCWMAXHCVX4BBA.jpg 992w,https:\/\/www.infobae.com\/new-resizer\/acx88NSUxKWnRV9SHNO75BCsVLk=\/1200x675\/filters:format(webp):quality(85)\/cloudfront-us-east-1.images.arcpublishing.com\/infobae\/MDDEHINQWNE6VCWMAXHCVX4BBA.jpg 1200w,https:\/\/www.infobae.com\/new-resizer\/X5JVzzy09pm2nAGL41Kfe-Ys_Lg=\/1440x810\/filters:format(webp):quality(85)\/cloudfront-us-east-1.images.arcpublishing.com\/infobae\/MDDEHINQWNE6VCWMAXHCVX4BBA.jpg 1440w\">Massa con una gorra que dice &#8220;Malena intendenta&#8221; (Gustavo Gavotti)<\/p>\n\n\n\n<p>En ese momento y en el final del discurso del ministro de Econom\u00eda, algunos pocos se animaron a cantar \u201cMassa presidente\u201d. No fue generalizado, sino m\u00e1s bien sectorial. No hizo falta que ese canto est\u00e9 presente en el estadio para que quede claro que&nbsp;<strong>toda la dirigencia del Frente Renovador quiere que Massa sea candidato&nbsp;<\/strong>a presidente y que logre, con esta jugada pol\u00edtica, dejar sin efecto las candidaturas del sector que tiene el respaldo de la Casa Rosada.<\/p>\n\n\n\n<p>Los dirigentes del Frente Renovador que hablaron se refirieron a Massa como \u201cel l\u00edder\u201d y pidieron a \u201capoyarlo\u201d en esta etapa compleja de la gesti\u00f3n econ\u00f3mica, donde la inflaci\u00f3n agobia al gobierno nacional y a toda la estructura pol\u00edtica del Frente de Todos. El pedido de respaldo tiene un doble sentido.&nbsp;<strong>Entienden que hay que apoyarlo para que sea el candidato de unidad del peronismo. Es el momento.<\/strong><\/p>\n\n\n\n<p><img decoding=\"async\" loading=\"lazy\" alt=\"Sergio Massa (Gustavo Gavotti)\" height=\"1080\" width=\"1920\" class=\"\" src=\"https:\/\/cloudfront-us-east-1.images.arcpublishing.com\/infobae\/QEOE3QTHCZFARDMR2LJLY4MOVE.JPG\" srcset=\"https:\/\/www.infobae.com\/new-resizer\/z_xPZrmx3bu7HzWdtpHU9QOn6kQ=\/420x236\/filters:format(webp):quality(85)\/cloudfront-us-east-1.images.arcpublishing.com\/infobae\/QEOE3QTHCZFARDMR2LJLY4MOVE.JPG 420w,https:\/\/www.infobae.com\/new-resizer\/qRl_uGkr9l9VZWHPZIM7dBBkOVU=\/768x432\/filters:format(webp):quality(85)\/cloudfront-us-east-1.images.arcpublishing.com\/infobae\/QEOE3QTHCZFARDMR2LJLY4MOVE.JPG 768w,https:\/\/www.infobae.com\/new-resizer\/iKywEthSwFXcftfcqXHXGXSFbhU=\/992x558\/filters:format(webp):quality(85)\/cloudfront-us-east-1.images.arcpublishing.com\/infobae\/QEOE3QTHCZFARDMR2LJLY4MOVE.JPG 992w,https:\/\/www.infobae.com\/new-resizer\/khhsjzlt2BF-xWML8t62IOX_Gw8=\/1200x675\/filters:format(webp):quality(85)\/cloudfront-us-east-1.images.arcpublishing.com\/infobae\/QEOE3QTHCZFARDMR2LJLY4MOVE.JPG 1200w,https:\/\/www.infobae.com\/new-resizer\/LrrGFJDxH1b5LI1nJLyeh8RRzTE=\/1440x810\/filters:format(webp):quality(85)\/cloudfront-us-east-1.images.arcpublishing.com\/infobae\/QEOE3QTHCZFARDMR2LJLY4MOVE.JPG 1440w\">Sergio Massa (Gustavo Gavotti)<\/p>\n\n\n\n<p>En su discurso Massa aclar\u00f3 que no se ir\u00e1 del Ministerio de Econom\u00eda. Dej\u00f3 sin efecto las amenazas que hab\u00eda lanzado Cecilia Moreau, una de sus dirigentes m\u00e1s cercanas, sobre una posible salida del Gobierno frente ante la falta de acuerdo en la estrategia electoral y el impacto que el resultado de las PASO tendr\u00eda en su gesti\u00f3n econ\u00f3mica. Especialmente en la reacci\u00f3n de los mercados.<\/p>\n\n\n\n<p>\u201cNo debemos someter a una fuerza de gobierno a una divisi\u00f3n, a una pelea, y confundirle a la gente el rumbo. Todos tenemos responsabilidades. El momento de fragilidad nos obliga a tener unidad porque todav\u00eda estamos gobernando\u201d, sostuvo.&nbsp;<strong>El mensaje est\u00e1 dirigido al sector del Frente de Todos que hace campa\u00f1a y pide las PASO.<\/strong>&nbsp;Sin nombres y apellidos, los apuntados son ellos.<\/p>\n\n\n\n<p>Durante su discurso Massa recalc\u00f3 en varias oportunidades el concepto de \u201cresponsabilidad\u201d para aclarar que no se ir\u00e1 del ministerio y que debe seguir haciendo equilibrio desde el quinto piso del Palacio de Hacienda. No todo es electoral, aunque la dirigencia pol\u00edtica solo hable de elecciones y candidaturas.<\/p>\n\n\n\n<p>Massa ejerci\u00f3 presi\u00f3n sobre el escenario electoral del peronismo -por dem\u00e1s convulsionado- donde hay cada vez m\u00e1s sectores que reclaman que haya un acuerdo integral para que sea solo uno el candidato a presidente del Frente de Todos. El ministro de Econom\u00eda plant\u00f3 su postura, mostr\u00f3 sus cartas y empez\u00f3 a jugar la partida final.<\/p>\n\n\n\n<p>En el acto hubo pedidos de unidad de parte de gobernadores y legisladores que grabaron videos con saludos. Gustavo Melella (Tierra del Fuego), Gustavo Bordet (Entre R\u00edos) y Gustavo S\u00e1enz (Salta) fueron alguno de los que destacaron \u201cla mirada federal\u201d de Massa. Fue un gui\u00f1o para el ministro, el candidato que todav\u00eda no es candidato formal pero que trabaja para serlo. Hoy lo dej\u00f3 m\u00e1s que claro.<\/p>\n\n\n\n<p>Fuente: Infobae<\/p>\n","protected":false},"excerpt":{"rendered":"<div class=\"mh-excerpt\"><p>Sergio Massa&nbsp;esper\u00f3 el momento indicado para jugar su carta electoral. Despu\u00e9s de una semana convulsionada por el pedido de una&nbsp;lista de unidad&nbsp;por parte de los gobernadores y la resistencia de Daniel Scioli y Agust\u00edn Rossi a bajar sus candidaturas,&nbsp;el ministro de Econom\u00eda tens\u00f3 la cuerda al m\u00e1ximo al decir que est\u00e1 dispuesto a competir en las PASO. Si bien no dijo que ser\u00e1 candidato, para toda la dirigencia del Frente Renovador no hay dudas de que si habr\u00e1 un representante del espacio en la interna, ese es Massa. Los rumores que se instalaron algunas semanas atr\u00e1s sobre una posible candidatura <a class=\"mh-excerpt-more\" href=\"http:\/\/dsrmedios.com.ar\/diario\/archivos\/35261\" title=\"Sergio Massa jug\u00f3 a fondo su carta electoral y dej\u00f3 abierta la posibilidad de ser candidato en unas PASO\">[Leer m\u00e1s]<\/a><\/p>\n<\/div>","protected":false},"author":8,"featured_media":31416,"comment_status":"open","ping_status":"closed","sticky":false,"template":"","format":"standard","meta":{"_jetpack_newsletter_access":""},"categories":[6],"tags":[],"jetpack_featured_media_url":"http:\/\/dsrmedios.com.ar\/diario\/wp-content\/uploads\/2023\/04\/CULIKXKBYJ5VYCFKH4L7XKC57Q.jpg","jetpack_sharing_enabled":true,"jetpack_shortlink":"https:\/\/wp.me\/p9fihK-9aJ","_links":{"self":[{"href":"http:\/\/dsrmedios.com.ar\/diario\/wp-json\/wp\/v2\/posts\/35261"}],"collection":[{"href":"http:\/\/dsrmedios.com.ar\/diario\/wp-json\/wp\/v2\/posts"}],"about":[{"href":"http:\/\/dsrmedios.com.ar\/diario\/wp-json\/wp\/v2\/types\/post"}],"author":[{"embeddable":true,"href":"http:\/\/dsrmedios.com.ar\/diario\/wp-json\/wp\/v2\/users\/8"}],"replies":[{"embeddable":true,"href":"http:\/\/dsrmedios.com.ar\/diario\/wp-json\/wp\/v2\/comments?post=35261"}],"version-history":[{"count":1,"href":"http:\/\/dsrmedios.com.ar\/diario\/wp-json\/wp\/v2\/posts\/35261\/revisions"}],"predecessor-version":[{"id":35262,"href":"http:\/\/dsrmedios.com.ar\/diario\/wp-json\/wp\/v2\/posts\/35261\/revisions\/35262"}],"wp:featuredmedia":[{"embeddable":true,"href":"http:\/\/dsrmedios.com.ar\/diario\/wp-json\/wp\/v2\/media\/31416"}],"wp:attachment":[{"href":"http:\/\/dsrmedios.com.ar\/diario\/wp-json\/wp\/v2\/media?parent=35261"}],"wp:term":[{"taxonomy":"category","embeddable":true,"href":"http:\/\/dsrmedios.com.ar\/diario\/wp-json\/wp\/v2\/categories?post=35261"},{"taxonomy":"post_tag","embeddable":true,"href":"http:\/\/dsrmedios.com.ar\/diario\/wp-json\/wp\/v2\/tags?post=35261"}],"curies":[{"name":"wp","href":"https:\/\/api.w.org\/{rel}","templated":true}]}}