{"id":35184,"date":"2023-06-09T10:35:47","date_gmt":"2023-06-09T13:35:47","guid":{"rendered":"http:\/\/dsrmedios.com.ar\/diario\/?p=35184"},"modified":"2023-06-09T10:36:52","modified_gmt":"2023-06-09T13:36:52","slug":"ranking-de-libertad-economica-2023-las-15-naciones-que-lideran-la-lista-y-donde-se-ubican-los-paises-de-latinoamerica","status":"publish","type":"post","link":"http:\/\/dsrmedios.com.ar\/diario\/archivos\/35184","title":{"rendered":"Ranking de libertad econ\u00f3mica 2023: las 15 naciones que lideran la lista y d\u00f3nde se ubican los pa\u00edses de Latinoam\u00e9rica"},"content":{"rendered":"\n<p>La&nbsp;<strong>libertad econ\u00f3mica<\/strong>&nbsp;es un aspecto fundamental de la democracia y un factor clave para medir la&nbsp;<strong>prosperidad<\/strong>&nbsp;y las&nbsp;<strong>posibilidades de crecimiento<\/strong>&nbsp;de un pa\u00eds.<\/p>\n\n\n\n<p>Aquellas naciones que dan cuenta de mayor libertad econ\u00f3mica dan a sus individuos y empresas&nbsp;<strong>independencia&nbsp;<\/strong>para decidir en esta materia mientras que, en pa\u00edses con falencias en este \u00e1mbito, suelen registrarse&nbsp;<strong>restricciones&nbsp;<\/strong>por parte de los Gobiernos. Seg\u00fan un sector de la biblioteca econ\u00f3mica, esto&nbsp;<strong>recorta las perspectivas a largo plazo y obstaculiza la prosperidad.<\/strong><\/p>\n\n\n\n<p>Para brindar un panorama claro sobre este tema, la&nbsp;<strong>Fundaci\u00f3n Heritage<\/strong>&nbsp;elabora cada a\u00f1o un informe en el que expone el ranking de pa\u00edses con mejor y peor desempe\u00f1o en cuanto a libertad econ\u00f3mica.<\/p>\n\n\n\n<p>El estudio contempla&nbsp;<strong>184 naciones<\/strong>&nbsp;de todo el mundo y las rankea en base a una escala num\u00e9rica de 0 a 100, en la que un desempe\u00f1o de&nbsp;<strong>m\u00e1s de 80 puntos<\/strong>&nbsp;refiere a una&nbsp;<strong>econom\u00eda libre<\/strong>; un resultado entre<strong>&nbsp;70 y 79,9 puntos<\/strong>&nbsp;expone un<strong>&nbsp;sistema mayormente libre<\/strong>; entre<strong>&nbsp;60 y 69,9, moderadamente libre<\/strong>; de&nbsp;<strong>50 a 59,9<\/strong>&nbsp;da cuenta de un&nbsp;<strong>pa\u00eds mayormente no libre<\/strong>; y entre<strong>&nbsp;0 y 49,9<\/strong>&nbsp;se considera una&nbsp;<strong>naci\u00f3n reprimida<\/strong>.<\/p>\n\n\n\n<p><img decoding=\"async\" loading=\"lazy\" alt=\"El estudio eval\u00faa a 184 pa\u00edses en cuatro grandes categor\u00edas\" height=\"1080\" width=\"1920\" class=\"\" src=\"https:\/\/cloudfront-us-east-1.images.arcpublishing.com\/infobae\/TRMN3CR355DXXMUQXU3ZIUKVJ4.jpg\" srcset=\"https:\/\/www.infobae.com\/new-resizer\/uDVzD2qseYYS1i78myTmusEajSk=\/420x236\/filters:format(webp):quality(85)\/cloudfront-us-east-1.images.arcpublishing.com\/infobae\/TRMN3CR355DXXMUQXU3ZIUKVJ4.jpg 420w,https:\/\/www.infobae.com\/new-resizer\/kBD_wG3AIPq-0KGEVYs1oOd_uYE=\/768x432\/filters:format(webp):quality(85)\/cloudfront-us-east-1.images.arcpublishing.com\/infobae\/TRMN3CR355DXXMUQXU3ZIUKVJ4.jpg 768w,https:\/\/www.infobae.com\/new-resizer\/6EvcB30ucano9PVpvgN9LnhMMtA=\/992x558\/filters:format(webp):quality(85)\/cloudfront-us-east-1.images.arcpublishing.com\/infobae\/TRMN3CR355DXXMUQXU3ZIUKVJ4.jpg 992w,https:\/\/www.infobae.com\/new-resizer\/dbXPi3RIjNpiugWlOqRcdDvsZhk=\/1200x675\/filters:format(webp):quality(85)\/cloudfront-us-east-1.images.arcpublishing.com\/infobae\/TRMN3CR355DXXMUQXU3ZIUKVJ4.jpg 1200w,https:\/\/www.infobae.com\/new-resizer\/N8ZjCZMmnqXcu8r6J_CMdtJ05rY=\/1440x810\/filters:format(webp):quality(85)\/cloudfront-us-east-1.images.arcpublishing.com\/infobae\/TRMN3CR355DXXMUQXU3ZIUKVJ4.jpg 1440w\">El estudio eval\u00faa a 184 pa\u00edses en cuatro grandes categor\u00edas<\/p>\n\n\n\n<p>Estos n\u00fameros derivan de una evaluaci\u00f3n sobre factores que abarcan los derechos de propiedad, las cargas fiscales y la libertad laboral, entre otros, agrupados en cuatro amplias categor\u00edas. \u00c9stas, a su vez, tienen tres indicadores cuantitativos y cualitativos, clave.<\/p>\n\n\n\n<p>Las cuatro \u00e1reas son, espec\u00edficamente,&nbsp;<strong>estado de derecho<\/strong>&nbsp;-contempla los derechos de propiedad, la eficacia judicial y la integralidad del gobierno-, el&nbsp;<strong>tama\u00f1o del gobierno<\/strong>&nbsp;-estudia las cargas tributarias, la salud fiscal y el gasto p\u00fablico-, la<strong>&nbsp;eficiencia regulatoria<\/strong>&nbsp;-considera la libertad laboral, la libertad monetaria y la libertad empresarial- y, por \u00faltimo, los&nbsp;<strong>mercados abiertos<\/strong>&nbsp;-que incluye la libertad financiera, la libertad de comercio internacional y la libertad de inversi\u00f3n-.<\/p>\n\n\n\n<p>Una vez obtenido el desempe\u00f1o de cada pa\u00eds en cada uno de estos aspectos se determina el puntaje general que surge del promedio ponderado de ellos.<\/p>\n\n\n\n<p>En base a este sistema, Heritage defini\u00f3 los&nbsp;<strong>15 pa\u00edses con mayor libertad econ\u00f3mica en el mundo<\/strong>.<\/p>\n\n\n\n<p>En el primer lugar volvi\u00f3 a ubicarse&nbsp;<strong>Singapur&nbsp;<\/strong>-tal como lo hizo en el \u00faltimo estudio- aunque registr\u00f3 una&nbsp;<strong>baja de 0.5 puntos&nbsp;<\/strong>respecto a 2022. De todas formas, su calificaci\u00f3n fue sobresaliente, alcanzando los&nbsp;<strong>83.9 puntos<\/strong>.<\/p>\n\n\n\n<p>Junto con la naci\u00f3n asi\u00e1tica,&nbsp;<strong>s\u00f3lo otros tres pa\u00edses lograron entrar en la categor\u00eda de \u201ceconom\u00eda libre\u201d<\/strong>. Ellos son&nbsp;<strong>Suiza&nbsp;<\/strong>-en segundo lugar, con&nbsp;<strong>83.8 puntos<\/strong>-,&nbsp;<strong>Irlanda&nbsp;<\/strong>-con&nbsp;<strong>82<\/strong>&#8211; y&nbsp;<strong>Taiw\u00e1n&nbsp;<\/strong>-con<strong>&nbsp;80.7<\/strong>-.<\/p>\n\n\n\n<p><strong>Suiza&nbsp;<\/strong>tambi\u00e9n registr\u00f3 un&nbsp;<strong>descenso de 0.4 puntos<\/strong>&nbsp;respecto a la \u00faltima medici\u00f3n mientras que&nbsp;<strong>Irlanda mantuvo su puntaje&nbsp;<\/strong>y&nbsp;<strong>Taiw\u00e1n&nbsp;<\/strong>logr\u00f3 una&nbsp;<strong>mejora de 0.6 puntos<\/strong>.<\/p>\n\n\n\n<p>A continuaci\u00f3n, en el quinto lugar se ubic\u00f3&nbsp;<strong>Nueva Zelanda<\/strong>, con&nbsp;<strong>78.9 puntos<\/strong>&nbsp;y una b<strong>aja significativa de 1.7 puntos<\/strong>, seguido de&nbsp;<strong>Estonia<\/strong>, con un desempe\u00f1o de&nbsp;<strong>78.6<\/strong>&nbsp;y&nbsp;<strong>1.4 puntos menos<\/strong>.<\/p>\n\n\n\n<p>En l\u00ednea con estas ca\u00eddas pronunciadas siguieron en el s\u00e9ptimo y octavo lugar&nbsp;<strong>Luxemburgo&nbsp;<\/strong>y&nbsp;<strong>Pa\u00edses Bajos<\/strong>. En el caso del primero, su puntuaci\u00f3n final fue de&nbsp;<strong>78.4 puntos<\/strong>&nbsp;-aunque en 2022 hab\u00eda sido&nbsp;<strong>2.2 puntos m\u00e1s alta<\/strong>&#8211; y, en cuanto al segundo, su resultado fue de&nbsp;<strong>78 puntos<\/strong>&nbsp;&#8211;<strong>1.5 menos&nbsp;<\/strong>que en la \u00faltima medici\u00f3n-.<\/p>\n\n\n\n<p><img decoding=\"async\" loading=\"lazy\" alt=\"Pa\u00edses Bajos ocup\u00f3 el octavo lugar, con 78 puntos -1.5 menos que en la \u00faltima medici\u00f3n- (AP)\" height=\"5760\" width=\"8640\" class=\"\" src=\"https:\/\/cloudfront-us-east-1.images.arcpublishing.com\/infobae\/FPVCX7NKUHL7USHRYZUDXMTUAI.jpg\" srcset=\"https:\/\/www.infobae.com\/new-resizer\/OySjq-vJAl4dttHDSnKez2pKR6M=\/420x280\/filters:format(webp):quality(85)\/cloudfront-us-east-1.images.arcpublishing.com\/infobae\/FPVCX7NKUHL7USHRYZUDXMTUAI.jpg 420w,https:\/\/www.infobae.com\/new-resizer\/C-_3IX5OcUWsoRrOZ_3lzykawTQ=\/768x512\/filters:format(webp):quality(85)\/cloudfront-us-east-1.images.arcpublishing.com\/infobae\/FPVCX7NKUHL7USHRYZUDXMTUAI.jpg 768w,https:\/\/www.infobae.com\/new-resizer\/OGkz0B4TMq1MQrwRTyCJzbnlNHo=\/992x661\/filters:format(webp):quality(85)\/cloudfront-us-east-1.images.arcpublishing.com\/infobae\/FPVCX7NKUHL7USHRYZUDXMTUAI.jpg 992w,https:\/\/www.infobae.com\/new-resizer\/TW-cNwsrTZtf4OPIGFjqQaiTxKI=\/1200x800\/filters:format(webp):quality(85)\/cloudfront-us-east-1.images.arcpublishing.com\/infobae\/FPVCX7NKUHL7USHRYZUDXMTUAI.jpg 1200w,https:\/\/www.infobae.com\/new-resizer\/ePSgGncXjAAmsGVdXAwm6ADIRFs=\/1440x960\/filters:format(webp):quality(85)\/cloudfront-us-east-1.images.arcpublishing.com\/infobae\/FPVCX7NKUHL7USHRYZUDXMTUAI.jpg 1440w\">Pa\u00edses Bajos ocup\u00f3 el octavo lugar, con 78 puntos -1.5 menos que en la \u00faltima medici\u00f3n- (AP)<\/p>\n\n\n\n<p>En el puesto nueve se ubic\u00f3&nbsp;<strong>Dinamarca&nbsp;<\/strong>con<strong>&nbsp;77.6 puntos&nbsp;<\/strong>y, junto con \u00e9l, se retoma la tendencia de bajas m\u00e1s moderadas. En su caso, respecto al a\u00f1o anterior, su desempe\u00f1o s\u00f3lo&nbsp;<strong>empeor\u00f3 0.4 puntos<\/strong>. Mismo escenario fue el de&nbsp;<strong>Suecia<\/strong>, apenas por detr\u00e1s con<strong>&nbsp;77.5 puntos<\/strong>, y el&nbsp;<strong>mismo descenso<\/strong>.<\/p>\n\n\n\n<p>Los \u00faltimos cinco lugares del top 15 se completaron con Finlandia -77.1 puntos-, Noruega -76.9 puntos-, Australia -74,8 puntos-, Alemania -74.8 puntos- y Corea del Sur -73.7 puntos-.<\/p>\n\n\n\n<p>De ellos, cabe destacar el&nbsp;<strong>desempe\u00f1o sostenido de Noruega<\/strong>&nbsp;ya que fue el \u00fanico que mantuvo su puntaje y no present\u00f3 retrocesos.<\/p>\n\n\n\n<p>Por otro lado, vale se\u00f1alar que esta categor\u00eda -pa\u00edses mayormente libres- se extiende hasta el puesto 27, inclusive.<\/p>\n\n\n\n<p>Del otro lado del ranking,&nbsp;<strong>27 pa\u00edses fueron considerados represivos<\/strong>, con calificaciones desde los&nbsp;<strong>2.9 puntos<\/strong>.<\/p>\n\n\n\n<p><img decoding=\"async\" loading=\"lazy\" alt=\"Corea del Norte, Cuba y Venezuela obtuvieron la calificaci\u00f3n de &quot;pa\u00edses represivos&quot;\" height=\"1080\" width=\"1920\" class=\"\" src=\"https:\/\/cloudfront-us-east-1.images.arcpublishing.com\/infobae\/VXRX4G3RCZC6ZCA6OQ6XKJDANI.jpg\" srcset=\"https:\/\/www.infobae.com\/new-resizer\/alGHAuvUKJEwxk53xSdLiXEpiBY=\/420x236\/filters:format(webp):quality(85)\/cloudfront-us-east-1.images.arcpublishing.com\/infobae\/VXRX4G3RCZC6ZCA6OQ6XKJDANI.jpg 420w,https:\/\/www.infobae.com\/new-resizer\/m7Tb-6V05Zv7Ty9qc57cRbElhQw=\/768x432\/filters:format(webp):quality(85)\/cloudfront-us-east-1.images.arcpublishing.com\/infobae\/VXRX4G3RCZC6ZCA6OQ6XKJDANI.jpg 768w,https:\/\/www.infobae.com\/new-resizer\/6-S0DnJ7OY3ABHoLZCGFjwD3T7Q=\/992x558\/filters:format(webp):quality(85)\/cloudfront-us-east-1.images.arcpublishing.com\/infobae\/VXRX4G3RCZC6ZCA6OQ6XKJDANI.jpg 992w,https:\/\/www.infobae.com\/new-resizer\/HaW7DAEh2Whan5FvfTtiA_waQG4=\/1200x675\/filters:format(webp):quality(85)\/cloudfront-us-east-1.images.arcpublishing.com\/infobae\/VXRX4G3RCZC6ZCA6OQ6XKJDANI.jpg 1200w,https:\/\/www.infobae.com\/new-resizer\/21QRdKdQDWFYP4_dpfbthrRmBxc=\/1440x810\/filters:format(webp):quality(85)\/cloudfront-us-east-1.images.arcpublishing.com\/infobae\/VXRX4G3RCZC6ZCA6OQ6XKJDANI.jpg 1440w\">Corea del Norte, Cuba y Venezuela obtuvieron la calificaci\u00f3n de &#8220;pa\u00edses represivos&#8221;<\/p>\n\n\n\n<p>Este fue el caso de&nbsp;<strong>Corea del Norte&nbsp;<\/strong>que, inclusive, descendi\u00f3 0.1 puntos respecto a 2022.<\/p>\n\n\n\n<p>Por encima del r\u00e9gimen de Kim Jong-un -y con bastante distancia- estuvieron&nbsp;<strong>Cuba<\/strong>&nbsp;&#8211;<strong>24.3 puntos<\/strong>-,&nbsp;<strong>Venezuela<\/strong>&nbsp;&#8211;<strong>25.8 puntos<\/strong>-,&nbsp;<strong>Sud\u00e1n<\/strong>&nbsp;&#8211;<strong>32.8 puntos<\/strong>&#8211; y&nbsp;<strong>Zimbabue<\/strong>&nbsp;&#8211;<strong>39 puntos<\/strong>-.<\/p>\n\n\n\n<p>De ellos,&nbsp;<strong>Cuba empeor\u00f3 5.2 puntos&nbsp;<\/strong>mientras que los dem\u00e1s lograron&nbsp;<strong>mejoras de 1.0, 0.8 y 5.9 puntos<\/strong>, respectivamente.<\/p>\n\n\n\n<h2>El desempe\u00f1o de Am\u00e9rica Latina<\/h2>\n\n\n\n<figure class=\"wp-block-image\"><img decoding=\"async\" src=\"https:\/\/cloudfront-us-east-1.images.arcpublishing.com\/infobae\/D6DBLKIPRBAQTKOUBAWHJB6DAU.jpg\" alt=\"infografia\"\/><\/figure>\n\n\n\n<p>Dentro del \u00cdndice, si bien<strong>&nbsp;Latinoam\u00e9rica no logr\u00f3 posicionar a ninguno de sus pa\u00edses en la categor\u00eda de \u201ceconom\u00eda libre\u201d<\/strong>, si consigui\u00f3 que&nbsp;<strong>su top 10 se ubique entre los par\u00e1metros de \u201csistema mayormente libre\u201d y \u201cmoderadamente libre\u201d<\/strong>.<\/p>\n\n\n\n<p>El primero de la regi\u00f3n en el ranking es&nbsp;<strong>Chile<\/strong>&nbsp;-que ocup\u00f3 el puesto&nbsp;<strong>22 a nivel mundial-<\/strong>, con&nbsp;<strong>71.1<\/strong>&nbsp;y una&nbsp;<strong>baja de 3.3 puntos<\/strong>. Expertos advirtieron que la elecci\u00f3n de una nueva&nbsp;<strong>Asamblea Constituyente<\/strong>&nbsp;podr\u00eda poner en riesgo la econom\u00eda y propiciar un enfoque m\u00e1s socialista, lo que podr\u00eda acent\u00faa esta ca\u00edda.<\/p>\n\n\n\n<p>En&nbsp;<strong>segundo, tercero y cuarto lugar<\/strong>&nbsp;-puestos&nbsp;<strong>27, 29 y 39 mundial<\/strong>&#8211; se ubicaron&nbsp;<strong>Uruguay<\/strong>,&nbsp;<strong>Barbados<\/strong>&nbsp;y&nbsp;<strong>Jamaica&nbsp;<\/strong>con&nbsp;<strong>70.2<\/strong>,&nbsp;<strong>69.8&nbsp;<\/strong>y&nbsp;<strong>68.1 puntos<\/strong>. De ellos,&nbsp;<strong>Uruguay fue el \u00fanico que integr\u00f3 la lista anterior mientras que el resto ya son considerados pa\u00edses \u201cmoderadamente libres\u201d<\/strong>.<\/p>\n\n\n\n<p>Asimismo, present\u00f3 una mejora de 0.2 puntos contra la baja de 1.5 puntos de Barbados y la suba de 0.7 puntos de Jamaica.<\/p>\n\n\n\n<p>A la mitad de la tabla regional se ubic\u00f3&nbsp;<strong>Per\u00fa<\/strong>,<strong>&nbsp;n\u00famero 44 del mundo<\/strong>, con&nbsp;<strong>66.5 puntos<\/strong>&nbsp;y&nbsp;<strong>sin presentar variaciones<\/strong>&nbsp;interanuales.<\/p>\n\n\n\n<p>Con el&nbsp;<strong>mismo puntaje,<\/strong>&nbsp;apenas por debajo -en el&nbsp;<strong>puesto 45 global y sexto del subcontinente<\/strong>&#8211; estuvo&nbsp;<strong>Costa Rica<\/strong>&nbsp;aunque, en su caso, cabe destacar la&nbsp;<strong>mejora de 1.1 puntos<\/strong>.<\/p>\n\n\n\n<p>El&nbsp;<strong>s\u00e9ptimo puesto -55 mundial<\/strong>&#8211; le correspondi\u00f3 a&nbsp;<strong>Panam\u00e1<\/strong>, con&nbsp;<strong>63.8 puntos<\/strong>&nbsp;y una&nbsp;<strong>ca\u00edda de 1.6 puntos<\/strong>&nbsp;en el \u00cdndice y, a continuaci\u00f3n, estuvo<strong>&nbsp;San Vicente y las Granadinas<\/strong>, n\u00famero<strong>&nbsp;59 global&nbsp;<\/strong>y con un desempe\u00f1o de&nbsp;<strong>63.5 puntos<\/strong>&nbsp;&#8211;<strong>2.2 menos<\/strong>&nbsp;que en 2022-.<\/p>\n\n\n\n<p>Los \u00faltimos dos lugares del top 10 latinoamericano fueron para&nbsp;<strong>M\u00e9xico&nbsp;<\/strong>y&nbsp;<strong>Colombia<\/strong>, casi sin variaciones &#8211;<strong>61 y 62 en el mundo<\/strong>, respectivamente-. En el caso del primero, su puntaje total fue de<strong>&nbsp;63.2 puntos<\/strong>&nbsp;con una<strong>&nbsp;baja de 0.5<\/strong>&nbsp;contra<strong>&nbsp;63.1&nbsp;<\/strong>del segundo y una&nbsp;<strong>ca\u00edda de 2 puntos<\/strong>.<\/p>\n\n\n\n<p>Entre los pa\u00edses de la regi\u00f3n que tambi\u00e9n contempl\u00f3 el \u00cdndice est\u00e1n Guatemala, Rep\u00fablica Dominicana,&nbsp;<strong>Paraguay&nbsp;<\/strong>y Santa Luc\u00eda -dentro de los sistemas moderadamente libres-, seguidos por Dominica, Trinidad y Tobago,&nbsp;<strong>Honduras<\/strong>, Guyana,&nbsp;<strong>El Salvador<\/strong>,&nbsp;<strong>Ecuador<\/strong>,&nbsp;<strong>Nicaragua<\/strong>,&nbsp;<strong>Brasil<\/strong>, y&nbsp;<strong>Argentina&nbsp;<\/strong>-calificados como mayormente no libres-.<\/p>\n\n\n\n<p>Por \u00faltimo, la lista incluye a\u00a0<strong>Hait\u00ed<\/strong>, Surinam,\u00a0<strong>Bolivia<\/strong>,\u00a0<strong>Venezuela\u00a0<\/strong>y\u00a0<strong>Cuba<\/strong>, consideradas naciones reprimidas.<\/p>\n\n\n\n<p>Fuente: Infobae<\/p>\n","protected":false},"excerpt":{"rendered":"<div class=\"mh-excerpt\"><p>La&nbsp;libertad econ\u00f3mica&nbsp;es un aspecto fundamental de la democracia y un factor clave para medir la&nbsp;prosperidad&nbsp;y las&nbsp;posibilidades de crecimiento&nbsp;de un pa\u00eds. Aquellas naciones que dan cuenta de mayor libertad econ\u00f3mica dan a sus individuos y empresas&nbsp;independencia&nbsp;para decidir en esta materia mientras que, en pa\u00edses con falencias en este \u00e1mbito, suelen registrarse&nbsp;restricciones&nbsp;por parte de los Gobiernos. Seg\u00fan un sector de la biblioteca econ\u00f3mica, esto&nbsp;recorta las perspectivas a largo plazo y obstaculiza la prosperidad. Para brindar un panorama claro sobre este tema, la&nbsp;Fundaci\u00f3n Heritage&nbsp;elabora cada a\u00f1o un informe en el que expone el ranking de pa\u00edses con mejor y peor desempe\u00f1o en cuanto <a class=\"mh-excerpt-more\" href=\"http:\/\/dsrmedios.com.ar\/diario\/archivos\/35184\" title=\"Ranking de libertad econ\u00f3mica 2023: las 15 naciones que lideran la lista y d\u00f3nde se ubican los pa\u00edses de Latinoam\u00e9rica\">[Leer m\u00e1s]<\/a><\/p>\n<\/div>","protected":false},"author":8,"featured_media":35187,"comment_status":"open","ping_status":"closed","sticky":false,"template":"","format":"standard","meta":{"_jetpack_newsletter_access":""},"categories":[6],"tags":[],"jetpack_featured_media_url":"http:\/\/dsrmedios.com.ar\/diario\/wp-content\/uploads\/2023\/06\/SJLT66A2XRF4VBZU57PMH3QEOU-scaled.jpg","jetpack_sharing_enabled":true,"jetpack_shortlink":"https:\/\/wp.me\/p9fihK-99u","_links":{"self":[{"href":"http:\/\/dsrmedios.com.ar\/diario\/wp-json\/wp\/v2\/posts\/35184"}],"collection":[{"href":"http:\/\/dsrmedios.com.ar\/diario\/wp-json\/wp\/v2\/posts"}],"about":[{"href":"http:\/\/dsrmedios.com.ar\/diario\/wp-json\/wp\/v2\/types\/post"}],"author":[{"embeddable":true,"href":"http:\/\/dsrmedios.com.ar\/diario\/wp-json\/wp\/v2\/users\/8"}],"replies":[{"embeddable":true,"href":"http:\/\/dsrmedios.com.ar\/diario\/wp-json\/wp\/v2\/comments?post=35184"}],"version-history":[{"count":2,"href":"http:\/\/dsrmedios.com.ar\/diario\/wp-json\/wp\/v2\/posts\/35184\/revisions"}],"predecessor-version":[{"id":35189,"href":"http:\/\/dsrmedios.com.ar\/diario\/wp-json\/wp\/v2\/posts\/35184\/revisions\/35189"}],"wp:featuredmedia":[{"embeddable":true,"href":"http:\/\/dsrmedios.com.ar\/diario\/wp-json\/wp\/v2\/media\/35187"}],"wp:attachment":[{"href":"http:\/\/dsrmedios.com.ar\/diario\/wp-json\/wp\/v2\/media?parent=35184"}],"wp:term":[{"taxonomy":"category","embeddable":true,"href":"http:\/\/dsrmedios.com.ar\/diario\/wp-json\/wp\/v2\/categories?post=35184"},{"taxonomy":"post_tag","embeddable":true,"href":"http:\/\/dsrmedios.com.ar\/diario\/wp-json\/wp\/v2\/tags?post=35184"}],"curies":[{"name":"wp","href":"https:\/\/api.w.org\/{rel}","templated":true}]}}