{"id":3518,"date":"2018-01-15T07:55:35","date_gmt":"2018-01-15T10:55:35","guid":{"rendered":"http:\/\/dsrmedios.com.ar\/diario\/?p=3518"},"modified":"2018-01-15T07:55:35","modified_gmt":"2018-01-15T10:55:35","slug":"se-largo-la-primera-fecha-del-speedway-temorada-estival-en-carlos-casares","status":"publish","type":"post","link":"http:\/\/dsrmedios.com.ar\/diario\/archivos\/3518","title":{"rendered":"Se larg\u00f3 la primera fecha del Speedway Temorada Estival en Carlos Casares"},"content":{"rendered":"<p>Ante un buen marco de p\u00fablico, el Campeonato Estival de Speedway 2018 abri\u00f3 el fuego en el Motokart Speedway, emplazado en el Parque San Esteban de la localidad de Carlos Casares. La primera programaci\u00f3n del certamen (pactado a 9 fechas), el cual no tendr\u00e1 pilotos extranjeros en pista, estuvo fiscalizada por la Federaci\u00f3n Bonaerense de Motociclismo (FEBOM) y animada por las habituales categor\u00edas de la especialidad.<\/p>\n<p>Previo al inicio de la actividad competitiva propiamente dicha, la organizaci\u00f3n de la prueba realiz\u00f3 un homenaje a dos ex pilotos de 200cc de dilatada trayectoria en las dos ruedas: a Antonio Di Felice, oriundo de Pig\u00fc\u00e9, y a Javier Rodr\u00edguez, de Carlos Casares.<\/p>\n<p>En 50cc menores, la victoria le correspondi\u00f3 al representante de Trenque Lauquen Valent\u00edn Champonnois. El podio lo completaron el local Joaqu\u00edn Felix y Joaqu\u00edn Fridel. En 50cc mayores, en tanto, el triunfo qued\u00f3 para el bahiense Nicol\u00e1s Torresi, escoltado por Tobias Monchiavi y con Sim\u00f3n Gonz\u00e1lez completando el podio.<\/p>\n<p>fuente:www.lanueva.com<\/p>\n","protected":false},"excerpt":{"rendered":"<div class=\"mh-excerpt\"><p>Ante un buen marco de p\u00fablico, el Campeonato Estival de Speedway 2018 abri\u00f3 el fuego en el Motokart Speedway, emplazado en el Parque San Esteban de la localidad de Carlos Casares. La primera programaci\u00f3n del certamen (pactado a 9 fechas), el cual no tendr\u00e1 pilotos extranjeros en pista, estuvo fiscalizada por la Federaci\u00f3n Bonaerense de Motociclismo (FEBOM) y animada por las habituales categor\u00edas de la especialidad. Previo al inicio de la actividad competitiva propiamente dicha, la organizaci\u00f3n de la prueba realiz\u00f3 un homenaje a dos ex pilotos de 200cc de dilatada trayectoria en las dos ruedas: a Antonio Di Felice, <a class=\"mh-excerpt-more\" href=\"http:\/\/dsrmedios.com.ar\/diario\/archivos\/3518\" title=\"Se larg\u00f3 la primera fecha del Speedway Temorada Estival en Carlos Casares\">[Leer m\u00e1s]<\/a><\/p>\n<\/div>","protected":false},"author":5,"featured_media":3519,"comment_status":"open","ping_status":"closed","sticky":false,"template":"","format":"standard","meta":{"_jetpack_newsletter_access":""},"categories":[18],"tags":[],"jetpack_featured_media_url":"http:\/\/dsrmedios.com.ar\/diario\/wp-content\/uploads\/2018\/01\/albin.jpg","jetpack_sharing_enabled":true,"jetpack_shortlink":"https:\/\/wp.me\/p9fihK-UK","_links":{"self":[{"href":"http:\/\/dsrmedios.com.ar\/diario\/wp-json\/wp\/v2\/posts\/3518"}],"collection":[{"href":"http:\/\/dsrmedios.com.ar\/diario\/wp-json\/wp\/v2\/posts"}],"about":[{"href":"http:\/\/dsrmedios.com.ar\/diario\/wp-json\/wp\/v2\/types\/post"}],"author":[{"embeddable":true,"href":"http:\/\/dsrmedios.com.ar\/diario\/wp-json\/wp\/v2\/users\/5"}],"replies":[{"embeddable":true,"href":"http:\/\/dsrmedios.com.ar\/diario\/wp-json\/wp\/v2\/comments?post=3518"}],"version-history":[{"count":1,"href":"http:\/\/dsrmedios.com.ar\/diario\/wp-json\/wp\/v2\/posts\/3518\/revisions"}],"predecessor-version":[{"id":3520,"href":"http:\/\/dsrmedios.com.ar\/diario\/wp-json\/wp\/v2\/posts\/3518\/revisions\/3520"}],"wp:featuredmedia":[{"embeddable":true,"href":"http:\/\/dsrmedios.com.ar\/diario\/wp-json\/wp\/v2\/media\/3519"}],"wp:attachment":[{"href":"http:\/\/dsrmedios.com.ar\/diario\/wp-json\/wp\/v2\/media?parent=3518"}],"wp:term":[{"taxonomy":"category","embeddable":true,"href":"http:\/\/dsrmedios.com.ar\/diario\/wp-json\/wp\/v2\/categories?post=3518"},{"taxonomy":"post_tag","embeddable":true,"href":"http:\/\/dsrmedios.com.ar\/diario\/wp-json\/wp\/v2\/tags?post=3518"}],"curies":[{"name":"wp","href":"https:\/\/api.w.org\/{rel}","templated":true}]}}