{"id":3515,"date":"2018-01-15T07:53:45","date_gmt":"2018-01-15T10:53:45","guid":{"rendered":"http:\/\/dsrmedios.com.ar\/diario\/?p=3515"},"modified":"2018-01-15T07:53:45","modified_gmt":"2018-01-15T10:53:45","slug":"doscientas-mil-hectareas-afectadas-por-el-fuego-en-la-vecina-provincia-de-la-pampa","status":"publish","type":"post","link":"http:\/\/dsrmedios.com.ar\/diario\/archivos\/3515","title":{"rendered":"Doscientas mil hect\u00e1reas afectadas por el fuego en la vecina provincia de La Pampa"},"content":{"rendered":"<p>Un foco de incendio se activ\u00f3 esta tarde en la reserva natural Parque Luro y ya son unas 200.000 las hect\u00e1reas quemadas en La Pampa, inform\u00f3 el subsecretario de Protecci\u00f3n Ciudadana, Agust\u00edn Garc\u00eda.<\/p>\n<p>El funcionario detall\u00f3 que en el lugar trabajan cuadrillas de Defensa Civil y del Plan Nacional de Manejo del Fuego, bomberos de Ataliva Roca -a 45 kil\u00f3metros de Santa Rosa- y personal de la reserva, con el aporte de dos aviones hidrantes.<\/p>\n<p>Otras cuadrillas de organismos nacionales y provinciales combaten mientras tanto un incendio originado en la localidad de Toay, a unos 10 kil\u00f3metros de la capital pampeana.<\/p>\n<p>En Chacharramendi, agreg\u00f3 el funcionario, &#8220;se gener\u00f3 un nuevo foco, ya controlado por Defensa Civil y en La Adela, por sat\u00e9lite, se registraron puntos calientes. Ahora se est\u00e1n acercando para analizar la situaci\u00f3n\u201d, explic\u00f3.<\/p>\n<p>El subsecretario de Asuntos Agrarios, Alexis Benini, afirm\u00f3 que seg\u00fan datos de Defensa Civil &#8220;actualmente la provincia est\u00e1 en unas 200.000 hect\u00e1reas afectadas por el fuego, lo que est\u00e1 muy por debajo de la media anual&#8221;.<\/p>\n<p>Benini tambi\u00e9n adelant\u00f3 que el martes a la ma\u00f1ana se reunir\u00e1 la Comisi\u00f3n de Emergencia Agropecuaria para analizar esta situaci\u00f3n y que esperan que &#8220;no haya un incremento de superficie afectada\u201d por incendios en La Pampa.<\/p>\n<p>Fuente:www.lanueva.com<\/p>\n","protected":false},"excerpt":{"rendered":"<div class=\"mh-excerpt\"><p>Un foco de incendio se activ\u00f3 esta tarde en la reserva natural Parque Luro y ya son unas 200.000 las hect\u00e1reas quemadas en La Pampa, inform\u00f3 el subsecretario de Protecci\u00f3n Ciudadana, Agust\u00edn Garc\u00eda. El funcionario detall\u00f3 que en el lugar trabajan cuadrillas de Defensa Civil y del Plan Nacional de Manejo del Fuego, bomberos de Ataliva Roca -a 45 kil\u00f3metros de Santa Rosa- y personal de la reserva, con el aporte de dos aviones hidrantes. Otras cuadrillas de organismos nacionales y provinciales combaten mientras tanto un incendio originado en la localidad de Toay, a unos 10 kil\u00f3metros de la capital <a class=\"mh-excerpt-more\" href=\"http:\/\/dsrmedios.com.ar\/diario\/archivos\/3515\" title=\"Doscientas mil hect\u00e1reas afectadas por el fuego en la vecina provincia de La Pampa\">[Leer m\u00e1s]<\/a><\/p>\n<\/div>","protected":false},"author":5,"featured_media":3516,"comment_status":"open","ping_status":"closed","sticky":false,"template":"","format":"standard","meta":{"_jetpack_newsletter_access":""},"categories":[18,8],"tags":[],"jetpack_featured_media_url":"http:\/\/dsrmedios.com.ar\/diario\/wp-content\/uploads\/2018\/01\/fuego.jpg","jetpack_sharing_enabled":true,"jetpack_shortlink":"https:\/\/wp.me\/p9fihK-UH","_links":{"self":[{"href":"http:\/\/dsrmedios.com.ar\/diario\/wp-json\/wp\/v2\/posts\/3515"}],"collection":[{"href":"http:\/\/dsrmedios.com.ar\/diario\/wp-json\/wp\/v2\/posts"}],"about":[{"href":"http:\/\/dsrmedios.com.ar\/diario\/wp-json\/wp\/v2\/types\/post"}],"author":[{"embeddable":true,"href":"http:\/\/dsrmedios.com.ar\/diario\/wp-json\/wp\/v2\/users\/5"}],"replies":[{"embeddable":true,"href":"http:\/\/dsrmedios.com.ar\/diario\/wp-json\/wp\/v2\/comments?post=3515"}],"version-history":[{"count":1,"href":"http:\/\/dsrmedios.com.ar\/diario\/wp-json\/wp\/v2\/posts\/3515\/revisions"}],"predecessor-version":[{"id":3517,"href":"http:\/\/dsrmedios.com.ar\/diario\/wp-json\/wp\/v2\/posts\/3515\/revisions\/3517"}],"wp:featuredmedia":[{"embeddable":true,"href":"http:\/\/dsrmedios.com.ar\/diario\/wp-json\/wp\/v2\/media\/3516"}],"wp:attachment":[{"href":"http:\/\/dsrmedios.com.ar\/diario\/wp-json\/wp\/v2\/media?parent=3515"}],"wp:term":[{"taxonomy":"category","embeddable":true,"href":"http:\/\/dsrmedios.com.ar\/diario\/wp-json\/wp\/v2\/categories?post=3515"},{"taxonomy":"post_tag","embeddable":true,"href":"http:\/\/dsrmedios.com.ar\/diario\/wp-json\/wp\/v2\/tags?post=3515"}],"curies":[{"name":"wp","href":"https:\/\/api.w.org\/{rel}","templated":true}]}}