{"id":35081,"date":"2023-06-07T18:26:50","date_gmt":"2023-06-07T21:26:50","guid":{"rendered":"http:\/\/dsrmedios.com.ar\/diario\/?p=35081"},"modified":"2023-06-07T18:26:54","modified_gmt":"2023-06-07T21:26:54","slug":"javier-milei-confirmo-que-ramiro-marra-sera-su-precandidato-a-jefe-de-gobierno-porteno","status":"publish","type":"post","link":"http:\/\/dsrmedios.com.ar\/diario\/archivos\/35081","title":{"rendered":"Javier Milei confirm\u00f3 que Ramiro Marra ser\u00e1 su precandidato a jefe de Gobierno porte\u00f1o"},"content":{"rendered":"\n<p>Durante una recorrida que ambos compartieron por el barrio porte\u00f1o de Villa Lugano, el l\u00edder de La Libertad Avanza,&nbsp;<strong>Javier Milei<\/strong>, confirm\u00f3 que el legislador&nbsp;<strong>Ramiro Marra<\/strong>&nbsp;ser\u00e1 el precandidato de su espacio a jefe de Gobierno en la ciudad de Buenos Aires.<\/p>\n\n\n\n<p>El youtuber y experto en finanzas, que adem\u00e1s encabeza el bloque del frente en la Legislatura, ya hab\u00eda comenzado a hacer caminatas por diferentes lugares de la Capital Federal junto a otros referentes de la agrupaci\u00f3n, como&nbsp;<strong>Victoria Villarruel<\/strong>, compa\u00f1era de f\u00f3rmula presidencial del diputado.<\/p>\n\n\n\n<p>Milei hizo el anuncio en un acto en\u00a0<strong>Club El Ideal<\/strong>, ubicado en la intersecci\u00f3n de las calles Montiel y Chilavert, donde jug\u00f3 al f\u00fatbol durante su infancia, en el puesto de arquero, y ahora recibi\u00f3 una placa por parte de su antiguo director t\u00e9cnico.<\/p>\n\n\n\n<p><strong>\u201cNuestro candidato a jefe de Gobierno: Ramiro Marra\u201d<\/strong>, exclam\u00f3 el l\u00edder libertario en un improvisado escenario armado en uno de los playones del establecimiento deportivo, ante una multitud de militantes que fueron a apoyarlos.<\/p>\n\n\n\n<p>El jueves pasado, el legislador visit\u00f3 varios negocios del<strong>\u00a0microcentro porte\u00f1o<\/strong>, partiendo desde la calle Florida y Corrientes, donde convers\u00f3 con comerciantes, peatones y simpatizantes que se acercaron hasta el lugar y se sacaron fotos con \u00e9l.<\/p>\n\n\n\n<p>De esta manera, el dirigente opositor emul\u00f3 una modalidad que viene aplicando Milei, la de hacer recorridas y mezclarse entre la multitud, de las que adem\u00e1s \u00e9l particip\u00f3, pero en esta oportunidad lo hizo sin la presencia del diputado nacional, como una manera de mostrar estructura y apoyo propio de cara a los comicios.<\/p>\n\n\n\n<p>En este sentido, de acuerdo con lo que pudo saber<strong>&nbsp;Infobae<\/strong>, el legislador, jefe del bloque de La Libertad Avanza, est\u00e1 convencido de que puede tener un buen resultado en las urnas, a pesar de la decisi\u00f3n del actual mandatario local,&nbsp;<strong>Horacio Rodr\u00edguez Larreta<\/strong>, de convocar a elecciones concurrentes.<\/p>\n\n\n\n<p>Seg\u00fan asegur\u00f3 el equipo de campa\u00f1a con el que trabaja, uno de los aspectos favorables con los que cuenta, a diferencia de los candidatos en otros lugares del pa\u00eds, es que es una figura bastante conocida en el mundo del liberalismo.<\/p>\n\n\n\n<p>Con gran actividad en las redes sociales y habituales apariciones en la televisi\u00f3n, en las que se suele enfrentar a l\u00edderes piqueteros o de la izquierda, Marra es un dirigente con alta exposici\u00f3n y hay an\u00e1lisis internos que marcan que incluso&nbsp;<strong>el 80% de los votantes de Milei lo conocen y lo apoyar\u00edan<\/strong>.<\/p>\n\n\n\n<p><img decoding=\"async\" loading=\"lazy\" alt=\"Ramiro Marra junto a Victoria Villarruel, el jueves pasado\" height=\"1066\" width=\"1600\" class=\"\" src=\"https:\/\/cloudfront-us-east-1.images.arcpublishing.com\/infobae\/U4NEKWCFFBE6ZLGAMZI4WQG5FU.jpeg\" srcset=\"https:\/\/www.infobae.com\/new-resizer\/6Hk1PlGhW2C86tRBNjDoe1d5twc=\/420x280\/filters:format(webp):quality(85)\/cloudfront-us-east-1.images.arcpublishing.com\/infobae\/U4NEKWCFFBE6ZLGAMZI4WQG5FU.jpeg 420w,https:\/\/www.infobae.com\/new-resizer\/aS2CNrGlvR9gScdG9-lrD3KqCic=\/768x512\/filters:format(webp):quality(85)\/cloudfront-us-east-1.images.arcpublishing.com\/infobae\/U4NEKWCFFBE6ZLGAMZI4WQG5FU.jpeg 768w,https:\/\/www.infobae.com\/new-resizer\/0tnLBKuugzD8sQtDloLKNptD35k=\/992x661\/filters:format(webp):quality(85)\/cloudfront-us-east-1.images.arcpublishing.com\/infobae\/U4NEKWCFFBE6ZLGAMZI4WQG5FU.jpeg 992w,https:\/\/www.infobae.com\/new-resizer\/oWOAlZjNFi7gs2B5JKpk3EDEQik=\/1200x800\/filters:format(webp):quality(85)\/cloudfront-us-east-1.images.arcpublishing.com\/infobae\/U4NEKWCFFBE6ZLGAMZI4WQG5FU.jpeg 1200w,https:\/\/www.infobae.com\/new-resizer\/pMF_LOp168wgb5RCNRhG4ThBAZk=\/1440x960\/filters:format(webp):quality(85)\/cloudfront-us-east-1.images.arcpublishing.com\/infobae\/U4NEKWCFFBE6ZLGAMZI4WQG5FU.jpeg 1440w\">Ramiro Marra junto a Victoria Villarruel, el jueves pasado<\/p>\n\n\n\n<p>El broker de bolsa, de 40 a\u00f1os, es el fundador de la p\u00e1gina\u00a0<em>D\u00f3lar hoy<\/em>\u00a0y el director de<em>\u00a0Bull Market Group<\/em>, una empresa<em>\u00a0fintech<\/em>\u00a0perteneciente a su familia, y accedi\u00f3 a su banca en 2021, cuando La Libertad Avanza, con el economista a la cabeza, super\u00f3 los 16 puntos en las elecciones legislativas.<\/p>\n\n\n\n<p>Su carrera en la pol\u00edtica comenz\u00f3 en el 2019, cuando integr\u00f3 la lista de candidatos a senadores nacionales por la ciudad de Buenos Aires de&nbsp;<strong>Consenso Federal<\/strong>, la fuerza con la que el ex ministro de Econom\u00eda&nbsp;<strong>Roberto Lavagna&nbsp;<\/strong>intent\u00f3 llegar a la Presidencia.<\/p>\n\n\n\n<p>Si bien consigui\u00f3 m\u00e1s de 114 mil votos, Marra no logr\u00f3 entrar al Congreso y tiempo m\u00e1s tarde decidi\u00f3 pasarse a las filas de Milei, a quien acompa\u00f1\u00f3 desde entonces.<\/p>\n\n\n\n<p>\u201cEs un placer estar con el querid\u00edsimo Ramiro Marra. Somos la l\u00ednea fundadora de La Libertad Avanza. Las cabezas m\u00e1s visibles fuimos Ramiro, Victoria y yo\u201d, destac\u00f3 el propio l\u00edder del espacio durante la recorrida de este mi\u00e9rcoles.<\/p>\n\n\n\n<p>Durante la actividad, el economista denunci\u00f3 \u201cuna obsesi\u00f3n\u201d sobre su espacio por parte de algunos sectores y sostuvo que \u201clos ataques y difamaciones no cesaron\u201d desde que decidieron ingresar a la pol\u00edtica.<\/p>\n\n\n\n<p>\u201cGracias a la maravillosa idea de mi hermana, terminamos estando en todos los diarios del mundo por el sorteo de la dieta; luego hicimos actos multitudinarios en el interior. Nosotros no nos metimos ac\u00e1 para guiar corderos, nos metimos para despertar leones. Estamos enfrentando a la casta cara a cara para sacarlos\u201d, remarc\u00f3 Milei.<\/p>\n\n\n\n<p>Adem\u00e1s, el referente opositor volvi\u00f3 a cuestionar al actual mandatario porte\u00f1o,&nbsp;<strong>Horacio Rodr\u00edguez Larreta<\/strong>, al que calific\u00f3 de \u201csiniestro\u201d, pero asegur\u00f3 que las encuestas muestran que LLA est\u00e1 \u201csegunda\u201d en intenci\u00f3n de voto.<\/p>\n\n\n\n<p>Por su parte, acompa\u00f1ado por los tambi\u00e9n legisladores<strong>&nbsp;Luc\u00eda Montenegro<\/strong>,&nbsp;<strong>Oscar Zago&nbsp;<\/strong>y<strong>&nbsp;Leonardo Saifert<\/strong>, Marra destac\u00f3 que \u201cesta es la primera de muchas caminatas\u201d que va a \u201chacer con Javier en esta campa\u00f1a\u201d.<\/p>\n\n\n\n<p>Adem\u00e1s, explic\u00f3 por qu\u00e9 Villa Lugano fue el lugar elegido para el anuncio:&nbsp;<strong>\u201cLa Comuna 8 fue la que m\u00e1s nos acompa\u00f1\u00f3 en la campa\u00f1a de 2021<\/strong>, ahora decidimos volver a la Ciudad desde ac\u00e1. Lo que pas\u00f3 en el sur de la ciudad es un ejemplo de lo que va a pasar este a\u00f1o. Lo dicen los n\u00fameros y lo dice la gente, podemos dejar terceros al Frente de Todos, tanto en naci\u00f3n como en ciudad. Es una muestra de que las ideas de la libertad ya ganaron\u201d, se\u00f1al\u00f3.<\/p>\n\n\n\n<p>Por \u00faltimo, el precandidato a jefe de Gobierno tambi\u00e9n critic\u00f3 a Rodr\u00edguez Larreta y lo acus\u00f3 de querer \u201centregar la capital al radicalismo de la mano de (Mart\u00edn) Lousteau\u201d, al considerar que \u201chizo todo\u201d para que el dirigente de Evoluci\u00f3n \u201cgane\u201d las elecciones y \u201ccontin\u00fae el mismo modelo socialista que impuso durante toda su gesti\u00f3n\u201d.<\/p>\n\n\n\n<p>Fuente: Infobae<\/p>\n","protected":false},"excerpt":{"rendered":"<div class=\"mh-excerpt\"><p>Durante una recorrida que ambos compartieron por el barrio porte\u00f1o de Villa Lugano, el l\u00edder de La Libertad Avanza,&nbsp;Javier Milei, confirm\u00f3 que el legislador&nbsp;Ramiro Marra&nbsp;ser\u00e1 el precandidato de su espacio a jefe de Gobierno en la ciudad de Buenos Aires. El youtuber y experto en finanzas, que adem\u00e1s encabeza el bloque del frente en la Legislatura, ya hab\u00eda comenzado a hacer caminatas por diferentes lugares de la Capital Federal junto a otros referentes de la agrupaci\u00f3n, como&nbsp;Victoria Villarruel, compa\u00f1era de f\u00f3rmula presidencial del diputado. Milei hizo el anuncio en un acto en\u00a0Club El Ideal, ubicado en la intersecci\u00f3n de las <a class=\"mh-excerpt-more\" href=\"http:\/\/dsrmedios.com.ar\/diario\/archivos\/35081\" title=\"Javier Milei confirm\u00f3 que Ramiro Marra ser\u00e1 su precandidato a jefe de Gobierno porte\u00f1o\">[Leer m\u00e1s]<\/a><\/p>\n<\/div>","protected":false},"author":8,"featured_media":32063,"comment_status":"open","ping_status":"closed","sticky":false,"template":"","format":"standard","meta":{"_jetpack_newsletter_access":""},"categories":[6],"tags":[],"jetpack_featured_media_url":"http:\/\/dsrmedios.com.ar\/diario\/wp-content\/uploads\/2023\/04\/javier-mileijpg-1.jpg","jetpack_sharing_enabled":true,"jetpack_shortlink":"https:\/\/wp.me\/p9fihK-97P","_links":{"self":[{"href":"http:\/\/dsrmedios.com.ar\/diario\/wp-json\/wp\/v2\/posts\/35081"}],"collection":[{"href":"http:\/\/dsrmedios.com.ar\/diario\/wp-json\/wp\/v2\/posts"}],"about":[{"href":"http:\/\/dsrmedios.com.ar\/diario\/wp-json\/wp\/v2\/types\/post"}],"author":[{"embeddable":true,"href":"http:\/\/dsrmedios.com.ar\/diario\/wp-json\/wp\/v2\/users\/8"}],"replies":[{"embeddable":true,"href":"http:\/\/dsrmedios.com.ar\/diario\/wp-json\/wp\/v2\/comments?post=35081"}],"version-history":[{"count":1,"href":"http:\/\/dsrmedios.com.ar\/diario\/wp-json\/wp\/v2\/posts\/35081\/revisions"}],"predecessor-version":[{"id":35082,"href":"http:\/\/dsrmedios.com.ar\/diario\/wp-json\/wp\/v2\/posts\/35081\/revisions\/35082"}],"wp:featuredmedia":[{"embeddable":true,"href":"http:\/\/dsrmedios.com.ar\/diario\/wp-json\/wp\/v2\/media\/32063"}],"wp:attachment":[{"href":"http:\/\/dsrmedios.com.ar\/diario\/wp-json\/wp\/v2\/media?parent=35081"}],"wp:term":[{"taxonomy":"category","embeddable":true,"href":"http:\/\/dsrmedios.com.ar\/diario\/wp-json\/wp\/v2\/categories?post=35081"},{"taxonomy":"post_tag","embeddable":true,"href":"http:\/\/dsrmedios.com.ar\/diario\/wp-json\/wp\/v2\/tags?post=35081"}],"curies":[{"name":"wp","href":"https:\/\/api.w.org\/{rel}","templated":true}]}}