{"id":35078,"date":"2023-06-07T18:24:22","date_gmt":"2023-06-07T21:24:22","guid":{"rendered":"http:\/\/dsrmedios.com.ar\/diario\/?p=35078"},"modified":"2023-06-07T18:24:26","modified_gmt":"2023-06-07T21:24:26","slug":"los-75-jovenes-en-trama-de-carhue-suman-capacitacion-dia-a-dia","status":"publish","type":"post","link":"http:\/\/dsrmedios.com.ar\/diario\/archivos\/35078","title":{"rendered":"<strong>Los 75 J\u00f3venes en Trama de Carhu\u00e9 suman capacitaci\u00f3n d\u00eda a d\u00eda<\/strong>"},"content":{"rendered":"\n<h2>Setenta y cinco J\u00f3venes en Trama participan en Carhu\u00e9 activamente de los talleres semanales y de aquellos que se desarrollan de forma espor\u00e1dica o por \u00fanica vez; todos son dictados con el fin de brindarles herramientas para su desarrollo personal y laboral.<br>&nbsp;<br>Esta semana concluy\u00f3 el taller de manicur\u00eda, a cargo de Graciela M\u00e9ndez, que tuvo una duraci\u00f3n de 10 horas en total.<br>&nbsp;<br>Semanalmente, en Carhu\u00e9 se dictan: Maquillaje terap\u00e9utico los d\u00edas lunes, a cargo de Geraldina Bedouret; Cocina los d\u00edas martes y viernes, a cargo de Juan Coria; Arte los jueves, a cargo de Sof\u00eda Gonz\u00e1lez y taller de Emprendedorismo a cargo de Luis Far\u00edas los d\u00edas viernes. Los J\u00f3venes tambi\u00e9n practican deportes con la profesora Jaqueline Coria en el C.E.F. N\u00b0 28 los martes y jueves en el taller Multideportes.<br>&nbsp;<br>De estas actividades propuestas por J\u00f3venes en Trama, \u00e1rea dependiente de la Secretar\u00eda de Desarrollo Humano, participan m\u00e1s de 70 integrantes de la sede Carhu\u00e9.<\/h2>\n","protected":false},"excerpt":{"rendered":"<div class=\"mh-excerpt\"><p>Setenta y cinco J\u00f3venes en Trama participan en Carhu\u00e9 activamente de los talleres semanales y de aquellos que se desarrollan de forma espor\u00e1dica o por \u00fanica vez; todos son dictados con el fin de brindarles herramientas para su desarrollo personal y laboral.&nbsp;Esta semana concluy\u00f3 el taller de manicur\u00eda, a cargo de Graciela M\u00e9ndez, que tuvo una duraci\u00f3n de 10 horas en total.&nbsp;Semanalmente, en Carhu\u00e9 se dictan: Maquillaje terap\u00e9utico los d\u00edas lunes, a cargo de Geraldina Bedouret; Cocina los d\u00edas martes y viernes, a cargo de Juan Coria; Arte los jueves, a cargo de Sof\u00eda Gonz\u00e1lez y taller de Emprendedorismo a <a class=\"mh-excerpt-more\" href=\"http:\/\/dsrmedios.com.ar\/diario\/archivos\/35078\" title=\"Los 75 J\u00f3venes en Trama de Carhu\u00e9 suman capacitaci\u00f3n d\u00eda a d\u00eda\">[Leer m\u00e1s]<\/a><\/p>\n<\/div>","protected":false},"author":8,"featured_media":35079,"comment_status":"open","ping_status":"closed","sticky":false,"template":"","format":"standard","meta":{"_jetpack_newsletter_access":""},"categories":[18,31,5],"tags":[],"jetpack_featured_media_url":"http:\/\/dsrmedios.com.ar\/diario\/wp-content\/uploads\/2023\/06\/WhatsApp-Image-2023-06-07-at-09.55.31.jpeg","jetpack_sharing_enabled":true,"jetpack_shortlink":"https:\/\/wp.me\/p9fihK-97M","_links":{"self":[{"href":"http:\/\/dsrmedios.com.ar\/diario\/wp-json\/wp\/v2\/posts\/35078"}],"collection":[{"href":"http:\/\/dsrmedios.com.ar\/diario\/wp-json\/wp\/v2\/posts"}],"about":[{"href":"http:\/\/dsrmedios.com.ar\/diario\/wp-json\/wp\/v2\/types\/post"}],"author":[{"embeddable":true,"href":"http:\/\/dsrmedios.com.ar\/diario\/wp-json\/wp\/v2\/users\/8"}],"replies":[{"embeddable":true,"href":"http:\/\/dsrmedios.com.ar\/diario\/wp-json\/wp\/v2\/comments?post=35078"}],"version-history":[{"count":1,"href":"http:\/\/dsrmedios.com.ar\/diario\/wp-json\/wp\/v2\/posts\/35078\/revisions"}],"predecessor-version":[{"id":35080,"href":"http:\/\/dsrmedios.com.ar\/diario\/wp-json\/wp\/v2\/posts\/35078\/revisions\/35080"}],"wp:featuredmedia":[{"embeddable":true,"href":"http:\/\/dsrmedios.com.ar\/diario\/wp-json\/wp\/v2\/media\/35079"}],"wp:attachment":[{"href":"http:\/\/dsrmedios.com.ar\/diario\/wp-json\/wp\/v2\/media?parent=35078"}],"wp:term":[{"taxonomy":"category","embeddable":true,"href":"http:\/\/dsrmedios.com.ar\/diario\/wp-json\/wp\/v2\/categories?post=35078"},{"taxonomy":"post_tag","embeddable":true,"href":"http:\/\/dsrmedios.com.ar\/diario\/wp-json\/wp\/v2\/tags?post=35078"}],"curies":[{"name":"wp","href":"https:\/\/api.w.org\/{rel}","templated":true}]}}