{"id":35060,"date":"2023-06-07T08:18:40","date_gmt":"2023-06-07T11:18:40","guid":{"rendered":"http:\/\/dsrmedios.com.ar\/diario\/?p=35060"},"modified":"2023-06-07T08:18:44","modified_gmt":"2023-06-07T11:18:44","slug":"el-regreso-de-un-campeon-perrozzi-se-reincorpora-al-turismo-regional","status":"publish","type":"post","link":"http:\/\/dsrmedios.com.ar\/diario\/archivos\/35060","title":{"rendered":"El regreso de un campe\u00f3n: Perrozzi se reincorpora al Turismo Regional"},"content":{"rendered":"\n<p>Una vuelta esperada tendr\u00e1 este fin de semana el Turismo Regional en el Aut\u00f3dromo de Bah\u00eda Blanca, donde se disputar\u00e1 una nueva fecha, la cuarta, de las categor\u00edas zonales.<\/p>\n\n\n\n<p>Se trata del whitense Mat\u00edas Perrozzi, quien fuera campe\u00f3n en 2021. Se subir\u00e1 a un Ford Fiesta. En di\u00e1logo con&nbsp;<strong>LA BR\u00daJULA 24<\/strong>, resalt\u00f3: \u201cAprovechando que Braian Quevedo no va a poder estar presente y para que el auto no quede en el taller, acept\u00e9 la propuesta\u201d.<\/p>\n\n\n\n<p>\u201cEstoy con muchas ganas, pas\u00f3 bastante tiempo sin subir al auto de carreras\u201d, sostuvo, al tiempo que analiz\u00f3 sus chances de otra etapa en el Turismo Pista: \u201cLo veo cada vez m\u00e1s lejano por un tema econ\u00f3mico, pero obviamente que quisiera intentarlo otra vez\u201d.<\/p>\n\n\n\n<p>Fuente: LA BRUJULA24<\/p>\n","protected":false},"excerpt":{"rendered":"<div class=\"mh-excerpt\"><p>Una vuelta esperada tendr\u00e1 este fin de semana el Turismo Regional en el Aut\u00f3dromo de Bah\u00eda Blanca, donde se disputar\u00e1 una nueva fecha, la cuarta, de las categor\u00edas zonales. Se trata del whitense Mat\u00edas Perrozzi, quien fuera campe\u00f3n en 2021. Se subir\u00e1 a un Ford Fiesta. En di\u00e1logo con&nbsp;LA BR\u00daJULA 24, resalt\u00f3: \u201cAprovechando que Braian Quevedo no va a poder estar presente y para que el auto no quede en el taller, acept\u00e9 la propuesta\u201d. \u201cEstoy con muchas ganas, pas\u00f3 bastante tiempo sin subir al auto de carreras\u201d, sostuvo, al tiempo que analiz\u00f3 sus chances de otra etapa en el <a class=\"mh-excerpt-more\" href=\"http:\/\/dsrmedios.com.ar\/diario\/archivos\/35060\" title=\"El regreso de un campe\u00f3n: Perrozzi se reincorpora al Turismo Regional\">[Leer m\u00e1s]<\/a><\/p>\n<\/div>","protected":false},"author":8,"featured_media":35061,"comment_status":"open","ping_status":"closed","sticky":false,"template":"","format":"standard","meta":{"_jetpack_newsletter_access":""},"categories":[2],"tags":[],"jetpack_featured_media_url":"http:\/\/dsrmedios.com.ar\/diario\/wp-content\/uploads\/2023\/06\/descarga-2023-06-07T104221.534.jpg","jetpack_sharing_enabled":true,"jetpack_shortlink":"https:\/\/wp.me\/p9fihK-97u","_links":{"self":[{"href":"http:\/\/dsrmedios.com.ar\/diario\/wp-json\/wp\/v2\/posts\/35060"}],"collection":[{"href":"http:\/\/dsrmedios.com.ar\/diario\/wp-json\/wp\/v2\/posts"}],"about":[{"href":"http:\/\/dsrmedios.com.ar\/diario\/wp-json\/wp\/v2\/types\/post"}],"author":[{"embeddable":true,"href":"http:\/\/dsrmedios.com.ar\/diario\/wp-json\/wp\/v2\/users\/8"}],"replies":[{"embeddable":true,"href":"http:\/\/dsrmedios.com.ar\/diario\/wp-json\/wp\/v2\/comments?post=35060"}],"version-history":[{"count":1,"href":"http:\/\/dsrmedios.com.ar\/diario\/wp-json\/wp\/v2\/posts\/35060\/revisions"}],"predecessor-version":[{"id":35062,"href":"http:\/\/dsrmedios.com.ar\/diario\/wp-json\/wp\/v2\/posts\/35060\/revisions\/35062"}],"wp:featuredmedia":[{"embeddable":true,"href":"http:\/\/dsrmedios.com.ar\/diario\/wp-json\/wp\/v2\/media\/35061"}],"wp:attachment":[{"href":"http:\/\/dsrmedios.com.ar\/diario\/wp-json\/wp\/v2\/media?parent=35060"}],"wp:term":[{"taxonomy":"category","embeddable":true,"href":"http:\/\/dsrmedios.com.ar\/diario\/wp-json\/wp\/v2\/categories?post=35060"},{"taxonomy":"post_tag","embeddable":true,"href":"http:\/\/dsrmedios.com.ar\/diario\/wp-json\/wp\/v2\/tags?post=35060"}],"curies":[{"name":"wp","href":"https:\/\/api.w.org\/{rel}","templated":true}]}}