{"id":35032,"date":"2023-06-07T08:01:08","date_gmt":"2023-06-07T11:01:08","guid":{"rendered":"http:\/\/dsrmedios.com.ar\/diario\/?p=35032"},"modified":"2023-06-07T08:01:12","modified_gmt":"2023-06-07T11:01:12","slug":"bullrich-desconoce-la-votacion-del-consejo-pro-que-aprobo-el-ingreso-de-espert-y-desafia-a-larreta","status":"publish","type":"post","link":"http:\/\/dsrmedios.com.ar\/diario\/archivos\/35032","title":{"rendered":"Bullrich desconoce la votaci\u00f3n del Consejo PRO que aprob\u00f3 el ingreso de Espert y desaf\u00eda a Larreta"},"content":{"rendered":"\n<p><a href=\"https:\/\/tn.com.ar\/politica\/2023\/06\/07\/la-pelea-entre-bullrich-y-larreta-por-schiaretti-no-amaina-y-crece-la-inquietud-en-el-resto-de-jxc\/\" target=\"_blank\" rel=\"noreferrer noopener\"><strong>Patricia Bullrich<\/strong><\/a>no est\u00e1 dispuesta a cederle un paso a&nbsp;<a href=\"https:\/\/tn.com.ar\/politica\/2023\/06\/07\/la-pelea-entre-bullrich-y-larreta-por-schiaretti-no-amaina-y-crece-la-inquietud-en-el-resto-de-jxc\/\" target=\"_blank\" rel=\"noreferrer noopener\"><strong>Horacio Rodr\u00edguez Larreta<\/strong><\/a>.&nbsp;<a href=\"https:\/\/tn.com.ar\/politica\/2023\/06\/06\/la-demostracion-de-fuerza-de-rodriguez-larreta-quiere-reunir-al-consejo-nacional-del-pro-para-sumar-a-espert\/\" target=\"_blank\" rel=\"noreferrer noopener\">A pesar de la reuni\u00f3n del Consejo Nacional del PRO<\/a>&nbsp;que ayer convoc\u00f3 el jefe de Gobierno porte\u00f1o, la exministra de Seguridad continuar\u00e1 resistiendo el ingreso del economista liberal&nbsp;<a href=\"https:\/\/tn.com.ar\/politica\/2023\/06\/04\/juan-schiaretti-pidio-una-gran-paso-opositora-y-jxc-debe-definir-si-se-quiebra-o-reconfigura-la-coalicion\/\" target=\"_blank\" rel=\"noreferrer noopener\"><strong>Jos\u00e9 Luis Espert<\/strong><\/a>.<\/p>\n\n\n\n<p>Fuentes partidarias le confirmaron a&nbsp;<strong>TN&nbsp;<\/strong>que Bullrich&nbsp;<a href=\"https:\/\/tn.com.ar\/politica\/2023\/06\/06\/la-demostracion-de-fuerza-de-rodriguez-larreta-quiere-reunir-al-consejo-nacional-del-pro-para-sumar-a-espert\/\" target=\"_blank\" rel=\"noreferrer noopener\">desconocer\u00e1 el encuentro del Consejo PRO<\/a>&nbsp;que se reuni\u00f3 de urgencia el martes por la noche.<\/p>\n\n\n\n<p><\/p>\n\n\n\n<p>Espert quiere ser candidato a presidente y cuenta con el aval de Larreta. Para el jefe de Gobierno se trata de una incorporaci\u00f3n clave, ya que le divide el electorado m\u00e1s duro a Bullrich. En tanto, desde el campamento de la exministra de Seguridad, en principio no ten\u00edan reparos a su llegada, pero la misma deb\u00eda ser para dar pelea en la provincia de Buenos Aires.<\/p>\n\n\n\n<figure class=\"wp-block-image\"><img decoding=\"async\" src=\"https:\/\/tn.com.ar\/resizer\/C_juTI0oy2g7nL3w_8FMePTZMuM=\/767x0\/smart\/filters:format(webp)\/cloudfront-us-east-1.images.arcpublishing.com\/artear\/KO2GLJXPQFABBFS3GHY56OKR7M.jpg\" alt=\"Jos\u00e9 Luis Espert junto a Horacio Rodr\u00edguez Larreta y Diego Santilli. (Foto: NA)\"\/><figcaption class=\"wp-element-caption\">Jos\u00e9 Luis Espert junto a Horacio Rodr\u00edguez Larreta y Diego Santilli. (Foto: NA)<\/figcaption><\/figure>\n\n\n\n<p>Larreta, por su parte, necesita imponerse como l\u00edder dentro del PRO. Por eso, no quiere que lo afecte -lo que cerca del jefe de Gobierno le dicen- \u201c<strong>el s\u00edndrome de Alberto Fern\u00e1ndez<\/strong>\u201d, que termin\u00f3 siendo dominado por&nbsp;<strong>Cristina Kirchner<\/strong>.<\/p>\n\n\n\n<p>Adem\u00e1s, el dirigente porte\u00f1o est\u00e1 convencido de la\u00a0<strong>necesidad de ensanchar la coalici\u00f3n<\/strong>\u00a0de Juntos por el Cambio para crear una base de gobernabilidad m\u00e1s amplia.<\/p>\n\n\n\n<p>\u00bfEst\u00e1 pensando en Schiaretti como candidato a vicepresidente? En el PRO aseguran que no. Que ese puesto de vicepresidente est\u00e1 reservado para el radicalismo. Pero no descarta que, llegado al gobierno, el cordob\u00e9s pueda convertirse en un muy buen ministro del Interior gracias al fluido contacto que tiene con los dem\u00e1s gobernadores.<\/p>\n\n\n\n<p>Por ahora, la discusi\u00f3n sobre Schiaretti qued\u00f3 postergada. Las negociaciones con Bullrich parecen estar en uno de los peores momentos, ni siquiera est\u00e1 dispuesta a tolerar que ingrese Espert ni la titular del GEN, Margarita Stolbizer.<\/p>\n\n\n\n<figure class=\"wp-block-image\"><img decoding=\"async\" src=\"https:\/\/tn.com.ar\/resizer\/MDEwOKB34y4l892fzTQJJ7yN2Fg=\/767x0\/smart\/filters:format(webp)\/cloudfront-us-east-1.images.arcpublishing.com\/artear\/36TOE4BG2VBSFGCKMX6WNIJW2U.jpg\" alt=\"El presidente del PRO, Federico Angelini, junto a su jefa pol\u00edtica, la referente del partido, Patricia Bullrich (Foto: NA).\"\/><figcaption class=\"wp-element-caption\">El presidente del PRO, Federico Angelini, junto a su jefa pol\u00edtica, la referente del partido, Patricia Bullrich (Foto: NA).<\/figcaption><\/figure>\n\n\n\n<p>As\u00ed qued\u00f3 plasmado en la reuni\u00f3n que se hizo ayer de Juntos por el Cambio, donde<strong>&nbsp;Federico Angelini,<\/strong>&nbsp;presidente del PRO y hombre de Burllrich, vet\u00f3 la incorporaci\u00f3n del economista al frente electoral salvo que acepte ir a disputar, interna mediante, la provincia de Buenos Aires.<\/p>\n\n\n\n<p>Tambi\u00e9n se opuso a la incorporaci\u00f3n de Stolbizer y -como se supon\u00eda de antemano- la del gobernador de C\u00f3rdoba&nbsp;<a href=\"https:\/\/tn.com.ar\/politica\/2023\/06\/07\/la-pelea-entre-bullrich-y-larreta-por-schiaretti-no-amaina-y-crece-la-inquietud-en-el-resto-de-jxc\/\" target=\"_blank\" rel=\"noreferrer noopener\"><strong>Juan Schiaretti.<\/strong><\/a><\/p>\n\n\n\n<p><\/p>\n\n\n\n<p>Sin embargo, desde el entorno del jefe de Gobierno porte\u00f1o insistieron que ante \u201cel inminente vencimiento del plazo para la constituci\u00f3n de alianzas, se re\u00fanan todas las veces que se requiera para escuchar las opiniones del conjunto del consejo\u201d.<\/p>\n\n\n\n<p><strong>Larreta sabe que no puede dar marcha atr\u00e1s.<\/strong>\u00a0Porque dar marcha atr\u00e1s con su propuesta de ampliar el espacio significar\u00eda diluir su candidatura. Solo le queda acelerar a fondo.<\/p>\n\n\n\n<p>Fuente: TN<\/p>\n","protected":false},"excerpt":{"rendered":"<div class=\"mh-excerpt\"><p>Patricia Bullrichno est\u00e1 dispuesta a cederle un paso a&nbsp;Horacio Rodr\u00edguez Larreta.&nbsp;A pesar de la reuni\u00f3n del Consejo Nacional del PRO&nbsp;que ayer convoc\u00f3 el jefe de Gobierno porte\u00f1o, la exministra de Seguridad continuar\u00e1 resistiendo el ingreso del economista liberal&nbsp;Jos\u00e9 Luis Espert. Fuentes partidarias le confirmaron a&nbsp;TN&nbsp;que Bullrich&nbsp;desconocer\u00e1 el encuentro del Consejo PRO&nbsp;que se reuni\u00f3 de urgencia el martes por la noche. Espert quiere ser candidato a presidente y cuenta con el aval de Larreta. Para el jefe de Gobierno se trata de una incorporaci\u00f3n clave, ya que le divide el electorado m\u00e1s duro a Bullrich. En tanto, desde el campamento de <a class=\"mh-excerpt-more\" href=\"http:\/\/dsrmedios.com.ar\/diario\/archivos\/35032\" title=\"Bullrich desconoce la votaci\u00f3n del Consejo PRO que aprob\u00f3 el ingreso de Espert y desaf\u00eda a Larreta\">[Leer m\u00e1s]<\/a><\/p>\n<\/div>","protected":false},"author":8,"featured_media":35033,"comment_status":"open","ping_status":"closed","sticky":false,"template":"","format":"standard","meta":{"_jetpack_newsletter_access":""},"categories":[6],"tags":[],"jetpack_featured_media_url":"http:\/\/dsrmedios.com.ar\/diario\/wp-content\/uploads\/2023\/06\/descarga-2023-06-07T102438.483.jpg","jetpack_sharing_enabled":true,"jetpack_shortlink":"https:\/\/wp.me\/p9fihK-972","_links":{"self":[{"href":"http:\/\/dsrmedios.com.ar\/diario\/wp-json\/wp\/v2\/posts\/35032"}],"collection":[{"href":"http:\/\/dsrmedios.com.ar\/diario\/wp-json\/wp\/v2\/posts"}],"about":[{"href":"http:\/\/dsrmedios.com.ar\/diario\/wp-json\/wp\/v2\/types\/post"}],"author":[{"embeddable":true,"href":"http:\/\/dsrmedios.com.ar\/diario\/wp-json\/wp\/v2\/users\/8"}],"replies":[{"embeddable":true,"href":"http:\/\/dsrmedios.com.ar\/diario\/wp-json\/wp\/v2\/comments?post=35032"}],"version-history":[{"count":1,"href":"http:\/\/dsrmedios.com.ar\/diario\/wp-json\/wp\/v2\/posts\/35032\/revisions"}],"predecessor-version":[{"id":35034,"href":"http:\/\/dsrmedios.com.ar\/diario\/wp-json\/wp\/v2\/posts\/35032\/revisions\/35034"}],"wp:featuredmedia":[{"embeddable":true,"href":"http:\/\/dsrmedios.com.ar\/diario\/wp-json\/wp\/v2\/media\/35033"}],"wp:attachment":[{"href":"http:\/\/dsrmedios.com.ar\/diario\/wp-json\/wp\/v2\/media?parent=35032"}],"wp:term":[{"taxonomy":"category","embeddable":true,"href":"http:\/\/dsrmedios.com.ar\/diario\/wp-json\/wp\/v2\/categories?post=35032"},{"taxonomy":"post_tag","embeddable":true,"href":"http:\/\/dsrmedios.com.ar\/diario\/wp-json\/wp\/v2\/tags?post=35032"}],"curies":[{"name":"wp","href":"https:\/\/api.w.org\/{rel}","templated":true}]}}