{"id":35029,"date":"2023-06-07T07:45:40","date_gmt":"2023-06-07T10:45:40","guid":{"rendered":"http:\/\/dsrmedios.com.ar\/diario\/?p=35029"},"modified":"2023-06-07T07:45:43","modified_gmt":"2023-06-07T10:45:43","slug":"preocupacion-en-boca-luca-langoni-y-miguel-merentiel-fueron-reemplazados-por-lesion-ante-colo-colo","status":"publish","type":"post","link":"http:\/\/dsrmedios.com.ar\/diario\/archivos\/35029","title":{"rendered":"Preocupaci\u00f3n en Boca: Luca Langoni y Miguel Merentiel fueron reemplazados por lesi\u00f3n ante Colo Colo"},"content":{"rendered":"\n<p><strong>Luca Langoni<\/strong>&nbsp;<strong>dur\u00f3 apenas 12 minutos<\/strong>&nbsp;en el&nbsp;<a href=\"https:\/\/www.infobae.com\/deportes\/2023\/06\/06\/boca-juniors-recibe-a-colo-colo-con-el-objetivo-de-sellar-su-clasificacion-a-los-octavos-de-la-copa-libertadores-en-vivo-hora-tv-y-formaciones\/\" target=\"_blank\" rel=\"noreferrer noopener\">encuentro ante&nbsp;<strong>Colo Colo<\/strong>&nbsp;disputado en La Bombonera<\/a>, por la quinta fecha de la fase de grupos de la&nbsp;<strong>Copa Libertadores<\/strong>. El juvenil de 21 a\u00f1os intent\u00f3 superar al uruguayo Ramiro Gonz\u00e1lez Hern\u00e1ndez, sinti\u00f3 un pinchazo cuando remat\u00f3 y autom\u00e1ticamente fue reemplazado, entre l\u00e1grimas. Con signos evidentes de dolor, el delantero abandon\u00f3 el campo de juego y&nbsp;<strong>en su lugar ingres\u00f3 el paraguayo \u00d3scar Romero<\/strong>.<\/p>\n\n\n\n<figure class=\"wp-block-image\"><img decoding=\"async\" src=\"https:\/\/cloudfront-us-east-1.images.arcpublishing.com\/infobae\/OGOR2GCRNZGGTPOUPFSJOGSMMM.jpg\" alt=\"\"\/><\/figure>\n\n\n\n<p>Una muy mala noticia para Boca Juniors, que&nbsp;<strong>ya ven\u00eda de sufrir la baja<\/strong>,&nbsp;<a href=\"https:\/\/www.infobae.com\/deportes\/2023\/06\/06\/boca-juniors-confirmo-la-lesion-que-sufrio-marcos-rojo\/\" target=\"_blank\" rel=\"noreferrer noopener\">tambi\u00e9n por lesi\u00f3n,&nbsp;<strong>de Marcos Rojo<\/strong><\/a>, quien la semana pasada tuvo su ansiada vuelta a las canchas luego de m\u00e1s de siete meses de recuperaci\u00f3n por la rotura de ligamentos de rodilla. El capit\u00e1n defensor jug\u00f3 solo 45 minutos en el duelo de Reserva que termin\u00f3 con victoria 2 a 1 ante Arsenal en el Centro de Entrenamientos de Ezeiza.<\/p>\n\n\n\n<p>Por supuesto,&nbsp;<strong>esta nueva lesi\u00f3n de Luca Langoni genera mucha preocupaci\u00f3n<\/strong>&nbsp;en el Departamento M\u00e9dico de Boca Juniors sobre todo porque, a juzgar por las im\u00e1genes,&nbsp;<strong>se trata del mismo isquiotibial derecho que se desgarr\u00f3 ante San Lorenzo<\/strong>, disputado el 11 de abril por la fecha 11 de la Liga Profesional,<strong>&nbsp;y que luego de un par de semanas se resinti\u00f3,<\/strong>&nbsp;disputando pocos minutos frente a Tigre y Arsenal.<\/p>\n\n\n\n<p><img decoding=\"async\" loading=\"lazy\" alt=\"Luca Langoni volvi\u00f3 a sufrir una lesi\u00f3n muscular que lo margin\u00f3 al inicio del partido ante Colo Colo (Fotobaires)\" height=\"1936\" width=\"2979\" class=\"\" src=\"https:\/\/cloudfront-us-east-1.images.arcpublishing.com\/infobae\/23BK23QWBJFYRHCMYTSFO36YEA.JPG\" srcset=\"https:\/\/www.infobae.com\/new-resizer\/4u4gbE2jwHEAVyLJ6-cNTHFI59w=\/992x614\/filters:format(webp):quality(85)\/cloudfront-us-east-1.images.arcpublishing.com\/infobae\/23BK23QWBJFYRHCMYTSFO36YEA.JPG 992w\">Luca Langoni volvi\u00f3 a sufrir una lesi\u00f3n muscular que lo margin\u00f3 al inicio del partido ante Colo Colo (Fotobaires)<\/p>\n\n\n\n<p><strong>Cuatro minutos antes<\/strong>, el nacido en Gregorio de Laferrere, provincia de Buenos Aires, hab\u00eda tenido una ocasi\u00f3n de peligro a favor, con un<strong>\u00a0remate que sali\u00f3 apenas desviado.<\/strong>\u00a0Y antes no pudo llegar por cent\u00edmetros a un centro bajo de\u00a0<em>Pol\u00a0<\/em>Fern\u00e1ndez.\u00a0<strong>Una tremenda racha negativa para Luca Langoni, quien se perfilaba como el principal reemplazante de Sebasti\u00e1n Villa<\/strong>, desafectado del plantel profesional luego de que se confirmara la sentencia en su contra por violencia de g\u00e9nero.<\/p>\n\n\n\n<p>Teniendo en cuenta que&nbsp;<strong>Exequiel Zeballos tambi\u00e9n se encuentra alejado de las canchas por lesi\u00f3n<\/strong>, al igual que el&nbsp;<strong>Toro Morales<\/strong>, el \u00fanico extremo con el que cuenta Jorge Almir\u00f3n es&nbsp;<strong>Norberto Briasco<\/strong>, ya que&nbsp;<strong>Miguel Merentiel y Luis V\u00e1zquez<\/strong>&nbsp;tienen caracter\u00edsticas m\u00e1s de centrodelantero.<\/p>\n\n\n\n<p>La mala racha no se detuvo en Langoni. Porque el citado Merentiel tambi\u00e9n sali\u00f3 lesionado&#8230; A los cinco minutos de haber ingresado. Al intentar disputar una pelota, sinti\u00f3 el pinchazo y enseguida su rostro se inund\u00f3 de preocupaci\u00f3n. Almir\u00f3n tuvo que hacer un cambio r\u00e1pido y agot\u00f3 la \u00faltima ventana: entr\u00f3 Luis V\u00e1zquez. La situaci\u00f3n repercuti\u00f3 posteriormente&#8230;<\/p>\n\n\n\n<p>Es que Luis Adv\u00edncula pis\u00f3 mal, qued\u00f3 sentido en una rodilla y apenas si pod\u00eda pisar. Permaneci\u00f3 en el campo para no dejar a su equipo con diez hombres. Rengueando, protagoniz\u00f3 m\u00e1s de un cierre providencial. Y fue ovacionado por toda La Bombonera. Bonus track: Frank Fabra tambi\u00e9n sinti\u00f3 una molestia muscular. Una saga que le plantea nuevas preocupaciones y desaf\u00edos a Jorge Almir\u00f3n, que sabore\u00f3 el 1-0 que clasific\u00f3 a su equipo a octavos de final, pero se llev\u00f3 copioso trabajo para el hogar.<\/p>\n\n\n\n<p>Fuente: Infobae<\/p>\n","protected":false},"excerpt":{"rendered":"<div class=\"mh-excerpt\"><p>Luca Langoni&nbsp;dur\u00f3 apenas 12 minutos&nbsp;en el&nbsp;encuentro ante&nbsp;Colo Colo&nbsp;disputado en La Bombonera, por la quinta fecha de la fase de grupos de la&nbsp;Copa Libertadores. El juvenil de 21 a\u00f1os intent\u00f3 superar al uruguayo Ramiro Gonz\u00e1lez Hern\u00e1ndez, sinti\u00f3 un pinchazo cuando remat\u00f3 y autom\u00e1ticamente fue reemplazado, entre l\u00e1grimas. Con signos evidentes de dolor, el delantero abandon\u00f3 el campo de juego y&nbsp;en su lugar ingres\u00f3 el paraguayo \u00d3scar Romero. Una muy mala noticia para Boca Juniors, que&nbsp;ya ven\u00eda de sufrir la baja,&nbsp;tambi\u00e9n por lesi\u00f3n,&nbsp;de Marcos Rojo, quien la semana pasada tuvo su ansiada vuelta a las canchas luego de m\u00e1s de siete meses <a class=\"mh-excerpt-more\" href=\"http:\/\/dsrmedios.com.ar\/diario\/archivos\/35029\" title=\"Preocupaci\u00f3n en Boca: Luca Langoni y Miguel Merentiel fueron reemplazados por lesi\u00f3n ante Colo Colo\">[Leer m\u00e1s]<\/a><\/p>\n<\/div>","protected":false},"author":8,"featured_media":35030,"comment_status":"open","ping_status":"closed","sticky":false,"template":"","format":"standard","meta":{"_jetpack_newsletter_access":""},"categories":[2],"tags":[],"jetpack_featured_media_url":"http:\/\/dsrmedios.com.ar\/diario\/wp-content\/uploads\/2023\/06\/23BK23QWBJFYRHCMYTSFO36YEA-scaled.jpg","jetpack_sharing_enabled":true,"jetpack_shortlink":"https:\/\/wp.me\/p9fihK-96Z","_links":{"self":[{"href":"http:\/\/dsrmedios.com.ar\/diario\/wp-json\/wp\/v2\/posts\/35029"}],"collection":[{"href":"http:\/\/dsrmedios.com.ar\/diario\/wp-json\/wp\/v2\/posts"}],"about":[{"href":"http:\/\/dsrmedios.com.ar\/diario\/wp-json\/wp\/v2\/types\/post"}],"author":[{"embeddable":true,"href":"http:\/\/dsrmedios.com.ar\/diario\/wp-json\/wp\/v2\/users\/8"}],"replies":[{"embeddable":true,"href":"http:\/\/dsrmedios.com.ar\/diario\/wp-json\/wp\/v2\/comments?post=35029"}],"version-history":[{"count":1,"href":"http:\/\/dsrmedios.com.ar\/diario\/wp-json\/wp\/v2\/posts\/35029\/revisions"}],"predecessor-version":[{"id":35031,"href":"http:\/\/dsrmedios.com.ar\/diario\/wp-json\/wp\/v2\/posts\/35029\/revisions\/35031"}],"wp:featuredmedia":[{"embeddable":true,"href":"http:\/\/dsrmedios.com.ar\/diario\/wp-json\/wp\/v2\/media\/35030"}],"wp:attachment":[{"href":"http:\/\/dsrmedios.com.ar\/diario\/wp-json\/wp\/v2\/media?parent=35029"}],"wp:term":[{"taxonomy":"category","embeddable":true,"href":"http:\/\/dsrmedios.com.ar\/diario\/wp-json\/wp\/v2\/categories?post=35029"},{"taxonomy":"post_tag","embeddable":true,"href":"http:\/\/dsrmedios.com.ar\/diario\/wp-json\/wp\/v2\/tags?post=35029"}],"curies":[{"name":"wp","href":"https:\/\/api.w.org\/{rel}","templated":true}]}}