{"id":35023,"date":"2023-06-07T07:40:41","date_gmt":"2023-06-07T10:40:41","guid":{"rendered":"http:\/\/dsrmedios.com.ar\/diario\/?p=35023"},"modified":"2023-06-07T07:40:44","modified_gmt":"2023-06-07T10:40:44","slug":"dia-mundial-del-sindrome-de-tourette-cuales-son-los-sintomas-y-tratamientos-de-esta-condicion-neurologica","status":"publish","type":"post","link":"http:\/\/dsrmedios.com.ar\/diario\/archivos\/35023","title":{"rendered":"D\u00eda Mundial del S\u00edndrome de Tourette: cu\u00e1les son los s\u00edntomas y tratamientos de esta condici\u00f3n neurol\u00f3gica"},"content":{"rendered":"\n<p>Este&nbsp;<strong>mi\u00e9rcoles 7 de junio<\/strong>&nbsp;se conmemora el&nbsp;<strong>D\u00eda Mundial de Concientizaci\u00f3n del S\u00edndrome de Tourette<\/strong>, en honor al nacimiento de&nbsp;<strong>Mary Robertson<\/strong>, m\u00e9dica especialista en<strong>&nbsp;trastornos neurol\u00f3gicos y psicol\u00f3gicos<\/strong>&nbsp;que dedic\u00f3 gran parte de su carrera profesional a investigar sobre el s\u00edndrome de&nbsp;<strong>Gilles De la Tourette.<\/strong><\/p>\n\n\n\n<figure class=\"wp-block-image\"><img decoding=\"async\" src=\"https:\/\/cloudfront-us-east-1.images.arcpublishing.com\/infobae\/54NWBBPRSFE6TJEDRTOSYT4SIA.png\" alt=\"(Getty)\"\/><\/figure>\n\n\n\n<p>Se trata de una&nbsp;<strong>enfermedad del neurodesarrollo<\/strong>&nbsp;que se manifiesta en la&nbsp;<strong>infancia tard\u00eda&nbsp;<\/strong>o en la&nbsp;<strong>adolescencia.<\/strong>&nbsp;Los&nbsp;<strong>primeros s\u00edntomas<\/strong>&nbsp;suelen aparecer antes de los&nbsp;<strong>18 a\u00f1os,<\/strong>&nbsp;especialmente en la&nbsp;<strong>etapa escolar<\/strong>. Las personas que padecen esta patolog\u00eda, generalmente, hacen&nbsp;<strong>movimientos involuntarios<\/strong>&nbsp;y tienen ciertas&nbsp;<strong>caracter\u00edsticas repetitivas<\/strong>, adem\u00e1s de emitir, por ejemplo<strong>, sonidos o vocalizaciones no controladas.<\/strong><\/p>\n\n\n\n<p>Estas&nbsp;<strong>expresiones&nbsp;<\/strong>se denominan&nbsp;<strong>tics&nbsp;<\/strong>y constituyen la principal caracter\u00edstica de este trastorno. El motivo principal de estos movimientos es una<strong>&nbsp;interacci\u00f3n compleja&nbsp;<\/strong>entre&nbsp;<strong>factores sociales y ambientales.<\/strong>&nbsp;Sin embargo, es fundamental descartar<strong>&nbsp;causas org\u00e1nicas secundarias&nbsp;<\/strong>que puedan estar vinculadas.<\/p>\n\n\n\n<p>En ese sentido, el doctor&nbsp;<strong>Lucas Maenza<\/strong>, neur\u00f3logo infantil y coordinador del \u00c1rea de Neurodesarrollo y CEA de CITES<strong>&nbsp;INECO<\/strong>, explic\u00f3: \u201cAquellos tics que est\u00e1n relacionados con el movimiento son conocidos como tics motores, en cambio, los que se encuentran relacionados con las expresiones de sonidos son tics f\u00f3nicos. En ambos casos, son repentinos, breves, repetitivos, carentes de objetivo y pueden ir mutando en el tiempo\u201d.<\/p>\n\n\n\n<p><img decoding=\"async\" loading=\"lazy\" alt=\"La mayor\u00eda de los s\u00edntomas son involuntarios, es decir que est\u00e1n fuera del control de la persona (Getty)\" height=\"1080\" width=\"1920\" class=\"\" src=\"https:\/\/cloudfront-us-east-1.images.arcpublishing.com\/infobae\/A23YAHQMABD3REV5SY6WSRVWMA.jpg\" srcset=\"https:\/\/www.infobae.com\/new-resizer\/o2Extxj7zYMaWFWrm3IL16nb3Bg=\/420x236\/filters:format(webp):quality(85)\/cloudfront-us-east-1.images.arcpublishing.com\/infobae\/A23YAHQMABD3REV5SY6WSRVWMA.jpg 420w,https:\/\/www.infobae.com\/new-resizer\/r67LuJd-lwfNewitxcArEgJEIj4=\/768x432\/filters:format(webp):quality(85)\/cloudfront-us-east-1.images.arcpublishing.com\/infobae\/A23YAHQMABD3REV5SY6WSRVWMA.jpg 768w,https:\/\/www.infobae.com\/new-resizer\/fLiqzJMdPR1aENa-EVdPmO2UZK0=\/992x558\/filters:format(webp):quality(85)\/cloudfront-us-east-1.images.arcpublishing.com\/infobae\/A23YAHQMABD3REV5SY6WSRVWMA.jpg 992w,https:\/\/www.infobae.com\/new-resizer\/tN_xEIDzoCdjX0onaHwolYcv2uA=\/1200x675\/filters:format(webp):quality(85)\/cloudfront-us-east-1.images.arcpublishing.com\/infobae\/A23YAHQMABD3REV5SY6WSRVWMA.jpg 1200w,https:\/\/www.infobae.com\/new-resizer\/zLgrvrzZJCL5Ra7_UAHs_o7oGWs=\/1440x810\/filters:format(webp):quality(85)\/cloudfront-us-east-1.images.arcpublishing.com\/infobae\/A23YAHQMABD3REV5SY6WSRVWMA.jpg 1440w\">La mayor\u00eda de los s\u00edntomas son involuntarios, es decir que est\u00e1n fuera del control de la persona (Getty)<\/p>\n\n\n\n<p>En segundo lugar, Maenza aport\u00f3: \u201cTanto los tics motores como los f\u00f3nicos pueden ser, a su vez, simples o complejos, de acuerdo al modo en que se manifiesten. Los tics f\u00f3nicos simples incluyen gru\u00f1idos, ladridos, carraspeo, olfateo y gritos, entre otros ruidos. Los tics f\u00f3nicos complejos incluyen coprolalia (malas palabras), ecolalia (repetici\u00f3n de palabras) y palilalia (repetici\u00f3n de una frase o palabra con rapidez creciente)\u201d.<\/p>\n\n\n\n<p>Por otra parte, el especialista aclar\u00f3 que que los tics motores simples \u201cincluyen parpadeo, muecas faciales, encogimiento de hombros y movimientos bruscos de la cabeza, mientras que los tics motores complejos involucran secuencias de movimientos coordinados, que incluyen marchas extra\u00f1as, patadas, saltos y giros corporales\u201d.<\/p>\n\n\n\n<p>A su turno, el doctor&nbsp;<strong>Juan Blas Couto<\/strong>, m\u00e9dico neur\u00f3logo de INECO, sostuvo: \u201cLos tics frecuentemente est\u00e1n acompa\u00f1ados de una sensaci\u00f3n previa que se localiza en la regi\u00f3n del movimiento, la cual es descrita por muchos pacientes como una incomodidad o premonici\u00f3n de que el tic suceder\u00e1 pronto en esa parte del cuerpo. Una caracter\u00edstica distintiva de los tics que se manifiestan en el S\u00edndrome de Tourette es que son variables a lo largo del tiempo y, de esta manera, fluct\u00faan en su intensidad y distribuci\u00f3n corporal\u201d.<\/p>\n\n\n\n<p>Esto significa que, inicialmente, una persona puede tener tics motores en la cara que luego, en algunos meses, pueden disminuir y ser reemplazados por otros como, por ejemplo, el carraspeo, y, a\u00f1os despu\u00e9s, manifestarse en otras zonas como el cuello\u201d, a\u00f1adi\u00f3 Blas Couto.<\/p>\n\n\n\n<p><img decoding=\"async\" loading=\"lazy\" alt=\"Generalmente, el paciente reprime los tics en las interacciones sociales (Getty)\" height=\"1079\" width=\"1920\" class=\"\" src=\"https:\/\/cloudfront-us-east-1.images.arcpublishing.com\/infobae\/L4YCK5QWLZFYVAHC5S4FUVVPZA.jpg\" srcset=\"https:\/\/www.infobae.com\/new-resizer\/CFa8GqM9vOgjMVuYqQ6r5GiuECg=\/420x236\/filters:format(webp):quality(85)\/cloudfront-us-east-1.images.arcpublishing.com\/infobae\/L4YCK5QWLZFYVAHC5S4FUVVPZA.jpg 420w,https:\/\/www.infobae.com\/new-resizer\/rMcEBoPxzuDRlpeR52vL3ylVMys=\/768x432\/filters:format(webp):quality(85)\/cloudfront-us-east-1.images.arcpublishing.com\/infobae\/L4YCK5QWLZFYVAHC5S4FUVVPZA.jpg 768w,https:\/\/www.infobae.com\/new-resizer\/1aQzBMDbAi5DtcvM0Kl9BKeY5nA=\/992x558\/filters:format(webp):quality(85)\/cloudfront-us-east-1.images.arcpublishing.com\/infobae\/L4YCK5QWLZFYVAHC5S4FUVVPZA.jpg 992w,https:\/\/www.infobae.com\/new-resizer\/InYMspkaIr-PZkPTGMcHvYTtTqM=\/1200x675\/filters:format(webp):quality(85)\/cloudfront-us-east-1.images.arcpublishing.com\/infobae\/L4YCK5QWLZFYVAHC5S4FUVVPZA.jpg 1200w,https:\/\/www.infobae.com\/new-resizer\/M2cZxXhRtzf7Oi9RWHJCGodSFfs=\/1440x810\/filters:format(webp):quality(85)\/cloudfront-us-east-1.images.arcpublishing.com\/infobae\/L4YCK5QWLZFYVAHC5S4FUVVPZA.jpg 1440w\">Generalmente, el paciente reprime los tics en las interacciones sociales (Getty)<\/p>\n\n\n\n<p>Generalmente, los j\u00f3venes intentan suprimir voluntariamente la aparici\u00f3n de los tics ante determinadas situaciones, tales como la\u00a0<strong>exposici\u00f3n social<\/strong>\u00a0o la asistencia a consultas m\u00e9dicas iniciales. Esto provoca la acumulaci\u00f3n interna de una necesidad imperiosa de realizar el tic o de poder \u201cliberarlo\u201d. Por ende, los movimientos generalmente aumentan notoriamente en frecuencia e intensidad cuando los pacientes llegan a su hogar luego de su jornada y de haber cumplido con sus actividades escolares.<\/p>\n\n\n\n<p>En relaci\u00f3n al tratamiento que puede realizarse para abordar este s\u00edndrome, existen numerosas alternativas tanto farmacol\u00f3gicas como no farmacol\u00f3gicas. Dentro de las no farmacol\u00f3gicas, se encuentra el entrenamiento conductual con terapia de reversi\u00f3n de h\u00e1bitos. Se trata de una variante de la terapia cognitivo conductual, que se plantea como una estrategia espec\u00edfica para la mejor\u00eda sintom\u00e1tica de los tics y su tratamiento principal est\u00e1 orientado a la b\u00fasqueda de herramientas que ayuden a lograr la supresi\u00f3n de los mismos.<\/p>\n\n\n\n<p>\u201cA trav\u00e9s de ese tipo de tratamiento, se le ense\u00f1a al paciente, y a su familia si es necesario, cu\u00e1les son los fundamentos de la terapia, se realiza psicoeducaci\u00f3n sobre el s\u00edndrome, y se le da a conocer t\u00e9cnicas efectivas de manejo de los tics\u201d, plante\u00f3 la psicoterapeuta cognitivo conductual<strong>&nbsp;Liliana Traiber<\/strong>, coordinadora de la Cl\u00ednica de Ansiedad y Trauma del Departamento de Psicoterapia de INECO.<\/p>\n\n\n\n<p><img decoding=\"async\" loading=\"lazy\" alt=\"Los tratamientos apuntan, entre otras cosas, a que el paciente identifique los factores que impulsan los tics(Getty)\" height=\"2880\" width=\"1920\" class=\"\" src=\"https:\/\/cloudfront-us-east-1.images.arcpublishing.com\/infobae\/QS5QRIZMKVHXFBSJBB3R4IDIEM.jpg\" srcset=\"https:\/\/www.infobae.com\/new-resizer\/OtX3FYKi5l1Un-wYmKksY2KnR_Y=\/420x630\/filters:format(webp):quality(85)\/cloudfront-us-east-1.images.arcpublishing.com\/infobae\/QS5QRIZMKVHXFBSJBB3R4IDIEM.jpg 420w,https:\/\/www.infobae.com\/new-resizer\/Fxjgz_I5ZRuqdudFiJXgT51c8WE=\/768x1152\/filters:format(webp):quality(85)\/cloudfront-us-east-1.images.arcpublishing.com\/infobae\/QS5QRIZMKVHXFBSJBB3R4IDIEM.jpg 768w,https:\/\/www.infobae.com\/new-resizer\/Fk7hzO1B2uJpee7yuFbUQGeH9sM=\/992x1488\/filters:format(webp):quality(85)\/cloudfront-us-east-1.images.arcpublishing.com\/infobae\/QS5QRIZMKVHXFBSJBB3R4IDIEM.jpg 992w,https:\/\/www.infobae.com\/new-resizer\/uT8fOx08lxVfxrZUqM9k19A23qE=\/1200x1800\/filters:format(webp):quality(85)\/cloudfront-us-east-1.images.arcpublishing.com\/infobae\/QS5QRIZMKVHXFBSJBB3R4IDIEM.jpg 1200w\">Los tratamientos apuntan, entre otras cosas, a que el paciente identifique los factores que impulsan los tics(Getty)<\/p>\n\n\n\n<p>\u201cSe entrena al paciente para que pueda tener conciencia de la presencia de los tics -sigui\u00f3 Traiber- de manera tal que pueda poner en pr\u00e1ctica una conducta incompatible con \u00e9l, para que el mismo comience a disminuir. Si el paciente no se da cuenta de cu\u00e1ndo ocurre el tic, o de las sensaciones previas, puede que la intervenci\u00f3n no sea efectiva\u201d.<\/p>\n\n\n\n<p>Seg\u00fan la especialista, \u201cesta terapia permite que la persona pueda aprender a evitar determinados factores que exacerban la manifestaci\u00f3n de tics, aprendiendo, por ejemplo, diferentes t\u00e9cnicas de relajaci\u00f3n, ya que la ansiedad suele aumentar la presencia de tics. Adem\u00e1s, desde el modelo conductual se asume que los factores biol\u00f3gicos pueden ser responsables del inicio de los mismos pero que el medioambiente puede interactuar con ellos, por lo cual, al modificar los entornos se pueden reducir los tics\u201d.<\/p>\n\n\n\n<p>Cabe aclarar que, para que un tratamiento resulte exitoso, se requiere del compromiso del paciente. En este caso en particular, debe realizar las actividades y tareas que dicho tratamiento demanda para el manejo adecuado de los tics, en funci\u00f3n de las recomendaciones que le brinda el profesional que lo acompa\u00f1a.<\/p>\n\n\n\n<p>Fuente: Infobae<\/p>\n","protected":false},"excerpt":{"rendered":"<div class=\"mh-excerpt\"><p>Este&nbsp;mi\u00e9rcoles 7 de junio&nbsp;se conmemora el&nbsp;D\u00eda Mundial de Concientizaci\u00f3n del S\u00edndrome de Tourette, en honor al nacimiento de&nbsp;Mary Robertson, m\u00e9dica especialista en&nbsp;trastornos neurol\u00f3gicos y psicol\u00f3gicos&nbsp;que dedic\u00f3 gran parte de su carrera profesional a investigar sobre el s\u00edndrome de&nbsp;Gilles De la Tourette. Se trata de una&nbsp;enfermedad del neurodesarrollo&nbsp;que se manifiesta en la&nbsp;infancia tard\u00eda&nbsp;o en la&nbsp;adolescencia.&nbsp;Los&nbsp;primeros s\u00edntomas&nbsp;suelen aparecer antes de los&nbsp;18 a\u00f1os,&nbsp;especialmente en la&nbsp;etapa escolar. Las personas que padecen esta patolog\u00eda, generalmente, hacen&nbsp;movimientos involuntarios&nbsp;y tienen ciertas&nbsp;caracter\u00edsticas repetitivas, adem\u00e1s de emitir, por ejemplo, sonidos o vocalizaciones no controladas. Estas&nbsp;expresiones&nbsp;se denominan&nbsp;tics&nbsp;y constituyen la principal caracter\u00edstica de este trastorno. El motivo principal de estos movimientos <a class=\"mh-excerpt-more\" href=\"http:\/\/dsrmedios.com.ar\/diario\/archivos\/35023\" title=\"D\u00eda Mundial del S\u00edndrome de Tourette: cu\u00e1les son los s\u00edntomas y tratamientos de esta condici\u00f3n neurol\u00f3gica\">[Leer m\u00e1s]<\/a><\/p>\n<\/div>","protected":false},"author":8,"featured_media":35024,"comment_status":"open","ping_status":"closed","sticky":false,"template":"","format":"standard","meta":{"_jetpack_newsletter_access":""},"categories":[43],"tags":[],"jetpack_featured_media_url":"http:\/\/dsrmedios.com.ar\/diario\/wp-content\/uploads\/2023\/06\/GYMWWQ5JNRDLDGI2LSG6OA5GMU.jpg","jetpack_sharing_enabled":true,"jetpack_shortlink":"https:\/\/wp.me\/p9fihK-96T","_links":{"self":[{"href":"http:\/\/dsrmedios.com.ar\/diario\/wp-json\/wp\/v2\/posts\/35023"}],"collection":[{"href":"http:\/\/dsrmedios.com.ar\/diario\/wp-json\/wp\/v2\/posts"}],"about":[{"href":"http:\/\/dsrmedios.com.ar\/diario\/wp-json\/wp\/v2\/types\/post"}],"author":[{"embeddable":true,"href":"http:\/\/dsrmedios.com.ar\/diario\/wp-json\/wp\/v2\/users\/8"}],"replies":[{"embeddable":true,"href":"http:\/\/dsrmedios.com.ar\/diario\/wp-json\/wp\/v2\/comments?post=35023"}],"version-history":[{"count":1,"href":"http:\/\/dsrmedios.com.ar\/diario\/wp-json\/wp\/v2\/posts\/35023\/revisions"}],"predecessor-version":[{"id":35025,"href":"http:\/\/dsrmedios.com.ar\/diario\/wp-json\/wp\/v2\/posts\/35023\/revisions\/35025"}],"wp:featuredmedia":[{"embeddable":true,"href":"http:\/\/dsrmedios.com.ar\/diario\/wp-json\/wp\/v2\/media\/35024"}],"wp:attachment":[{"href":"http:\/\/dsrmedios.com.ar\/diario\/wp-json\/wp\/v2\/media?parent=35023"}],"wp:term":[{"taxonomy":"category","embeddable":true,"href":"http:\/\/dsrmedios.com.ar\/diario\/wp-json\/wp\/v2\/categories?post=35023"},{"taxonomy":"post_tag","embeddable":true,"href":"http:\/\/dsrmedios.com.ar\/diario\/wp-json\/wp\/v2\/tags?post=35023"}],"curies":[{"name":"wp","href":"https:\/\/api.w.org\/{rel}","templated":true}]}}