{"id":35011,"date":"2023-06-07T07:30:45","date_gmt":"2023-06-07T10:30:45","guid":{"rendered":"http:\/\/dsrmedios.com.ar\/diario\/?p=35011"},"modified":"2023-06-07T07:30:48","modified_gmt":"2023-06-07T10:30:48","slug":"para-la-ocde-la-economia-argentina-caera-16-en-2023-y-la-inflacion-cerrara-en-105-por-ciento","status":"publish","type":"post","link":"http:\/\/dsrmedios.com.ar\/diario\/archivos\/35011","title":{"rendered":"Para la OCDE, la econom\u00eda argentina caer\u00e1 1,6% en 2023 y la inflaci\u00f3n cerrar\u00e1 en 105 por ciento"},"content":{"rendered":"\n<p>La<strong>&nbsp;Organizaci\u00f3n para la Cooperaci\u00f3n y el Desarrollo Econ\u00f3mico (OCDE)<\/strong>&nbsp;realiz\u00f3 un nuevo informe de perspectivas econ\u00f3micas para los pa\u00edses de Am\u00e9rica Latina. En el caso de la&nbsp;<strong>Argentina<\/strong>, las previsiones para el 2023 son bastante negativas, aunque se advierte que en 2024 podr\u00eda haber una recuperaci\u00f3n en distintos aspectos.<\/p>\n\n\n\n<p>En concreto, el organismo se\u00f1ala que, tras la desaceleraci\u00f3n econ\u00f3mica sufrida a finales de 2022, se prev\u00e9 que el&nbsp;<strong>PIB&nbsp;<\/strong>de Argentina se contraiga un 1,6% en 2023 y posteriormente se recupere un 1,1% en 2024. \u201cEl mercado laboral ha mejorado, pero se espera que la pr\u00f3xima recesi\u00f3n traiga consigo una ca\u00edda del empleo. Las exportaciones est\u00e1n padeciendo las consecuencias de la grave sequ\u00eda registrada en 2023, pero tambi\u00e9n se recuperar\u00e1n en 2024\u2033, indic\u00f3 la OCDE, en el informe publicado para el mes de junio.<\/p>\n\n\n\n<p>Por otro lado, los especialistas de la organizaci\u00f3n internacional recordaron que la inflaci\u00f3n ya super\u00f3 el 100% anual y advirtieron que se mantendr\u00e1 en niveles altos a corto plazo, a pesar de contar con una posici\u00f3n fiscal ligeramente menos expansiva.<\/p>\n\n\n\n<p>En otro punto, explicaron que los estrictos controles de capital y la incertidumbre pol\u00edtica ante las elecciones de octubre de 2023 frenar\u00e1n la inversi\u00f3n y el consumo en 2023. \u201cCabe esperar que el gasto p\u00fablico disminuya durante este a\u00f1o, a medida que se reduzcan los subsidios a la energ\u00eda y el cumplimiento de los objetivos fiscales exija una mayor contenci\u00f3n del gasto\u201d, agregaron.<\/p>\n\n\n\n<figure class=\"wp-block-image\"><img decoding=\"async\" src=\"https:\/\/cloudfront-us-east-1.images.arcpublishing.com\/infobae\/66MN6YPLMRETVNA67FEIXCXFOE.jpg\" alt=\"infobae\"\/><\/figure>\n\n\n\n<p>No obstante, desde la OCDE analizaron que la reducci\u00f3n de las transferencias del&nbsp;<strong>Banco Central<\/strong>&nbsp;al&nbsp;<strong>Tesoro<\/strong>&nbsp;deber\u00eda reducir las presiones inflacionarias a medio plazo, estrechar la brecha entre el tipo de cambio oficial y paralelo, y disminuir el riesgo de devaluaci\u00f3n repentina. \u201cLa estabilizaci\u00f3n de la situaci\u00f3n macroecon\u00f3mica y el descenso de la inflaci\u00f3n ser\u00e1n fundamentales para reducir la elevada pobreza y hacer frente a las crecientes presiones sociales\u201d, aseguraron.<\/p>\n\n\n\n<h2>Desaceleraci\u00f3n econ\u00f3mica<\/h2>\n\n\n\n<p>Para justificar su lectura general de la macroeconom\u00eda Argentina, la OCDE destac\u00f3 en su informe que el crecimiento econ\u00f3mico se contrajo en el \u00faltimo trimestre de 2022, principalmente por un descenso de la inversi\u00f3n y el consumo privado.<\/p>\n\n\n\n<p>\u201cLos indicadores a corto plazo apuntan a una nueva contracci\u00f3n durante la primera mitad de 2023, a medida que la producci\u00f3n agr\u00edcola se ve afectada por la grave&nbsp;<strong>sequ\u00eda<\/strong>\u201d, apuntaron.<\/p>\n\n\n\n<p>Como punto a favor, indicaron que el desempleo volvi\u00f3 a los niveles anteriores a la pandemia, alcanzando el 6,3% de crecimiento en el cuarto trimestre de 2022, pero advirtieron que la informalidad ha aumentado bruscamente, acerc\u00e1ndose al 40% de la fuerza laboral.<\/p>\n\n\n\n<figure class=\"wp-block-image\"><img decoding=\"async\" src=\"https:\/\/cloudfront-us-east-1.images.arcpublishing.com\/infobae\/WDJUP7RR6BF2JMOSBOBZLFJVK4.jpg\" alt=\"infobae\"\/><\/figure>\n\n\n\n<p>La OCDE hizo menci\u00f3n tambi\u00e9n de la disminuci\u00f3n en la confianza de los consumidores y lo asoci\u00f3 a la aceleraci\u00f3n de los precios, fen\u00f3meno que lleg\u00f3 a la inflaci\u00f3n \u201cal nivel m\u00e1s alto en m\u00e1s de 30 a\u00f1os\u201d, en medio de una brecha cada vez mayor entre el tipo de cambio oficial y el paralelo. \u201cSin un ancla formal de las expectativas inflacionarias, la inflaci\u00f3n est\u00e1 ampliamente extendida y la inflaci\u00f3n subyacente se sit\u00faa en el 105%\u201d, explicaron.<\/p>\n\n\n\n<p>En relaci\u00f3n a la pol\u00edtica de comercio exterior, el informe de la OCDE no pasa por alto que, por su condici\u00f3n de importador neto de energ\u00eda, Argentina ha estado expuesta a los elevados y vol\u00e1tiles precios de la energ\u00eda, en particular del&nbsp;<strong>GNL<\/strong>. \u201cPara suavizar el impacto del encarecimiento de la energ\u00eda, el Gobierno ha ampliado los controles de precios hasta 2023, que tambi\u00e9n cubren algunos art\u00edculos de alimentaci\u00f3n y bebidas. El descenso de los ingresos por exportaciones y las bajas reservas de divisas ejercen cada vez m\u00e1s presi\u00f3n sobre las finanzas p\u00fablicas, las cuentas exteriores y la econom\u00eda en general\u201d, remarcaron.<\/p>\n\n\n\n<h2>La pol\u00edtica fiscal y monetaria<\/h2>\n\n\n\n<p>De acuerdo a la lectura de la Organizaci\u00f3n para la Cooperaci\u00f3n y el Desarrollo Econ\u00f3mico, los objetivos de la pol\u00edtica fiscal argentina conllevan una posici\u00f3n fiscal menos expansiva en el futuro, mientras que el cumplimiento del objetivo de d\u00e9ficit primario del 1,9% del PIB en 2023 ser\u00e1 todo un reto, a pesar de las continuas reducciones de los subsidios a la energ\u00eda.<\/p>\n\n\n\n<p>En los pr\u00f3ximos meses, aseguran, la sequ\u00eda provocar\u00e1 una fuerte ca\u00edda de los ingresos por impuestos a la exportaci\u00f3n, lo que podr\u00eda elevar el d\u00e9ficit fiscal.<\/p>\n\n\n\n<p><img decoding=\"async\" loading=\"lazy\" alt=\"Desde la OCDE pronostican un fuerte impacto de la sequ\u00eda en los ingresos de la Argentina por exportaciones. REUTERS\" height=\"539\" width=\"800\" class=\"\" src=\"https:\/\/cloudfront-us-east-1.images.arcpublishing.com\/infobae\/A2ZG424WTQ2JEN43UHDTQW6TTU.jpg\" srcset=\"https:\/\/www.infobae.com\/new-resizer\/EhUNqg06NUVGEL2bBPnr3CQbXk8=\/420x280\/filters:format(webp):quality(85)\/cloudfront-us-east-1.images.arcpublishing.com\/infobae\/A2ZG424WTQ2JEN43UHDTQW6TTU.jpg 420w,https:\/\/www.infobae.com\/new-resizer\/77Pxb-aIFnoc0MHPiODX6NZb9Ro=\/768x512\/filters:format(webp):quality(85)\/cloudfront-us-east-1.images.arcpublishing.com\/infobae\/A2ZG424WTQ2JEN43UHDTQW6TTU.jpg 768w,https:\/\/www.infobae.com\/new-resizer\/_b6pgNF_ieNE8lGRqYTjQKjABJg=\/992x661\/filters:format(webp):quality(85)\/cloudfront-us-east-1.images.arcpublishing.com\/infobae\/A2ZG424WTQ2JEN43UHDTQW6TTU.jpg 992w,https:\/\/www.infobae.com\/new-resizer\/R6MypYfnG6qNHM0_NNSNvYIDyQg=\/1200x800\/filters:format(webp):quality(85)\/cloudfront-us-east-1.images.arcpublishing.com\/infobae\/A2ZG424WTQ2JEN43UHDTQW6TTU.jpg 1200w,https:\/\/www.infobae.com\/new-resizer\/rnuK7HUR1CJKYcMNy8z0HjiWfhU=\/1440x960\/filters:format(webp):quality(85)\/cloudfront-us-east-1.images.arcpublishing.com\/infobae\/A2ZG424WTQ2JEN43UHDTQW6TTU.jpg 1440w\">Desde la OCDE pronostican un fuerte impacto de la sequ\u00eda en los ingresos de la Argentina por exportaciones. REUTERS<\/p>\n\n\n\n<p>\u201cEl Banco Central ha elevado la tasa de inter\u00e9s oficial trece veces desde principios de 2022, hasta alcanzar el 97%, lo que ha mejorado los incentivos para mantener saldos en moneda nacional y ha aliviado ligeramente las presiones sobre el tipo de cambio. En vista de los recientes repuntes de la inflaci\u00f3n, es necesario que se realicen nuevas subidas durante 2023\u2033, sostuvieron.<\/p>\n\n\n\n<p>En este contexto, los especialistas del organismo internacional advirtieron que los riesgos sobre las perspectivas econ\u00f3micas est\u00e1n orientados a la baja. \u201cLas escasas reservas de divisas, las estrictas restricciones monetarias y los grandes vol\u00famenes de bonos del Banco Central en circulaci\u00f3n en un contexto de inflaci\u00f3n y tasas de inter\u00e9s al alza podr\u00edan provocar una devaluaci\u00f3n de la moneda, una espiral inflacionista y la incapacidad de cumplir los objetivos fiscales actuales\u201d, alertaron.<\/p>\n\n\n\n<p>\u201cLas presiones pol\u00edticas para aumentar el gasto ante el deterioro de la situaci\u00f3n econ\u00f3mica tambi\u00e9n podr\u00edan poner en peligro el ajuste fiscal previsto. Por el lado positivo, una mayor demanda mundial de las exportaciones argentinas podr\u00eda dar lugar a un aumento del crecimiento y de la entrada de divisas, reduciendo la presi\u00f3n sobre el tipo de cambio\u201d, analizaron.<\/p>\n\n\n\n<h2>Qu\u00e9 aconseja la OCDE<\/h2>\n\n\n\n<p>Tras su an\u00e1lisis de la econom\u00eda argentina, la OCDE se\u00f1al\u00f3 que un gasto social m\u00e1s eficaz podr\u00eda contribuir a reducir las desigualdades y la pobreza.<\/p>\n\n\n\n<p><img decoding=\"async\" loading=\"lazy\" alt=\"La OCDE asegur\u00f3 que se necesita un gasto social m\u00e1s eficaz para reducir los elevados niveles de pobreza. (Foto: Franco Fafasuli)\" height=\"1692\" width=\"3008\" class=\"\" src=\"https:\/\/cloudfront-us-east-1.images.arcpublishing.com\/infobae\/D5T74W6OVJGW5AU7CFKSXBBJ3I.JPG\" srcset=\"https:\/\/www.infobae.com\/new-resizer\/XP5IXpZTBSM7F9sV3UrrUq1u7G4=\/420x236\/filters:format(webp):quality(85)\/cloudfront-us-east-1.images.arcpublishing.com\/infobae\/D5T74W6OVJGW5AU7CFKSXBBJ3I.JPG 420w,https:\/\/www.infobae.com\/new-resizer\/x40GGwo05AlFHy5U3ow5922hBVE=\/768x432\/filters:format(webp):quality(85)\/cloudfront-us-east-1.images.arcpublishing.com\/infobae\/D5T74W6OVJGW5AU7CFKSXBBJ3I.JPG 768w,https:\/\/www.infobae.com\/new-resizer\/vsMF-90CeNmpeeBGUa0O652vBkI=\/992x558\/filters:format(webp):quality(85)\/cloudfront-us-east-1.images.arcpublishing.com\/infobae\/D5T74W6OVJGW5AU7CFKSXBBJ3I.JPG 992w,https:\/\/www.infobae.com\/new-resizer\/3e1DTQVAox_bGHxAvCqWExoxpCs=\/1200x675\/filters:format(webp):quality(85)\/cloudfront-us-east-1.images.arcpublishing.com\/infobae\/D5T74W6OVJGW5AU7CFKSXBBJ3I.JPG 1200w,https:\/\/www.infobae.com\/new-resizer\/EiJmwtgU3BXWBnXmJc31sBITvoE=\/1440x810\/filters:format(webp):quality(85)\/cloudfront-us-east-1.images.arcpublishing.com\/infobae\/D5T74W6OVJGW5AU7CFKSXBBJ3I.JPG 1440w\">La OCDE asegur\u00f3 que se necesita un gasto social m\u00e1s eficaz para reducir los elevados niveles de pobreza. (Foto: Franco Fafasuli)<\/p>\n\n\n\n<p>\u201cLos intentos actuales de mejorar la focalizaci\u00f3n de las subvenciones a los servicios p\u00fablicos van en la direcci\u00f3n de mejorar la eficacia del gasto p\u00fablico. Sin embargo, a\u00fan est\u00e1n pendientes de aplicar otras reformas de subvenciones y esta cuesti\u00f3n sigue siendo todo un reto pol\u00edtico\u201d, comentaron.<\/p>\n\n\n\n<p>\u201cLa reducci\u00f3n de las barreras a la competencia y al comercio, una mayor participaci\u00f3n de la mujer en el mercado laboral -incluido a trav\u00e9s de un mejor acceso a la educaci\u00f3n de la primera infancia- y un aumento de la inversi\u00f3n en la calidad de la educaci\u00f3n primaria y secundaria impulsar\u00edan la productividad y mejorar\u00edan la equidad\u201d, cerraron los especialistas.<\/p>\n\n\n\n<p>Fuente: infobae<\/p>\n","protected":false},"excerpt":{"rendered":"<div class=\"mh-excerpt\"><p>La&nbsp;Organizaci\u00f3n para la Cooperaci\u00f3n y el Desarrollo Econ\u00f3mico (OCDE)&nbsp;realiz\u00f3 un nuevo informe de perspectivas econ\u00f3micas para los pa\u00edses de Am\u00e9rica Latina. En el caso de la&nbsp;Argentina, las previsiones para el 2023 son bastante negativas, aunque se advierte que en 2024 podr\u00eda haber una recuperaci\u00f3n en distintos aspectos. En concreto, el organismo se\u00f1ala que, tras la desaceleraci\u00f3n econ\u00f3mica sufrida a finales de 2022, se prev\u00e9 que el&nbsp;PIB&nbsp;de Argentina se contraiga un 1,6% en 2023 y posteriormente se recupere un 1,1% en 2024. \u201cEl mercado laboral ha mejorado, pero se espera que la pr\u00f3xima recesi\u00f3n traiga consigo una ca\u00edda del empleo. Las <a class=\"mh-excerpt-more\" href=\"http:\/\/dsrmedios.com.ar\/diario\/archivos\/35011\" title=\"Para la OCDE, la econom\u00eda argentina caer\u00e1 1,6% en 2023 y la inflaci\u00f3n cerrar\u00e1 en 105 por ciento\">[Leer m\u00e1s]<\/a><\/p>\n<\/div>","protected":false},"author":8,"featured_media":35012,"comment_status":"open","ping_status":"closed","sticky":false,"template":"","format":"standard","meta":{"_jetpack_newsletter_access":""},"categories":[6],"tags":[],"jetpack_featured_media_url":"http:\/\/dsrmedios.com.ar\/diario\/wp-content\/uploads\/2023\/06\/LQSEP4EPKRBQNGYTW666R6ZOTA.jpg","jetpack_sharing_enabled":true,"jetpack_shortlink":"https:\/\/wp.me\/p9fihK-96H","_links":{"self":[{"href":"http:\/\/dsrmedios.com.ar\/diario\/wp-json\/wp\/v2\/posts\/35011"}],"collection":[{"href":"http:\/\/dsrmedios.com.ar\/diario\/wp-json\/wp\/v2\/posts"}],"about":[{"href":"http:\/\/dsrmedios.com.ar\/diario\/wp-json\/wp\/v2\/types\/post"}],"author":[{"embeddable":true,"href":"http:\/\/dsrmedios.com.ar\/diario\/wp-json\/wp\/v2\/users\/8"}],"replies":[{"embeddable":true,"href":"http:\/\/dsrmedios.com.ar\/diario\/wp-json\/wp\/v2\/comments?post=35011"}],"version-history":[{"count":1,"href":"http:\/\/dsrmedios.com.ar\/diario\/wp-json\/wp\/v2\/posts\/35011\/revisions"}],"predecessor-version":[{"id":35013,"href":"http:\/\/dsrmedios.com.ar\/diario\/wp-json\/wp\/v2\/posts\/35011\/revisions\/35013"}],"wp:featuredmedia":[{"embeddable":true,"href":"http:\/\/dsrmedios.com.ar\/diario\/wp-json\/wp\/v2\/media\/35012"}],"wp:attachment":[{"href":"http:\/\/dsrmedios.com.ar\/diario\/wp-json\/wp\/v2\/media?parent=35011"}],"wp:term":[{"taxonomy":"category","embeddable":true,"href":"http:\/\/dsrmedios.com.ar\/diario\/wp-json\/wp\/v2\/categories?post=35011"},{"taxonomy":"post_tag","embeddable":true,"href":"http:\/\/dsrmedios.com.ar\/diario\/wp-json\/wp\/v2\/tags?post=35011"}],"curies":[{"name":"wp","href":"https:\/\/api.w.org\/{rel}","templated":true}]}}