{"id":3501,"date":"2018-01-12T08:05:14","date_gmt":"2018-01-12T11:05:14","guid":{"rendered":"http:\/\/dsrmedios.com.ar\/diario\/?p=3501"},"modified":"2018-01-12T08:05:14","modified_gmt":"2018-01-12T11:05:14","slug":"manana-se-corre-la-ultima-fecha-antes-de-las-vacaciones-del-midget-estival-en-aldea-romana","status":"publish","type":"post","link":"http:\/\/dsrmedios.com.ar\/diario\/archivos\/3501","title":{"rendered":"Ma\u00f1ana se corre la \u00faltima fecha antes de las vacaciones del Midget Estival en Aldea Romana"},"content":{"rendered":"<p>Ma\u00f1ana, con la disputa de la fecha 10, la \u00faltima antes de\u00a0las mini vacaciones que tendr\u00e1n los pilotos, asistentes y oficiales, el Campeonato Estival 2017\/18 de midget comenzar\u00e1 a transitar su segunda mitad.<\/p>\n<p>Como las 9\u00a0citas anteriores de este atrapante e impredecible torneo, la de\u00a0ma\u00f1ana\u00a0no se mostrar\u00eda como la excepci\u00f3n a la constante que lo ha signado desde su inicio: presentar\u00a0un ganador distinto en pista en cada final, considerando que\u00a0 Fernando Caputo fue excluido posteriormente por la T\u00e9cnica, en la 7\u00aa programaci\u00f3n (el triunfo qued\u00f3 en manos de Esteban Mancini).<\/p>\n<p>Todo esto se debe al muy parejo potencial del actual parque de autos, por lo que la lista de potenciales ganadores, y consecuentemente clasificados al Playoff, se hace larga.<\/p>\n<p>Uno de ellos es el ex campe\u00f3n Sebasti\u00e1n Burgos, quien hasta el momento\u00a0se ha mostrado como el m\u00e1s regular, ya que disputado 7 de las 9 finales,\u00a0obteniendo el 2\u00b0 puesto en una de ellas (tambi\u00e9n fue 4\u00b0, 5\u00b0\u00a0y 6\u00b0). Cabe destacar que\u00a0en casi todas la fechas debi\u00f3 correr todas las instancias.<\/p>\n<p>Similar regularidad -6 finales disputadas- tienen\u00a0Luciano Franchi (3\u00b0\u00a0en la tabla, tambi\u00e9n con un 2\u00ba lugar) y Emiliano Urretabiscaya (13\u00b0). En puestos de clasificaci\u00f3n al Playoff, pero sin victorias en finales se encuentran Gustavo Zennaro (6\u00b0), \u00a0Daniel Altamirano (9\u00b0) y Kevin Altamirano (10\u00b0).<\/p>\n<p>Entre los pilotos de renombre que han vuelto a andar muy r\u00e1pido est\u00e1n Gabriel Schiebelbein y Marcelo Weimann, sin dejar de mencionar a Fernando Caputo, quien aparece tambi\u00e9n con grandes posibilidades.<\/p>\n<p>A esto se debe\u00a0sumar que se ingresa al \u00faltimo tercio de la etapa regular y la lucha por estar entre los primeros 12\u00a0se torna m\u00e1s emotiva, ya que restan 81 puntos en juego y hasta el 30\u00b0 de la tabla a\u00fan\u00a0tiene chances..<\/p>\n<p>Fuente:www.lanueva.com<\/p>\n","protected":false},"excerpt":{"rendered":"<div class=\"mh-excerpt\"><p>Ma\u00f1ana, con la disputa de la fecha 10, la \u00faltima antes de\u00a0las mini vacaciones que tendr\u00e1n los pilotos, asistentes y oficiales, el Campeonato Estival 2017\/18 de midget comenzar\u00e1 a transitar su segunda mitad. Como las 9\u00a0citas anteriores de este atrapante e impredecible torneo, la de\u00a0ma\u00f1ana\u00a0no se mostrar\u00eda como la excepci\u00f3n a la constante que lo ha signado desde su inicio: presentar\u00a0un ganador distinto en pista en cada final, considerando que\u00a0 Fernando Caputo fue excluido posteriormente por la T\u00e9cnica, en la 7\u00aa programaci\u00f3n (el triunfo qued\u00f3 en manos de Esteban Mancini). Todo esto se debe al muy parejo potencial del actual <a class=\"mh-excerpt-more\" href=\"http:\/\/dsrmedios.com.ar\/diario\/archivos\/3501\" title=\"Ma\u00f1ana se corre la \u00faltima fecha antes de las vacaciones del Midget Estival en Aldea Romana\">[Leer m\u00e1s]<\/a><\/p>\n<\/div>","protected":false},"author":5,"featured_media":3502,"comment_status":"open","ping_status":"closed","sticky":false,"template":"","format":"standard","meta":{"_jetpack_newsletter_access":""},"categories":[18],"tags":[],"jetpack_featured_media_url":"http:\/\/dsrmedios.com.ar\/diario\/wp-content\/uploads\/2018\/01\/midget-678x381.jpg","jetpack_sharing_enabled":true,"jetpack_shortlink":"https:\/\/wp.me\/p9fihK-Ut","_links":{"self":[{"href":"http:\/\/dsrmedios.com.ar\/diario\/wp-json\/wp\/v2\/posts\/3501"}],"collection":[{"href":"http:\/\/dsrmedios.com.ar\/diario\/wp-json\/wp\/v2\/posts"}],"about":[{"href":"http:\/\/dsrmedios.com.ar\/diario\/wp-json\/wp\/v2\/types\/post"}],"author":[{"embeddable":true,"href":"http:\/\/dsrmedios.com.ar\/diario\/wp-json\/wp\/v2\/users\/5"}],"replies":[{"embeddable":true,"href":"http:\/\/dsrmedios.com.ar\/diario\/wp-json\/wp\/v2\/comments?post=3501"}],"version-history":[{"count":1,"href":"http:\/\/dsrmedios.com.ar\/diario\/wp-json\/wp\/v2\/posts\/3501\/revisions"}],"predecessor-version":[{"id":3503,"href":"http:\/\/dsrmedios.com.ar\/diario\/wp-json\/wp\/v2\/posts\/3501\/revisions\/3503"}],"wp:featuredmedia":[{"embeddable":true,"href":"http:\/\/dsrmedios.com.ar\/diario\/wp-json\/wp\/v2\/media\/3502"}],"wp:attachment":[{"href":"http:\/\/dsrmedios.com.ar\/diario\/wp-json\/wp\/v2\/media?parent=3501"}],"wp:term":[{"taxonomy":"category","embeddable":true,"href":"http:\/\/dsrmedios.com.ar\/diario\/wp-json\/wp\/v2\/categories?post=3501"},{"taxonomy":"post_tag","embeddable":true,"href":"http:\/\/dsrmedios.com.ar\/diario\/wp-json\/wp\/v2\/tags?post=3501"}],"curies":[{"name":"wp","href":"https:\/\/api.w.org\/{rel}","templated":true}]}}