{"id":34924,"date":"2023-06-05T13:28:26","date_gmt":"2023-06-05T16:28:26","guid":{"rendered":"http:\/\/dsrmedios.com.ar\/diario\/?p=34924"},"modified":"2023-06-05T13:28:29","modified_gmt":"2023-06-05T16:28:29","slug":"sobreseyeron-a-cristina-kirchner-en-la-causa-por-la-ruta-del-dinero-k","status":"publish","type":"post","link":"http:\/\/dsrmedios.com.ar\/diario\/archivos\/34924","title":{"rendered":"Sobreseyeron a Cristina Kirchner en la causa por la Ruta del dinero K"},"content":{"rendered":"\n<p><strong>El juez federal Sebasti\u00e1n Casanello sobresey\u00f3 hoy a la vicepresidenta Cristina Kirchner en la causa conocida como la \u201cRuta del dinero K\u201d,<\/strong>&nbsp;en la que estaba imputada por ser la presunta autora ideol\u00f3gica del lavado de dinero del empresario&nbsp;<strong>L\u00e1zaro B\u00e1ez.<\/strong>&nbsp;La resoluci\u00f3n se conoce luego de la postura del fiscal federal&nbsp;<strong>Guillermo Mariju\u00e1n&nbsp;<\/strong>y de las querellas de la Administraci\u00f3n Federal de Ingresos P\u00fablicos (AFIP) y de la Unidad de Informaci\u00f3n Financiera (UIF), que pidieron el sobreseimiento de la ex presidenta.<\/p>\n\n\n\n<p>Fuentes judiciales informaron a&nbsp;<strong>Infobae&nbsp;<\/strong>que, adem\u00e1s, el magistrado rechaz\u00f3 el pedido de la asociaci\u00f3n civil Bases Republicanas de ser querellante en la causa para continuar con la imputaci\u00f3n por considerarlo inadmisible.<\/p>\n\n\n\n<p><strong>\u201cFrente a la solicitud del acusador y titular de la acci\u00f3n penal de sobreseer -acompa\u00f1ada por el resto de las agencias estatales-, la tarea del juez se encuentra acotada a examinar los requisitos de razonabilidad y legalidad de la petici\u00f3n,&nbsp;<\/strong>que en el presente caso se hayan satisfechos toda vez que la fiscal\u00eda ha arribado a una de las soluciones previstas en el ordenamiento legal a trav\u00e9s de un razonamiento l\u00f3gico derivado del examen de las constancias que obran en el expediente\u201d, sostuvo Casanello en su resoluci\u00f3n en la que aclar\u00f3 que \u201cla formaci\u00f3n del presente sumario no afecta el buen nombre y honor que hubiera gozado\u201d de la vicepresidenta.<\/p>\n\n\n\n<p>Con esta decisi\u00f3n la acusaci\u00f3n queda definitivamente archivada ya que no hay partes que puedan apelarla. Se trata de un expediente que se inici\u00f3 en 2013 y era el \u00fanico de relevancia que la vicepresidenta ten\u00eda en investigaci\u00f3n.<\/p>\n\n\n\n<p>Se inici\u00f3 cuando&nbsp;<strong>Leonardo Fari\u00f1a<\/strong>&nbsp;declar\u00f3 como arrepentido en la causa y dijo que B\u00e1ez en una reuni\u00f3n que mantuvieron le dijo que Cristina Kirchner le hab\u00eda preguntado si estaba sacando plata al exterior porque as\u00ed se lo hab\u00edan informado en la embajada de Estados Unidos. Fari\u00f1a agreg\u00f3 que ante eso el empresario le pidi\u00f3 que sea&nbsp;<strong>\u201cm\u00e1s prudentes con los movimientos\u201d.<\/strong><\/p>\n\n\n\n<p>Ba\u00e9z y Fari\u00f1a fueron condenados por lavado de dinero en un juicio oral, lo que fue ratificado por la C\u00e1mara Federal de Casaci\u00f3n Penal. Quedaba pendiente la situaci\u00f3n de Cristina Kichner que ten\u00eda una falta de m\u00e9rito luego de haber sido indagada.<\/p>\n\n\n\n<p><img decoding=\"async\" loading=\"lazy\" alt=\"El juez Sebasti\u00e1n Casanello\" height=\"433\" width=\"770\" class=\"\" src=\"https:\/\/cloudfront-us-east-1.images.arcpublishing.com\/infobae\/7DFGA6HUUFCYXLU22NUQ6GIZLQ.jpg\" srcset=\"https:\/\/www.infobae.com\/new-resizer\/4MEMNimUlCAkyvkexnJw1I8WzQE=\/420x236\/filters:format(webp):quality(85)\/cloudfront-us-east-1.images.arcpublishing.com\/infobae\/7DFGA6HUUFCYXLU22NUQ6GIZLQ.jpg 420w,https:\/\/www.infobae.com\/new-resizer\/cnLeQiPhHlVwfBV-o4_xjXhCmSw=\/768x432\/filters:format(webp):quality(85)\/cloudfront-us-east-1.images.arcpublishing.com\/infobae\/7DFGA6HUUFCYXLU22NUQ6GIZLQ.jpg 768w,https:\/\/www.infobae.com\/new-resizer\/HGEjvrLiArzdeDONrj0hzWYwglY=\/992x558\/filters:format(webp):quality(85)\/cloudfront-us-east-1.images.arcpublishing.com\/infobae\/7DFGA6HUUFCYXLU22NUQ6GIZLQ.jpg 992w,https:\/\/www.infobae.com\/new-resizer\/SRN78F2_UIIgps61li8sRYoRwPM=\/1200x675\/filters:format(webp):quality(85)\/cloudfront-us-east-1.images.arcpublishing.com\/infobae\/7DFGA6HUUFCYXLU22NUQ6GIZLQ.jpg 1200w,https:\/\/www.infobae.com\/new-resizer\/LlmBqCgdBLEQL4XPpPTuU8XSYv0=\/1440x810\/filters:format(webp):quality(85)\/cloudfront-us-east-1.images.arcpublishing.com\/infobae\/7DFGA6HUUFCYXLU22NUQ6GIZLQ.jpg 1440w\">El juez Sebasti\u00e1n Casanello<\/p>\n\n\n\n<p>Hace dos semanas el fiscal Mariju\u00e1n present\u00f3 un dictamen en el que solicit\u00f3 el sobreseimiento de la vicepresidenta. Fue el 24 de mayo, un d\u00eda antes del acto en la Plaza de Mayo en la que Cristina Kirchner fue la \u00fanica oradora.<\/p>\n\n\n\n<p><strong>\u201cNo tengo duda alguna de la estrecha y directa relaci\u00f3n personal entre Cristina Elisabet Fern\u00e1ndez y L\u00e1zaro Antonio B\u00e1ez<\/strong>\u201d, dijo el fiscal y habl\u00f3 de 372 contactos telef\u00f3nicos entre la ex presidenta y el empresario entre 2010 y 2013. Cristina Kirchner y B\u00e1ez fueron condenados en la causa de vialidad por las irregularidades en las obras p\u00fablicas viales que el empresario recibi\u00f3 para Santa Cruz durante los 12 a\u00f1os de kirchnerismo. Y ambos est\u00e1n imputados en la causa \u201cLos Sauces-Hotesur\u201d en los que est\u00e1n sobrese\u00eddos y se espera una definici\u00f3n de Casaci\u00f3n sobre si confirma esa decisi\u00f3n o la revoca y ordena que se haga el juicio oral.<\/p>\n\n\n\n<p>La Fiscal\u00eda se\u00f1al\u00f3 que esas comunicaciones no alcanzan para vincular a Cristina Kirchner con el lavado de dinero y que no hab\u00eda otros elementos en el expediente para inculpar a la vicepresidenta. Y agreg\u00f3 que por mayor\u00eda la C\u00e1mara de Casaci\u00f3n no consider\u00f3 la obra p\u00fablica como delito precedente del lavado de B\u00e1ez, otra situaci\u00f3n que desvincula a la vicepresidenta.<\/p>\n\n\n\n<p>Ante ese dictamen, el juez Casanello le pidi\u00f3 opini\u00f3n a la UIF y a la AFIP.&nbsp;<strong>Ambas querellas la semana pasada coincidieron con el fiscal y pidieron el sobreseimiento de la vicepresidenta.<\/strong><\/p>\n\n\n\n<p>Hubo una presentaci\u00f3n para que la causa contin\u00fae bajo investigaci\u00f3n. Fue la que hizo la semana pasada la asociaci\u00f3n civil Bases Republicanas que pidi\u00f3 ser querellante para ingresar al expediente e impulsar su investigaci\u00f3n. El magistrado rechaz\u00f3 el planteo.<\/p>\n\n\n\n<p>\u201cLa singularidad del planteo reside en que acontece a m\u00e1s de diez a\u00f1os de iniciado el tr\u00e1mite, en un momento donde el proceso ha quedado sin acusador y con un objetivo puntual: solicitar la nulidad del \u00faltimo dictamen fiscal. Dicha demora conspira contra la demostraci\u00f3n de la calidad de ofendida y en todo caso exhibe como real motivaci\u00f3n un profundo desacuerdo con una posici\u00f3n concreta asumida por el Ministerio P\u00fablico y que tomara trascendencia p\u00fablica\u201d, sostuvo Casanello que adem\u00e1s resalt\u00f3 una serie de impedimentos formales de Bases.<\/p>\n\n\n\n<p>FUENTE: INFOBAE<\/p>\n","protected":false},"excerpt":{"rendered":"<div class=\"mh-excerpt\"><p>El juez federal Sebasti\u00e1n Casanello sobresey\u00f3 hoy a la vicepresidenta Cristina Kirchner en la causa conocida como la \u201cRuta del dinero K\u201d,&nbsp;en la que estaba imputada por ser la presunta autora ideol\u00f3gica del lavado de dinero del empresario&nbsp;L\u00e1zaro B\u00e1ez.&nbsp;La resoluci\u00f3n se conoce luego de la postura del fiscal federal&nbsp;Guillermo Mariju\u00e1n&nbsp;y de las querellas de la Administraci\u00f3n Federal de Ingresos P\u00fablicos (AFIP) y de la Unidad de Informaci\u00f3n Financiera (UIF), que pidieron el sobreseimiento de la ex presidenta. Fuentes judiciales informaron a&nbsp;Infobae&nbsp;que, adem\u00e1s, el magistrado rechaz\u00f3 el pedido de la asociaci\u00f3n civil Bases Republicanas de ser querellante en la causa para <a class=\"mh-excerpt-more\" href=\"http:\/\/dsrmedios.com.ar\/diario\/archivos\/34924\" title=\"Sobreseyeron a Cristina Kirchner en la causa por la Ruta del dinero K\">[Leer m\u00e1s]<\/a><\/p>\n<\/div>","protected":false},"author":8,"featured_media":32020,"comment_status":"open","ping_status":"closed","sticky":false,"template":"","format":"standard","meta":{"_jetpack_newsletter_access":""},"categories":[6],"tags":[],"jetpack_featured_media_url":"http:\/\/dsrmedios.com.ar\/diario\/wp-content\/uploads\/2023\/04\/VEBWECDS52OGNDQUNSUHBYGXZQ.jpg","jetpack_sharing_enabled":true,"jetpack_shortlink":"https:\/\/wp.me\/p9fihK-95i","_links":{"self":[{"href":"http:\/\/dsrmedios.com.ar\/diario\/wp-json\/wp\/v2\/posts\/34924"}],"collection":[{"href":"http:\/\/dsrmedios.com.ar\/diario\/wp-json\/wp\/v2\/posts"}],"about":[{"href":"http:\/\/dsrmedios.com.ar\/diario\/wp-json\/wp\/v2\/types\/post"}],"author":[{"embeddable":true,"href":"http:\/\/dsrmedios.com.ar\/diario\/wp-json\/wp\/v2\/users\/8"}],"replies":[{"embeddable":true,"href":"http:\/\/dsrmedios.com.ar\/diario\/wp-json\/wp\/v2\/comments?post=34924"}],"version-history":[{"count":1,"href":"http:\/\/dsrmedios.com.ar\/diario\/wp-json\/wp\/v2\/posts\/34924\/revisions"}],"predecessor-version":[{"id":34925,"href":"http:\/\/dsrmedios.com.ar\/diario\/wp-json\/wp\/v2\/posts\/34924\/revisions\/34925"}],"wp:featuredmedia":[{"embeddable":true,"href":"http:\/\/dsrmedios.com.ar\/diario\/wp-json\/wp\/v2\/media\/32020"}],"wp:attachment":[{"href":"http:\/\/dsrmedios.com.ar\/diario\/wp-json\/wp\/v2\/media?parent=34924"}],"wp:term":[{"taxonomy":"category","embeddable":true,"href":"http:\/\/dsrmedios.com.ar\/diario\/wp-json\/wp\/v2\/categories?post=34924"},{"taxonomy":"post_tag","embeddable":true,"href":"http:\/\/dsrmedios.com.ar\/diario\/wp-json\/wp\/v2\/tags?post=34924"}],"curies":[{"name":"wp","href":"https:\/\/api.w.org\/{rel}","templated":true}]}}