{"id":3488,"date":"2018-01-11T08:48:54","date_gmt":"2018-01-11T11:48:54","guid":{"rendered":"http:\/\/dsrmedios.com.ar\/diario\/?p=3488"},"modified":"2018-01-11T08:48:54","modified_gmt":"2018-01-11T11:48:54","slug":"moccero-denuncio-que-en-los-proximos-meses-900-familias-se-quedaran-sin-trabajo-en-suarez","status":"publish","type":"post","link":"http:\/\/dsrmedios.com.ar\/diario\/archivos\/3488","title":{"rendered":"Moccero denunci\u00f3 que en los pr\u00f3ximos meses 900 familias se quedar\u00e1n sin trabajo en Su\u00e1rez"},"content":{"rendered":"<p>El exdiputado provincial y exintendente suarense Ricardo Moccero advirti\u00f3 que en los pr\u00f3ximos meses &#8220;alrededor de 900 familias&#8221; del distrito se quedar\u00e1n sin trabajo, por lo que inst\u00f3 a conformar una mesa multisectorial que discuta c\u00f3mo generar empleo en el distrito.<\/p>\n<p>El edil, junto a sus pares Gast\u00f3n Duarte y Fabiana Maldonado, recibi\u00f3 a un grupo de trabajadores de la f\u00e1brica de calzado Dass en el recinto del Concejo Deliberante. All\u00ed se habl\u00f3 sobre los m\u00e1s de 500 trabajadores de la firma que a fines del a\u00f1o pasado se acogieron a un plan de retiro voluntario y sobre los otros 300 operarios a los que la empresa inst\u00f3 a hacer lo mismo antes del 12 de febrero pr\u00f3ximo, dado que, de otra forma, ser\u00e1n despedidos.<\/p>\n<p>fuente:www.labrujula24.com<\/p>\n","protected":false},"excerpt":{"rendered":"<div class=\"mh-excerpt\"><p>El exdiputado provincial y exintendente suarense Ricardo Moccero advirti\u00f3 que en los pr\u00f3ximos meses &#8220;alrededor de 900 familias&#8221; del distrito se quedar\u00e1n sin trabajo, por lo que inst\u00f3 a conformar una mesa multisectorial que discuta c\u00f3mo generar empleo en el distrito. El edil, junto a sus pares Gast\u00f3n Duarte y Fabiana Maldonado, recibi\u00f3 a un grupo de trabajadores de la f\u00e1brica de calzado Dass en el recinto del Concejo Deliberante. All\u00ed se habl\u00f3 sobre los m\u00e1s de 500 trabajadores de la firma que a fines del a\u00f1o pasado se acogieron a un plan de retiro voluntario y sobre los otros <a class=\"mh-excerpt-more\" href=\"http:\/\/dsrmedios.com.ar\/diario\/archivos\/3488\" title=\"Moccero denunci\u00f3 que en los pr\u00f3ximos meses 900 familias se quedar\u00e1n sin trabajo en Su\u00e1rez\">[Leer m\u00e1s]<\/a><\/p>\n<\/div>","protected":false},"author":5,"featured_media":3489,"comment_status":"open","ping_status":"closed","sticky":false,"template":"","format":"standard","meta":{"_jetpack_newsletter_access":""},"categories":[18,8],"tags":[],"jetpack_featured_media_url":"http:\/\/dsrmedios.com.ar\/diario\/wp-content\/uploads\/2018\/01\/mocce.jpg","jetpack_sharing_enabled":true,"jetpack_shortlink":"https:\/\/wp.me\/p9fihK-Ug","_links":{"self":[{"href":"http:\/\/dsrmedios.com.ar\/diario\/wp-json\/wp\/v2\/posts\/3488"}],"collection":[{"href":"http:\/\/dsrmedios.com.ar\/diario\/wp-json\/wp\/v2\/posts"}],"about":[{"href":"http:\/\/dsrmedios.com.ar\/diario\/wp-json\/wp\/v2\/types\/post"}],"author":[{"embeddable":true,"href":"http:\/\/dsrmedios.com.ar\/diario\/wp-json\/wp\/v2\/users\/5"}],"replies":[{"embeddable":true,"href":"http:\/\/dsrmedios.com.ar\/diario\/wp-json\/wp\/v2\/comments?post=3488"}],"version-history":[{"count":1,"href":"http:\/\/dsrmedios.com.ar\/diario\/wp-json\/wp\/v2\/posts\/3488\/revisions"}],"predecessor-version":[{"id":3490,"href":"http:\/\/dsrmedios.com.ar\/diario\/wp-json\/wp\/v2\/posts\/3488\/revisions\/3490"}],"wp:featuredmedia":[{"embeddable":true,"href":"http:\/\/dsrmedios.com.ar\/diario\/wp-json\/wp\/v2\/media\/3489"}],"wp:attachment":[{"href":"http:\/\/dsrmedios.com.ar\/diario\/wp-json\/wp\/v2\/media?parent=3488"}],"wp:term":[{"taxonomy":"category","embeddable":true,"href":"http:\/\/dsrmedios.com.ar\/diario\/wp-json\/wp\/v2\/categories?post=3488"},{"taxonomy":"post_tag","embeddable":true,"href":"http:\/\/dsrmedios.com.ar\/diario\/wp-json\/wp\/v2\/tags?post=3488"}],"curies":[{"name":"wp","href":"https:\/\/api.w.org\/{rel}","templated":true}]}}