{"id":34856,"date":"2023-06-04T08:26:31","date_gmt":"2023-06-04T11:26:31","guid":{"rendered":"http:\/\/dsrmedios.com.ar\/diario\/?p=34856"},"modified":"2023-06-04T08:26:34","modified_gmt":"2023-06-04T11:26:34","slug":"subas-de-tarifas-cuanto-se-incrementaron-en-un-ano-y-que-se-espera-para-los-proximos-meses","status":"publish","type":"post","link":"http:\/\/dsrmedios.com.ar\/diario\/archivos\/34856","title":{"rendered":"Subas de tarifas: cu\u00e1nto se incrementaron en un a\u00f1o y que se espera para los pr\u00f3ximos meses"},"content":{"rendered":"\n<p>A lo largo de este a\u00f1o, se aplicaron una serie de ajustes en las tarifas de gas y electricidad. Los \u00faltimos tramos se dieron en mayo, con la quita de subsidios al precio de la energ\u00eda el\u00e9ctrica para los sectores de mayores ingresos, y este mes de junio, con el segundo tramo de la suba en el costo de distribuci\u00f3n de electricidad -uno de los componentes del precio final- para los usuarios de la zona del AMBA (Edenor y Edesur).<\/p>\n\n\n\n<p>Seg\u00fan fuentes oficiales, no se prev\u00e9n nuevos incrementos en las<strong>&nbsp;tarifas el\u00e9ctricas<\/strong>, aunque destacaron que<strong>&nbsp;depender\u00e1 de c\u00f3mo evolucionan las variables<\/strong>&nbsp;en los pr\u00f3ximos meses y, en ese caso, si se requiere alg\u00fan ajuste para los grandes usuarios -que no son residenciales- y que reciben la energ\u00eda a trav\u00e9s de distribuidoras.<\/p>\n\n\n\n<p>En tanto, el precio&nbsp;<strong>gas<\/strong>&nbsp;tuvo incrementos a comienzos de a\u00f1o, con subas promedio de 28,3%, y a fines de abril pasado se aplicaron incrementos en los segmentos de transporte y distribuci\u00f3n. Luego, habr\u00e1 una nueva audiencia p\u00fablica entre los meses de octubre y noviembre.<\/p>\n\n\n\n<blockquote class=\"wp-block-quote\">\n<p>Habr\u00e1 una nueva audiencia p\u00fablica para las tarifas de gas entre los meses de octubre y noviembre<\/p>\n<\/blockquote>\n\n\n\n<p>Seg\u00fan c\u00e1lculos de la consultora Econom\u00eda y Energ\u00eda, la tarifa promedio de Gas Natural para los sectores de&nbsp;<strong>ingresos altos (Nivel 1) se increment\u00f3 en promedio un 179%&nbsp;<\/strong>en comparaci\u00f3n con junio de 2022. Para los usuarios de ingresos medios (Nivel 3) la suba fue de 100% en un a\u00f1o y para los<strong>&nbsp;usuarios de ingresos bajos (Nivel 2) fue de 47 por ciento<\/strong>.<\/p>\n\n\n\n<p><img decoding=\"async\" loading=\"lazy\" alt=\"Los subsidios a la energ\u00eda en el primer cuatrimestre de 2023 se redujeron en un 18% respecto al mismo per\u00edodo de 2022 (Europa Press)\" height=\"2368\" width=\"3552\" class=\"\" src=\"https:\/\/cloudfront-us-east-1.images.arcpublishing.com\/infobae\/S7XHK2KUBNED5B6SPLWGM5WZZE.jpg\" srcset=\"https:\/\/www.infobae.com\/new-resizer\/-fNOHtveAxbsvcpb308_niN34RM=\/420x280\/filters:format(webp):quality(85)\/cloudfront-us-east-1.images.arcpublishing.com\/infobae\/S7XHK2KUBNED5B6SPLWGM5WZZE.jpg 420w,https:\/\/www.infobae.com\/new-resizer\/G3Dg-z_3z85ftnSHTddKvRawy2g=\/768x512\/filters:format(webp):quality(85)\/cloudfront-us-east-1.images.arcpublishing.com\/infobae\/S7XHK2KUBNED5B6SPLWGM5WZZE.jpg 768w,https:\/\/www.infobae.com\/new-resizer\/BwP1N-70BY68She4RHGDwh4Eyw4=\/992x661\/filters:format(webp):quality(85)\/cloudfront-us-east-1.images.arcpublishing.com\/infobae\/S7XHK2KUBNED5B6SPLWGM5WZZE.jpg 992w,https:\/\/www.infobae.com\/new-resizer\/9IWWnWn_kTiWzcFDLwFeaghG51s=\/1200x800\/filters:format(webp):quality(85)\/cloudfront-us-east-1.images.arcpublishing.com\/infobae\/S7XHK2KUBNED5B6SPLWGM5WZZE.jpg 1200w,https:\/\/www.infobae.com\/new-resizer\/7Wn-0KcUFB7DljEnsX-_SKVPFig=\/1440x960\/filters:format(webp):quality(85)\/cloudfront-us-east-1.images.arcpublishing.com\/infobae\/S7XHK2KUBNED5B6SPLWGM5WZZE.jpg 1440w\">Los subsidios a la energ\u00eda en el primer cuatrimestre de 2023 se redujeron en un 18% respecto al mismo per\u00edodo de 2022 (Europa Press)<\/p>\n\n\n\n<p>En el caso de la&nbsp;<strong>electricidad, las tarifas para un usuario promedio del AMBA del nivel de ingresos altos<\/strong>&nbsp;(Nivel) con la quita de subsidios de mayo, se incrementaron un&nbsp;<strong>128%<\/strong>&nbsp;en mayo de este a\u00f1o en comparaci\u00f3n con los montos promedio de febrero pasado. El resto de los clientes mantienen los subsidios (excepto en el caso de los de ingresos medios cuando excedan el consumo tope mensual de 400 Kwh).<\/p>\n\n\n\n<p>Luego, en junio, se aplicar\u00e1 la suba en el costo de la distribuci\u00f3n para todos los usuarios de Edenor y Edesur.<\/p>\n\n\n\n<p>En comparaci\u00f3n con el cuadro vigente hasta mayo, la tarifa media de la categor\u00eda residencial aumenta 11% para el Nivel 1 (ingresos altos); 24% para los de Nivel 3 (ingresos medios); y 36% para los de Nivel 2 (ingresos bajos).<\/p>\n\n\n\n<blockquote class=\"wp-block-quote\">\n<p>En junio, se aplicar\u00e1 la suba en el costo de la distribuci\u00f3n para todos los usuarios de Edenor y Edesur<\/p>\n<\/blockquote>\n\n\n\n<p>Los mayores incrementos en las tarifas de los hogares de nivel 2 y 3 se explican porque, en su caso, el costo de la energ\u00eda en la factura final tiene menos incidencia, ya que est\u00e1 subsidiado, y la suba se aplica solamente al costo de distribuci\u00f3n.<\/p>\n\n\n\n<p>Seg\u00fan detall\u00f3 la \u00faltima resoluci\u00f3n oficial, con los nuevos cuadros tarifarios para los hogares del AMBA,&nbsp;<strong>los usuarios de menores ingresos (Nivel 2) pagar\u00e1n desde junio en promedio un 64% menos por la tarifa de electricidad que los usuarios de Nivel 1<\/strong>, que son los que cuentan con ingresos por hogar por encima de los $711.763 o los que no se inscribieron en el registro para mantener subsidios.<\/p>\n\n\n\n<p>Por otro lado, el Gobierno confirm\u00f3 que a pesar del proceso electoral que se llevar\u00e1 adelante este a\u00f1o,&nbsp;<strong>continuar\u00e1 el Proceso de Revisi\u00f3n Tarifaria Integral<\/strong>&nbsp;(RTI) para los segmentos de&nbsp;<strong>distribuci\u00f3n y transporte<\/strong>. Este mecanismo, que define c\u00f3mo ser\u00e1 el marco regulatorio para el servicio p\u00fablico de energ\u00eda el\u00e9ctrica en los pr\u00f3ximos a\u00f1os, hab\u00eda sido suspendido en diciembre de 2020 y luego postergado en varias oportunidades.<\/p>\n\n\n\n<p><img decoding=\"async\" loading=\"lazy\" alt=\"Los usuarios de altos ingresos pagan la tarifa plena de gas natural desde comienzos de a\u00f1o (Adri\u00e1n Escandar)\" height=\"1080\" width=\"1920\" class=\"\" src=\"https:\/\/cloudfront-us-east-1.images.arcpublishing.com\/infobae\/U7EUTBCSJZHQ7L2I5XMNX6OCA4.jpg\" srcset=\"https:\/\/www.infobae.com\/new-resizer\/howZf1jwTZgaVQYNE9dLtzyipuk=\/420x236\/filters:format(webp):quality(85)\/cloudfront-us-east-1.images.arcpublishing.com\/infobae\/U7EUTBCSJZHQ7L2I5XMNX6OCA4.jpg 420w,https:\/\/www.infobae.com\/new-resizer\/h4rSDhaWYE2Pdp2QJBb3Ez_1nk8=\/768x432\/filters:format(webp):quality(85)\/cloudfront-us-east-1.images.arcpublishing.com\/infobae\/U7EUTBCSJZHQ7L2I5XMNX6OCA4.jpg 768w,https:\/\/www.infobae.com\/new-resizer\/SXWmZf5EgSh8zsNyUh3JjByufEc=\/992x558\/filters:format(webp):quality(85)\/cloudfront-us-east-1.images.arcpublishing.com\/infobae\/U7EUTBCSJZHQ7L2I5XMNX6OCA4.jpg 992w,https:\/\/www.infobae.com\/new-resizer\/tPOrDAyBxY0FDGGpM8yc5v9yTKI=\/1200x675\/filters:format(webp):quality(85)\/cloudfront-us-east-1.images.arcpublishing.com\/infobae\/U7EUTBCSJZHQ7L2I5XMNX6OCA4.jpg 1200w,https:\/\/www.infobae.com\/new-resizer\/rHf0rLXKCvCrhvcLp5uz4SSGKJU=\/1440x810\/filters:format(webp):quality(85)\/cloudfront-us-east-1.images.arcpublishing.com\/infobae\/U7EUTBCSJZHQ7L2I5XMNX6OCA4.jpg 1440w\">Los usuarios de altos ingresos pagan la tarifa plena de gas natural desde comienzos de a\u00f1o (Adri\u00e1n Escandar)<\/p>\n\n\n\n<p>El proceso de revisi\u00f3n tarifaria (RTI) para los servicios p\u00fablicos de energ\u00eda fue una decisi\u00f3n que tom\u00f3 el gobierno de&nbsp;<strong>Alberto Fern\u00e1ndez<\/strong>&nbsp;a poco de asumir para revisar todo el esquema de tarifas que se hab\u00eda establecido durante el Gobierno de&nbsp;<strong>Mauricio Macri<\/strong>&nbsp;y suspender mientras tanto los aumentos que se deb\u00edan aplicar a las tarifas de acuerdo a una f\u00f3rmula que se actualizaba por la inflaci\u00f3n mayorista. En todo ese per\u00edodo se aplicaron adecuaciones tarifarias \u201cde transici\u00f3n\u201d.<\/p>\n\n\n\n<h2>Reducci\u00f3n de subsidios<\/h2>\n\n\n\n<p>Un an\u00e1lisis de la consultora Econom\u00eda y Energ\u00eda (EyE) dio cuenta de que el<strong>&nbsp;precio estacional de la energ\u00eda el\u00e9ctrica medido en d\u00f3lares&nbsp;<\/strong>que pagan en promedio los usuarios residenciales -de todo el pa\u00eds- se increment\u00f3 52% en t\u00e9rminos interanuales en junio 2023. Sin embargo, mientras que para los hogares de ingresos altos (Nivel 1) subi\u00f3 250% -pas\u00f3 del equivalente de USD 24 por MWh a USD 85 por MWh- para los de ingresos bajos (Nivel 2) se redujo 51% y para los de ingresos medios (Nivel 3) baj\u00f3 38 por ciento.<\/p>\n\n\n\n<p>Para el caso del gas natural, el precio en el punto de ingreso al sistema de transporte (PIST), antes de los costos del transporte y la distribuci\u00f3n, se elev\u00f3 23% medido en d\u00f3lares para los usuarios de todo el pa\u00eds.<\/p>\n\n\n\n<p>Con estos n\u00fameros, los subsidios a la energ\u00eda en el primer cuatrimestre de 2023 se redujeron en un 18% respecto al mismo per\u00edodo de 2022, seg\u00fan los c\u00e1lculos de EyE. Pero advierte el estudio que esta ca\u00edda refleja especialmente el&nbsp;<strong>retraso que est\u00e1n experimentando los pagos por parte del Estado Nacional a Cammesa<\/strong>, la empresa mayorista del sector energ\u00e9tico.<\/p>\n\n\n\n<blockquote class=\"wp-block-quote\">\n<p>Los subsidios a la energ\u00eda en el primer cuatrimestre de 2023 se redujeron en un 18% respecto a un a\u00f1o antres (EyE)<\/p>\n<\/blockquote>\n\n\n\n<p>\u201cLa disminuci\u00f3n de los devengamientos a Cammesa a lo largo de los \u00faltimos meses se tradujo en un atraso significativo en el pago de la transacci\u00f3n. Las transferencias fueron casi un 50% inferiores a las verificadas en id\u00e9ntico per\u00edodo del a\u00f1o anterior\u201d, explicaron desde la consultora.<\/p>\n\n\n\n<p>\u201cDe todas formas, cabe destacar que&nbsp;<strong>el costo de generaci\u00f3n se redujo 2% y el precio estacional de la energ\u00eda se elev\u00f3 15%<\/strong>, permitiendo una disminuci\u00f3n de los subsidios requeridos por parte del sector de generaci\u00f3n\u201d, destac\u00f3 el estudio privado.<\/p>\n\n\n\n<p>Por otro lado, hubo aumento de los recursos transferidos a Enarsa durante el primer cuatrimestre del a\u00f1o asociado especialmente a la compra anticipada de cargamentos de GNL para el pr\u00f3ximo invierno.<\/p>\n\n\n\n<p>FUENTE: INFOBAE<\/p>\n","protected":false},"excerpt":{"rendered":"<div class=\"mh-excerpt\"><p>A lo largo de este a\u00f1o, se aplicaron una serie de ajustes en las tarifas de gas y electricidad. Los \u00faltimos tramos se dieron en mayo, con la quita de subsidios al precio de la energ\u00eda el\u00e9ctrica para los sectores de mayores ingresos, y este mes de junio, con el segundo tramo de la suba en el costo de distribuci\u00f3n de electricidad -uno de los componentes del precio final- para los usuarios de la zona del AMBA (Edenor y Edesur). Seg\u00fan fuentes oficiales, no se prev\u00e9n nuevos incrementos en las&nbsp;tarifas el\u00e9ctricas, aunque destacaron que&nbsp;depender\u00e1 de c\u00f3mo evolucionan las variables&nbsp;en los <a class=\"mh-excerpt-more\" href=\"http:\/\/dsrmedios.com.ar\/diario\/archivos\/34856\" title=\"Subas de tarifas: cu\u00e1nto se incrementaron en un a\u00f1o y que se espera para los pr\u00f3ximos meses\">[Leer m\u00e1s]<\/a><\/p>\n<\/div>","protected":false},"author":8,"featured_media":3915,"comment_status":"open","ping_status":"closed","sticky":false,"template":"","format":"standard","meta":{"_jetpack_newsletter_access":""},"categories":[6],"tags":[],"jetpack_featured_media_url":"http:\/\/dsrmedios.com.ar\/diario\/wp-content\/uploads\/2018\/01\/luz_3-1.jpg","jetpack_sharing_enabled":true,"jetpack_shortlink":"https:\/\/wp.me\/p9fihK-94c","_links":{"self":[{"href":"http:\/\/dsrmedios.com.ar\/diario\/wp-json\/wp\/v2\/posts\/34856"}],"collection":[{"href":"http:\/\/dsrmedios.com.ar\/diario\/wp-json\/wp\/v2\/posts"}],"about":[{"href":"http:\/\/dsrmedios.com.ar\/diario\/wp-json\/wp\/v2\/types\/post"}],"author":[{"embeddable":true,"href":"http:\/\/dsrmedios.com.ar\/diario\/wp-json\/wp\/v2\/users\/8"}],"replies":[{"embeddable":true,"href":"http:\/\/dsrmedios.com.ar\/diario\/wp-json\/wp\/v2\/comments?post=34856"}],"version-history":[{"count":1,"href":"http:\/\/dsrmedios.com.ar\/diario\/wp-json\/wp\/v2\/posts\/34856\/revisions"}],"predecessor-version":[{"id":34857,"href":"http:\/\/dsrmedios.com.ar\/diario\/wp-json\/wp\/v2\/posts\/34856\/revisions\/34857"}],"wp:featuredmedia":[{"embeddable":true,"href":"http:\/\/dsrmedios.com.ar\/diario\/wp-json\/wp\/v2\/media\/3915"}],"wp:attachment":[{"href":"http:\/\/dsrmedios.com.ar\/diario\/wp-json\/wp\/v2\/media?parent=34856"}],"wp:term":[{"taxonomy":"category","embeddable":true,"href":"http:\/\/dsrmedios.com.ar\/diario\/wp-json\/wp\/v2\/categories?post=34856"},{"taxonomy":"post_tag","embeddable":true,"href":"http:\/\/dsrmedios.com.ar\/diario\/wp-json\/wp\/v2\/tags?post=34856"}],"curies":[{"name":"wp","href":"https:\/\/api.w.org\/{rel}","templated":true}]}}