{"id":3484,"date":"2018-01-11T08:09:56","date_gmt":"2018-01-11T11:09:56","guid":{"rendered":"http:\/\/dsrmedios.com.ar\/diario\/?p=3484"},"modified":"2018-01-11T08:09:56","modified_gmt":"2018-01-11T11:09:56","slug":"el-gobierno-nacional-reforzo-la-asistencia-a-la-pampa-ante-los-incendios-que-acechan-la-provincia","status":"publish","type":"post","link":"http:\/\/dsrmedios.com.ar\/diario\/archivos\/3484","title":{"rendered":"El Gobierno Nacional reforz\u00f3 la asistencia a La Pampa ante los incendios que acechan la provincia"},"content":{"rendered":"<p>&nbsp;<\/p>\n<p>El Gobierno reforz\u00f3 la asistencia a La Pampa con el env\u00edo de equipos a\u00e9reos para ayudar en el combate a los incendios forestales que agobian el sudeste de la provincia, as\u00ed como tambi\u00e9n mantuvo los operativos en Mendoza para apagar los focos de incendios que llevan varias semanas vigentes.<\/p>\n<p>Los focos en los distritos pampeanos de Puelches y Lihuel Calel &#8220;se encuentran controlados&#8221;, pese a lo cual se mantendr\u00e1n las tareas a\u00e9reas para evitar que se generen nuevos incendios, subray\u00f3 el subsecretario de Protecci\u00f3n Civil, Daniel Russo.<\/p>\n<p>Uno de los focos concit\u00f3 especial atenci\u00f3n de los brigadistas debido a que pon\u00eda en riesgo una l\u00ednea de alta tensi\u00f3n que alimenta la ciudad de Santa Rosa.<\/p>\n<p>El fuego iniciado el fin de semana pasado abarcaba casi 11 mil hect\u00e1reas del Parque Nacional Lihuel Calel y amenazaba con expandirse hacia territorio provincial, por lo cual el Servicio Nacional del Manejo del Fuego (SNMF) despleg\u00f3 un helic\u00f3ptero Bell 407, un avi\u00f3n hidrante y otro vig\u00eda que se sumaron a las acciones de una cuadrilla de la Administraci\u00f3n de Parques Nacionales y agentes de Defensa Civil de La Pampa.<\/p>\n<p>En tanto, en lo que respecta a la situaci\u00f3n en el departamento mendocino de General Alvear, los brigadistas del SNMF manten\u00edan las tareas de asistencia a las fuerzas locales con apoyo de un avi\u00f3n observador y cuatro hidrantes y dos helic\u00f3pteros.<\/p>\n<p>Los trabajos realizados permitieron disminuir paulatinamente la intensidad de los incendios, aunque en algunas zonas el viento y las altas temperaturas podr\u00edan renovar la aparici\u00f3n de llamas, se\u00f1al\u00f3 la Secretar\u00eda de Protecci\u00f3n Civil.<\/p>\n<p>&#8220;Es necesario extremar las medidas preventivas porque estamos en temporada de incendios forestales, particularmente en las regiones pampeana y patag\u00f3nica. Esta situaci\u00f3n se les inform\u00f3 a las provincias en la reuni\u00f3n del Consejo Federal que realizamos en diciembre pasado en Casa Rosada&#8221;, remarc\u00f3 el secretario de Protecci\u00f3n Civil, Emilio Renda.<\/p>\n<p>Fuente :www,lanueva.com<\/p>\n","protected":false},"excerpt":{"rendered":"<div class=\"mh-excerpt\"><p>&nbsp; El Gobierno reforz\u00f3 la asistencia a La Pampa con el env\u00edo de equipos a\u00e9reos para ayudar en el combate a los incendios forestales que agobian el sudeste de la provincia, as\u00ed como tambi\u00e9n mantuvo los operativos en Mendoza para apagar los focos de incendios que llevan varias semanas vigentes. Los focos en los distritos pampeanos de Puelches y Lihuel Calel &#8220;se encuentran controlados&#8221;, pese a lo cual se mantendr\u00e1n las tareas a\u00e9reas para evitar que se generen nuevos incendios, subray\u00f3 el subsecretario de Protecci\u00f3n Civil, Daniel Russo. Uno de los focos concit\u00f3 especial atenci\u00f3n de los brigadistas debido a <a class=\"mh-excerpt-more\" href=\"http:\/\/dsrmedios.com.ar\/diario\/archivos\/3484\" title=\"El Gobierno Nacional reforz\u00f3 la asistencia a La Pampa ante los incendios que acechan la provincia\">[Leer m\u00e1s]<\/a><\/p>\n<\/div>","protected":false},"author":5,"featured_media":3485,"comment_status":"open","ping_status":"closed","sticky":false,"template":"","format":"standard","meta":{"_jetpack_newsletter_access":""},"categories":[18,8],"tags":[],"jetpack_featured_media_url":"http:\/\/dsrmedios.com.ar\/diario\/wp-content\/uploads\/2018\/01\/586c30821f7c4.jpg","jetpack_sharing_enabled":true,"jetpack_shortlink":"https:\/\/wp.me\/p9fihK-Uc","_links":{"self":[{"href":"http:\/\/dsrmedios.com.ar\/diario\/wp-json\/wp\/v2\/posts\/3484"}],"collection":[{"href":"http:\/\/dsrmedios.com.ar\/diario\/wp-json\/wp\/v2\/posts"}],"about":[{"href":"http:\/\/dsrmedios.com.ar\/diario\/wp-json\/wp\/v2\/types\/post"}],"author":[{"embeddable":true,"href":"http:\/\/dsrmedios.com.ar\/diario\/wp-json\/wp\/v2\/users\/5"}],"replies":[{"embeddable":true,"href":"http:\/\/dsrmedios.com.ar\/diario\/wp-json\/wp\/v2\/comments?post=3484"}],"version-history":[{"count":1,"href":"http:\/\/dsrmedios.com.ar\/diario\/wp-json\/wp\/v2\/posts\/3484\/revisions"}],"predecessor-version":[{"id":3486,"href":"http:\/\/dsrmedios.com.ar\/diario\/wp-json\/wp\/v2\/posts\/3484\/revisions\/3486"}],"wp:featuredmedia":[{"embeddable":true,"href":"http:\/\/dsrmedios.com.ar\/diario\/wp-json\/wp\/v2\/media\/3485"}],"wp:attachment":[{"href":"http:\/\/dsrmedios.com.ar\/diario\/wp-json\/wp\/v2\/media?parent=3484"}],"wp:term":[{"taxonomy":"category","embeddable":true,"href":"http:\/\/dsrmedios.com.ar\/diario\/wp-json\/wp\/v2\/categories?post=3484"},{"taxonomy":"post_tag","embeddable":true,"href":"http:\/\/dsrmedios.com.ar\/diario\/wp-json\/wp\/v2\/tags?post=3484"}],"curies":[{"name":"wp","href":"https:\/\/api.w.org\/{rel}","templated":true}]}}