{"id":3456,"date":"2018-01-10T07:38:18","date_gmt":"2018-01-10T10:38:18","guid":{"rendered":"http:\/\/dsrmedios.com.ar\/diario\/?p=3456"},"modified":"2018-01-10T07:38:18","modified_gmt":"2018-01-10T10:38:18","slug":"en-coronel-suarez-cesantearon-a-300-empleados-de-la-fabrica-de-zapatillas-daas","status":"publish","type":"post","link":"http:\/\/dsrmedios.com.ar\/diario\/archivos\/3456","title":{"rendered":"En Coronel Su\u00e1rez cesantearon a 300 empleados de la f\u00e1brica de zapatillas Daas"},"content":{"rendered":"<p>Trabajadores despedidos de la f\u00e1brica de zapatillas Dass, de Coronel Su\u00e1rez, fueron hasta el municipio a reclamar por el despido de unos 300 empleados.<\/p>\n<p>Seg\u00fan denunciaron, la multinacional brasile\u00f1a suspendi\u00f3 a esa cantidad de trabajadores hasta el 9 de febrero pr\u00f3ximo y los inst\u00f3 a aceptar un plan de retiro voluntario antes del 31 de este mes. De no hacerlo, igualmente ser\u00e1n despedidos.<\/p>\n<p>Los trabajadores se\u00f1alaron que el a\u00f1o pasado 529 operarios aceptaron los retiros voluntarios que propuso la firma, que es due\u00f1a de las plantas que alguna vez fueron construidas por Gatic.<\/p>\n<p>Dass trabaja para distintas marcas nacionales e internacionales. Desde 2016 viene soportando una dura crisis, producto de la retracci\u00f3n del consumo y la importaci\u00f3n de calzado terminado.<\/p>\n<p>Este a\u00f1o inici\u00f3 un plan de suspensiones que se extendi\u00f3 por varios meses, y a fines de noviembre lanz\u00f3 un plan de retiros voluntarios que le permiti\u00f3 achicar su planta de personal m\u00e1s de un 25%.<\/p>\n<p>A fines de 2017 la empresa hab\u00eda expresado al gremio Socaya que ten\u00eda buenas perspectivas para este a\u00f1o, pero hoy los trabajadores denunciaron el despido de 300 operarios.<\/p>\n<p>De concretarse, la f\u00e1brica quedar\u00e1 con algo m\u00e1s de 1.100 trabajadores, lo que representa un poco m\u00e1s del 50% de los que ten\u00eda hace un a\u00f1o.<\/p>\n<p>Fuente: www.lanuevaradiosuarez.com.ar<\/p>\n","protected":false},"excerpt":{"rendered":"<div class=\"mh-excerpt\"><p>Trabajadores despedidos de la f\u00e1brica de zapatillas Dass, de Coronel Su\u00e1rez, fueron hasta el municipio a reclamar por el despido de unos 300 empleados. Seg\u00fan denunciaron, la multinacional brasile\u00f1a suspendi\u00f3 a esa cantidad de trabajadores hasta el 9 de febrero pr\u00f3ximo y los inst\u00f3 a aceptar un plan de retiro voluntario antes del 31 de este mes. De no hacerlo, igualmente ser\u00e1n despedidos. Los trabajadores se\u00f1alaron que el a\u00f1o pasado 529 operarios aceptaron los retiros voluntarios que propuso la firma, que es due\u00f1a de las plantas que alguna vez fueron construidas por Gatic. Dass trabaja para distintas marcas nacionales e <a class=\"mh-excerpt-more\" href=\"http:\/\/dsrmedios.com.ar\/diario\/archivos\/3456\" title=\"En Coronel Su\u00e1rez cesantearon a 300 empleados de la f\u00e1brica de zapatillas Daas\">[Leer m\u00e1s]<\/a><\/p>\n<\/div>","protected":false},"author":5,"featured_media":3457,"comment_status":"open","ping_status":"closed","sticky":false,"template":"","format":"standard","meta":{"_jetpack_newsletter_access":""},"categories":[18,8],"tags":[],"jetpack_featured_media_url":"http:\/\/dsrmedios.com.ar\/diario\/wp-content\/uploads\/2018\/01\/daas.jpg","jetpack_sharing_enabled":true,"jetpack_shortlink":"https:\/\/wp.me\/p9fihK-TK","_links":{"self":[{"href":"http:\/\/dsrmedios.com.ar\/diario\/wp-json\/wp\/v2\/posts\/3456"}],"collection":[{"href":"http:\/\/dsrmedios.com.ar\/diario\/wp-json\/wp\/v2\/posts"}],"about":[{"href":"http:\/\/dsrmedios.com.ar\/diario\/wp-json\/wp\/v2\/types\/post"}],"author":[{"embeddable":true,"href":"http:\/\/dsrmedios.com.ar\/diario\/wp-json\/wp\/v2\/users\/5"}],"replies":[{"embeddable":true,"href":"http:\/\/dsrmedios.com.ar\/diario\/wp-json\/wp\/v2\/comments?post=3456"}],"version-history":[{"count":1,"href":"http:\/\/dsrmedios.com.ar\/diario\/wp-json\/wp\/v2\/posts\/3456\/revisions"}],"predecessor-version":[{"id":3458,"href":"http:\/\/dsrmedios.com.ar\/diario\/wp-json\/wp\/v2\/posts\/3456\/revisions\/3458"}],"wp:featuredmedia":[{"embeddable":true,"href":"http:\/\/dsrmedios.com.ar\/diario\/wp-json\/wp\/v2\/media\/3457"}],"wp:attachment":[{"href":"http:\/\/dsrmedios.com.ar\/diario\/wp-json\/wp\/v2\/media?parent=3456"}],"wp:term":[{"taxonomy":"category","embeddable":true,"href":"http:\/\/dsrmedios.com.ar\/diario\/wp-json\/wp\/v2\/categories?post=3456"},{"taxonomy":"post_tag","embeddable":true,"href":"http:\/\/dsrmedios.com.ar\/diario\/wp-json\/wp\/v2\/tags?post=3456"}],"curies":[{"name":"wp","href":"https:\/\/api.w.org\/{rel}","templated":true}]}}