{"id":3438,"date":"2018-01-09T09:27:57","date_gmt":"2018-01-09T12:27:57","guid":{"rendered":"http:\/\/dsrmedios.com.ar\/diario\/?p=3438"},"modified":"2018-02-09T11:42:41","modified_gmt":"2018-02-09T14:42:41","slug":"los-cortes-de-energia-y-bajones-de-tension-son-producto-de-una-emergencia-en-el-transporte-de-la-energia","status":"publish","type":"post","link":"http:\/\/dsrmedios.com.ar\/diario\/archivos\/3438","title":{"rendered":"Los cortes de energ\u00eda y bajones de tensi\u00f3n son producto de una emergencia en el transporte de la energ\u00eda"},"content":{"rendered":"<p>Consultamos con personal de la Empresa Distribuidora de Energ\u00eda EDES ante las m\u00faltiples manifestaciones de enojo por parte de los vecinos de nuestra ciudad en las redes sociales. El sistema entr\u00f3 en emergencia en el d\u00eda de ayer por problemas que suscit\u00f3 un transformador de 132 kv entre las ciudades de Bah\u00eda Blanca y Tornquist. Debido a las altas temperaturas y el alto consumo de energ\u00eda derivado de las mismas.<\/p>\n<p>La empresa transportadora de energ\u00eda TRANSBA es la responsable de este servicio y se encontraba hoy a\u00fan trabajando en el restablecimiento del mismo con normalidad. Al parecer para estas horas ya estar\u00eda solucionado.<\/p>\n<p>Desde EDES nos hicieron saber que esta situaci\u00f3n no es manejada por la empresa\u00a0 y tampoco es resultado de ning\u00fan inconveniente en las instalaciones de nuestra ciudad.<\/p>\n<p>Asimismo nos aseguraron que es imposible prevenir que esta emergencia ocurra y tampoco hay forma alguna de protegerse cuando ocurren estos bajones o cortes de energ\u00eda derivados de situaciones accidentales o de prueba del servicio por parte la empresa transportadora.<\/p>\n","protected":false},"excerpt":{"rendered":"<div class=\"mh-excerpt\"><p>Consultamos con personal de la Empresa Distribuidora de Energ\u00eda EDES ante las m\u00faltiples manifestaciones de enojo por parte de los vecinos de nuestra ciudad en las redes sociales. El sistema entr\u00f3 en emergencia en el d\u00eda de ayer por problemas que suscit\u00f3 un transformador de 132 kv entre las ciudades de Bah\u00eda Blanca y Tornquist. Debido a las altas temperaturas y el alto consumo de energ\u00eda derivado de las mismas. La empresa transportadora de energ\u00eda TRANSBA es la responsable de este servicio y se encontraba hoy a\u00fan trabajando en el restablecimiento del mismo con normalidad. Al parecer para estas horas <a class=\"mh-excerpt-more\" href=\"http:\/\/dsrmedios.com.ar\/diario\/archivos\/3438\" title=\"Los cortes de energ\u00eda y bajones de tensi\u00f3n son producto de una emergencia en el transporte de la energ\u00eda\">[Leer m\u00e1s]<\/a><\/p>\n<\/div>","protected":false},"author":5,"featured_media":3439,"comment_status":"open","ping_status":"closed","sticky":false,"template":"","format":"standard","meta":{"_jetpack_newsletter_access":""},"categories":[18,8],"tags":[],"jetpack_featured_media_url":"http:\/\/dsrmedios.com.ar\/diario\/wp-content\/uploads\/2018\/01\/desperfecto_fase_electrica.jpg","jetpack_sharing_enabled":true,"jetpack_shortlink":"https:\/\/wp.me\/p9fihK-Ts","_links":{"self":[{"href":"http:\/\/dsrmedios.com.ar\/diario\/wp-json\/wp\/v2\/posts\/3438"}],"collection":[{"href":"http:\/\/dsrmedios.com.ar\/diario\/wp-json\/wp\/v2\/posts"}],"about":[{"href":"http:\/\/dsrmedios.com.ar\/diario\/wp-json\/wp\/v2\/types\/post"}],"author":[{"embeddable":true,"href":"http:\/\/dsrmedios.com.ar\/diario\/wp-json\/wp\/v2\/users\/5"}],"replies":[{"embeddable":true,"href":"http:\/\/dsrmedios.com.ar\/diario\/wp-json\/wp\/v2\/comments?post=3438"}],"version-history":[{"count":1,"href":"http:\/\/dsrmedios.com.ar\/diario\/wp-json\/wp\/v2\/posts\/3438\/revisions"}],"predecessor-version":[{"id":3440,"href":"http:\/\/dsrmedios.com.ar\/diario\/wp-json\/wp\/v2\/posts\/3438\/revisions\/3440"}],"wp:featuredmedia":[{"embeddable":true,"href":"http:\/\/dsrmedios.com.ar\/diario\/wp-json\/wp\/v2\/media\/3439"}],"wp:attachment":[{"href":"http:\/\/dsrmedios.com.ar\/diario\/wp-json\/wp\/v2\/media?parent=3438"}],"wp:term":[{"taxonomy":"category","embeddable":true,"href":"http:\/\/dsrmedios.com.ar\/diario\/wp-json\/wp\/v2\/categories?post=3438"},{"taxonomy":"post_tag","embeddable":true,"href":"http:\/\/dsrmedios.com.ar\/diario\/wp-json\/wp\/v2\/tags?post=3438"}],"curies":[{"name":"wp","href":"https:\/\/api.w.org\/{rel}","templated":true}]}}