{"id":3428,"date":"2018-01-09T08:16:05","date_gmt":"2018-01-09T11:16:05","guid":{"rendered":"http:\/\/dsrmedios.com.ar\/diario\/?p=3428"},"modified":"2018-01-09T08:20:40","modified_gmt":"2018-01-09T11:20:40","slug":"se-prepara-puan-y-la-region-para-una-nueva-edicion-de-la-fiesta-nacional-de-la-cebada-cervecera","status":"publish","type":"post","link":"http:\/\/dsrmedios.com.ar\/diario\/archivos\/3428","title":{"rendered":"Se prepara Pu\u00e1n y la Regi\u00f3n para una nueva edici\u00f3n de la Fiesta Nacional de la Cebada Cervecera"},"content":{"rendered":"<p>La\u00a0fiesta\u00a0-que se realizar\u00e1 los d\u00edas 11, 12, 13,14\u00a0de\u00a0enero-\u00a0es una\u00a0de\u00a0las m\u00e1s importantes del pa\u00eds; genera una gran expectativa por parte\u00a0de\u00a0los vecinos del lugar y los miles\u00a0de\u00a0turistas que a\u00f1o a a\u00f1o llegan desde diversos puntos\u00a0de\u00a0la\u00a0Argentina para participar\u00a0de\u00a0esta celebraci\u00f3n.<\/p>\n<p>Organizada en un predio\u00a0de\u00a020 hect\u00e1reas a orillas del lago, este a\u00f1o\u00a0la\u00a0Fiesta\u00a0Nacional\u00a0de\u00a0la\u00a0Cebada\u00a0Cervecera\u00a0contar\u00e1 con\u00a0la\u00a0actuaci\u00f3n\u00a0de\u00a0reconocidos artistas, entre ellos Carlos Baute, Luciano Pereyra, Los Totora y Miguel\u00a0\u00c1ngel\u00a0Cherruti; \u00a0jornadas\u00a0de\u00a0doma con importantes premios; encuentros\u00a0de\u00a0kitesurf; torneos\u00a0de\u00a0golf, cicloturismo nocturno; carrera 8K,\u00a0cebada\u00a0fest y\u00a0la\u00a0tradicional coronaci\u00f3n\u00a0de\u00a0la\u00a0Reina\u00a0Nacional\u00a0de\u00a0la\u00a0Cebada\u00a0Cervecera.<\/p>\n<p>&nbsp;<\/p>\n<p><a href=\"http:\/\/dsrmedios.com.ar\/diario\/wp-content\/uploads\/2018\/01\/cebada2.jpg\"><img decoding=\"async\" loading=\"lazy\" class=\"aligncenter size-full wp-image-3432\" src=\"http:\/\/dsrmedios.com.ar\/diario\/wp-content\/uploads\/2018\/01\/cebada2.jpg\" alt=\"\" width=\"2048\" height=\"1449\" srcset=\"http:\/\/dsrmedios.com.ar\/diario\/wp-content\/uploads\/2018\/01\/cebada2.jpg 2048w, http:\/\/dsrmedios.com.ar\/diario\/wp-content\/uploads\/2018\/01\/cebada2-300x212.jpg 300w, http:\/\/dsrmedios.com.ar\/diario\/wp-content\/uploads\/2018\/01\/cebada2-768x543.jpg 768w, http:\/\/dsrmedios.com.ar\/diario\/wp-content\/uploads\/2018\/01\/cebada2-1024x725.jpg 1024w\" sizes=\"(max-width: 2048px) 100vw, 2048px\" \/><\/a><\/p>\n","protected":false},"excerpt":{"rendered":"<div class=\"mh-excerpt\"><p>La\u00a0fiesta\u00a0-que se realizar\u00e1 los d\u00edas 11, 12, 13,14\u00a0de\u00a0enero-\u00a0es una\u00a0de\u00a0las m\u00e1s importantes del pa\u00eds; genera una gran expectativa por parte\u00a0de\u00a0los vecinos del lugar y los miles\u00a0de\u00a0turistas que a\u00f1o a a\u00f1o llegan desde diversos puntos\u00a0de\u00a0la\u00a0Argentina para participar\u00a0de\u00a0esta celebraci\u00f3n. Organizada en un predio\u00a0de\u00a020 hect\u00e1reas a orillas del lago, este a\u00f1o\u00a0la\u00a0Fiesta\u00a0Nacional\u00a0de\u00a0la\u00a0Cebada\u00a0Cervecera\u00a0contar\u00e1 con\u00a0la\u00a0actuaci\u00f3n\u00a0de\u00a0reconocidos artistas, entre ellos Carlos Baute, Luciano Pereyra, Los Totora y Miguel\u00a0\u00c1ngel\u00a0Cherruti; \u00a0jornadas\u00a0de\u00a0doma con importantes premios; encuentros\u00a0de\u00a0kitesurf; torneos\u00a0de\u00a0golf, cicloturismo nocturno; carrera 8K,\u00a0cebada\u00a0fest y\u00a0la\u00a0tradicional coronaci\u00f3n\u00a0de\u00a0la\u00a0Reina\u00a0Nacional\u00a0de\u00a0la\u00a0Cebada\u00a0Cervecera. &nbsp;<\/p>\n<\/div>","protected":false},"author":5,"featured_media":3429,"comment_status":"open","ping_status":"closed","sticky":false,"template":"","format":"standard","meta":{"_jetpack_newsletter_access":""},"categories":[2,18,8],"tags":[],"jetpack_featured_media_url":"http:\/\/dsrmedios.com.ar\/diario\/wp-content\/uploads\/2018\/01\/cebada.jpg","jetpack_sharing_enabled":true,"jetpack_shortlink":"https:\/\/wp.me\/p9fihK-Ti","_links":{"self":[{"href":"http:\/\/dsrmedios.com.ar\/diario\/wp-json\/wp\/v2\/posts\/3428"}],"collection":[{"href":"http:\/\/dsrmedios.com.ar\/diario\/wp-json\/wp\/v2\/posts"}],"about":[{"href":"http:\/\/dsrmedios.com.ar\/diario\/wp-json\/wp\/v2\/types\/post"}],"author":[{"embeddable":true,"href":"http:\/\/dsrmedios.com.ar\/diario\/wp-json\/wp\/v2\/users\/5"}],"replies":[{"embeddable":true,"href":"http:\/\/dsrmedios.com.ar\/diario\/wp-json\/wp\/v2\/comments?post=3428"}],"version-history":[{"count":3,"href":"http:\/\/dsrmedios.com.ar\/diario\/wp-json\/wp\/v2\/posts\/3428\/revisions"}],"predecessor-version":[{"id":3433,"href":"http:\/\/dsrmedios.com.ar\/diario\/wp-json\/wp\/v2\/posts\/3428\/revisions\/3433"}],"wp:featuredmedia":[{"embeddable":true,"href":"http:\/\/dsrmedios.com.ar\/diario\/wp-json\/wp\/v2\/media\/3429"}],"wp:attachment":[{"href":"http:\/\/dsrmedios.com.ar\/diario\/wp-json\/wp\/v2\/media?parent=3428"}],"wp:term":[{"taxonomy":"category","embeddable":true,"href":"http:\/\/dsrmedios.com.ar\/diario\/wp-json\/wp\/v2\/categories?post=3428"},{"taxonomy":"post_tag","embeddable":true,"href":"http:\/\/dsrmedios.com.ar\/diario\/wp-json\/wp\/v2\/tags?post=3428"}],"curies":[{"name":"wp","href":"https:\/\/api.w.org\/{rel}","templated":true}]}}