{"id":3425,"date":"2018-01-09T08:02:07","date_gmt":"2018-01-09T11:02:07","guid":{"rendered":"http:\/\/dsrmedios.com.ar\/diario\/?p=3425"},"modified":"2018-01-09T08:02:07","modified_gmt":"2018-01-09T11:02:07","slug":"produccion-y-medio-ambiente","status":"publish","type":"post","link":"http:\/\/dsrmedios.com.ar\/diario\/archivos\/3425","title":{"rendered":"Producci\u00f3n y Medio Ambiente"},"content":{"rendered":"<p><strong>Por Dardo Chiesa, presidente de Confederaciones Rurales Argentinas (CRA)<\/strong><\/p>\n<p>Argentina tiene en frente un debate que debe ser dado y decidido en el corto plazo en lo que se refiere a la cuesti\u00f3n ambiental.<\/p>\n<p>Para el 2050 seremos en este planeta m\u00e1s de 9.000 millones de habitantes y hoy no existe la tecnolog\u00eda ni la capacidad para darles de comer.<\/p>\n<p>El mismo presidente Macri define el rol de la Rep\u00fablica Argentina como supermercado del mundo.<\/p>\n<p>Para ello es indispensable que definamos el camino justo que nos lleve a producir en forma sustentable y sostenible con el medio ambiente.<\/p>\n<p>Entre los temas a resolver se encuentran:<\/p>\n<p>&#8211; Humedales: Leyes ambientalistas que definen mal y restringen la producci\u00f3n. Como en la provincia de Corrientes que pueden llegar a afectar la mitad de la producci\u00f3n de dicha provincia que incluye conceptos como presencia temporaria de agua superficial o subsuperficial, que conlleva a incluir err\u00f3neamente a grandes planicies anegables y valles totalmente productivos a no poder ser utilizados para la producci\u00f3n agropecuaria.<\/p>\n<p>&#8211; Ley de Ordenamiento Territorial: Ponen restricci\u00f3n a la producci\u00f3n generando desigualdad ante la ley perjudicando a los productores m\u00e1s chicos. Inviabilidad ambiental que termina en incendios. Malas definiciones: El fachinal no es ni ser\u00e1 nunca un bosque. El bosque degradado exige otro camino para recuperar suelos.<\/p>\n<p>&#8211; Perros asilvestrados: Destruyen la producci\u00f3n del Sur y Tierra del Fuego y atacan a los ovinos. As\u00ed los productores pierden cabezas en sus majadas y tampoco tienen suficientes herramientas para contrarrestar este avance. Un problema que se inicia por una desidia pol\u00edtica y social.<\/p>\n<p>&#8211; Pumas y Guanacos: Protecci\u00f3n a ultranza en el sur. Sumado a las intenciones de crear Parques Nacionales y terminan compitiendo y pastoreando alimento para el ganado ovino. Una poblaci\u00f3n descontrolada que lleva al abandono de los campos.<\/p>\n<p>&#8211; Distancias m\u00ednimas de aplicaciones: Ordenanzas municipales y decretos que var\u00edan de acuerdo a cada partido y departamento, se debe unificar el criterio y avanzar en una homologaci\u00f3n nacional para la aplicaci\u00f3n de agroqu\u00edmicos.<\/p>\n<p>&#8211; Glifosato y otros agroqu\u00edmicos: Mala leche en la definici\u00f3n de estos productos como &#8220;agrot\u00f3xicos&#8221;, este es un t\u00e9rmino tendencioso y no real. Los productos que se aplican en su mayor\u00eda son inocuos y avanzan en pos de una producci\u00f3n m\u00e1s sustentable y amigable con el medio ambiente.<\/p>\n<p>&#8211; Combate de Plagas como Langosta y Lobesia Botrana: Dos de las plagas que m\u00e1s afectan a las econom\u00edas regionales de nuestro pa\u00eds. Debemos dar una batalla dura y seria para poder contrarrestarlas y defender a los productores.<\/p>\n<p>&#8211; Contaminaci\u00f3n de napas: Un tema que empieza a ser recurrente y debe ser necesario instalarlo y saber su importancia y las implicancias en el agro.<\/p>\n<p>Usar la ciencia y la tecnolog\u00eda con conceptos proactiva a la producci\u00f3n.<\/p>\n<p>Usar la ciencia y la tecnolog\u00eda y no la doctrina.<\/p>\n<p>Tenemos instituciones prestigiosas como INTA, INTI, CONICET, AACREA y AAPRESID que tienen los conocimientos para el tratamiento de estos temas.<\/p>\n<p>El productor es el principal interesado en conservar el medio ambiente, para \u00e9l y sus descendientes.<\/p>\n","protected":false},"excerpt":{"rendered":"<div class=\"mh-excerpt\"><p>Por Dardo Chiesa, presidente de Confederaciones Rurales Argentinas (CRA) Argentina tiene en frente un debate que debe ser dado y decidido en el corto plazo en lo que se refiere a la cuesti\u00f3n ambiental. Para el 2050 seremos en este planeta m\u00e1s de 9.000 millones de habitantes y hoy no existe la tecnolog\u00eda ni la capacidad para darles de comer. El mismo presidente Macri define el rol de la Rep\u00fablica Argentina como supermercado del mundo. Para ello es indispensable que definamos el camino justo que nos lleve a producir en forma sustentable y sostenible con el medio ambiente. Entre los <a class=\"mh-excerpt-more\" href=\"http:\/\/dsrmedios.com.ar\/diario\/archivos\/3425\" title=\"Producci\u00f3n y Medio Ambiente\">[Leer m\u00e1s]<\/a><\/p>\n<\/div>","protected":false},"author":5,"featured_media":3426,"comment_status":"open","ping_status":"closed","sticky":false,"template":"","format":"standard","meta":{"_jetpack_newsletter_access":""},"categories":[18,6],"tags":[],"jetpack_featured_media_url":"http:\/\/dsrmedios.com.ar\/diario\/wp-content\/uploads\/2018\/01\/dardo-chiesa.jpg","jetpack_sharing_enabled":true,"jetpack_shortlink":"https:\/\/wp.me\/p9fihK-Tf","_links":{"self":[{"href":"http:\/\/dsrmedios.com.ar\/diario\/wp-json\/wp\/v2\/posts\/3425"}],"collection":[{"href":"http:\/\/dsrmedios.com.ar\/diario\/wp-json\/wp\/v2\/posts"}],"about":[{"href":"http:\/\/dsrmedios.com.ar\/diario\/wp-json\/wp\/v2\/types\/post"}],"author":[{"embeddable":true,"href":"http:\/\/dsrmedios.com.ar\/diario\/wp-json\/wp\/v2\/users\/5"}],"replies":[{"embeddable":true,"href":"http:\/\/dsrmedios.com.ar\/diario\/wp-json\/wp\/v2\/comments?post=3425"}],"version-history":[{"count":1,"href":"http:\/\/dsrmedios.com.ar\/diario\/wp-json\/wp\/v2\/posts\/3425\/revisions"}],"predecessor-version":[{"id":3427,"href":"http:\/\/dsrmedios.com.ar\/diario\/wp-json\/wp\/v2\/posts\/3425\/revisions\/3427"}],"wp:featuredmedia":[{"embeddable":true,"href":"http:\/\/dsrmedios.com.ar\/diario\/wp-json\/wp\/v2\/media\/3426"}],"wp:attachment":[{"href":"http:\/\/dsrmedios.com.ar\/diario\/wp-json\/wp\/v2\/media?parent=3425"}],"wp:term":[{"taxonomy":"category","embeddable":true,"href":"http:\/\/dsrmedios.com.ar\/diario\/wp-json\/wp\/v2\/categories?post=3425"},{"taxonomy":"post_tag","embeddable":true,"href":"http:\/\/dsrmedios.com.ar\/diario\/wp-json\/wp\/v2\/tags?post=3425"}],"curies":[{"name":"wp","href":"https:\/\/api.w.org\/{rel}","templated":true}]}}