{"id":3422,"date":"2018-01-09T07:58:29","date_gmt":"2018-01-09T10:58:29","guid":{"rendered":"http:\/\/dsrmedios.com.ar\/diario\/?p=3422"},"modified":"2018-01-09T07:58:29","modified_gmt":"2018-01-09T10:58:29","slug":"las-altas-temperaturas-ponen-en-alerta-a-varios-sectores-en-la-comunidad","status":"publish","type":"post","link":"http:\/\/dsrmedios.com.ar\/diario\/archivos\/3422","title":{"rendered":"Las altas temperaturas ponen en alerta a varios sectores en la comunidad"},"content":{"rendered":"<p>La Cooperativa Clerysa ya envi\u00f3 una campa\u00f1a a los medios informando sobre la necesidad de cuidar el agua para que no se produzca ninguna emergencia en el suministro del preciado elemento en nuestra ciudad.<\/p>\n<p>Asimismo las autoridades provinciales de salud y defensa civil alertan sobre la peligrosidad de exposici\u00f3n al sol entre las 10 de la ma\u00f1ana y las 4 de la tarde. A ancianos y ni\u00f1os se les recomienda tomar agua dosificada durante todo el d\u00eda, no de golpe.<\/p>\n<p>El estado nacional decret\u00f3 el alerta amarillo para todas las regiones del pa\u00eds en las que las temperaturas tendr\u00e1n esta semana un incremento que rondar\u00e1 los 40 grados de sensaci\u00f3n t\u00e9rmica.<\/p>\n<p>En nuestra ciudad ayer las temperaturas tuvieron picos estables de 38 grados y la sensaci\u00f3n t\u00e9rmica super\u00f3 en dos o tres grados esta marca.<\/p>\n<p>para hoy en Carhu\u00e9 el Servicio Meteorol\u00f3gico pronostica una m\u00e1xima de 39 grados y el resto de la semana oscilar\u00e1 entre 36 y 40 grados hasta el d\u00eda viernes inclusive.<\/p>\n","protected":false},"excerpt":{"rendered":"<div class=\"mh-excerpt\"><p>La Cooperativa Clerysa ya envi\u00f3 una campa\u00f1a a los medios informando sobre la necesidad de cuidar el agua para que no se produzca ninguna emergencia en el suministro del preciado elemento en nuestra ciudad. Asimismo las autoridades provinciales de salud y defensa civil alertan sobre la peligrosidad de exposici\u00f3n al sol entre las 10 de la ma\u00f1ana y las 4 de la tarde. A ancianos y ni\u00f1os se les recomienda tomar agua dosificada durante todo el d\u00eda, no de golpe. El estado nacional decret\u00f3 el alerta amarillo para todas las regiones del pa\u00eds en las que las temperaturas tendr\u00e1n esta <a class=\"mh-excerpt-more\" href=\"http:\/\/dsrmedios.com.ar\/diario\/archivos\/3422\" title=\"Las altas temperaturas ponen en alerta a varios sectores en la comunidad\">[Leer m\u00e1s]<\/a><\/p>\n<\/div>","protected":false},"author":5,"featured_media":3423,"comment_status":"open","ping_status":"closed","sticky":false,"template":"","format":"standard","meta":{"_jetpack_newsletter_access":""},"categories":[18],"tags":[],"jetpack_featured_media_url":"http:\/\/dsrmedios.com.ar\/diario\/wp-content\/uploads\/2018\/01\/mucho-calor-py1-1hc2psh1d288.jpg","jetpack_sharing_enabled":true,"jetpack_shortlink":"https:\/\/wp.me\/p9fihK-Tc","_links":{"self":[{"href":"http:\/\/dsrmedios.com.ar\/diario\/wp-json\/wp\/v2\/posts\/3422"}],"collection":[{"href":"http:\/\/dsrmedios.com.ar\/diario\/wp-json\/wp\/v2\/posts"}],"about":[{"href":"http:\/\/dsrmedios.com.ar\/diario\/wp-json\/wp\/v2\/types\/post"}],"author":[{"embeddable":true,"href":"http:\/\/dsrmedios.com.ar\/diario\/wp-json\/wp\/v2\/users\/5"}],"replies":[{"embeddable":true,"href":"http:\/\/dsrmedios.com.ar\/diario\/wp-json\/wp\/v2\/comments?post=3422"}],"version-history":[{"count":1,"href":"http:\/\/dsrmedios.com.ar\/diario\/wp-json\/wp\/v2\/posts\/3422\/revisions"}],"predecessor-version":[{"id":3424,"href":"http:\/\/dsrmedios.com.ar\/diario\/wp-json\/wp\/v2\/posts\/3422\/revisions\/3424"}],"wp:featuredmedia":[{"embeddable":true,"href":"http:\/\/dsrmedios.com.ar\/diario\/wp-json\/wp\/v2\/media\/3423"}],"wp:attachment":[{"href":"http:\/\/dsrmedios.com.ar\/diario\/wp-json\/wp\/v2\/media?parent=3422"}],"wp:term":[{"taxonomy":"category","embeddable":true,"href":"http:\/\/dsrmedios.com.ar\/diario\/wp-json\/wp\/v2\/categories?post=3422"},{"taxonomy":"post_tag","embeddable":true,"href":"http:\/\/dsrmedios.com.ar\/diario\/wp-json\/wp\/v2\/tags?post=3422"}],"curies":[{"name":"wp","href":"https:\/\/api.w.org\/{rel}","templated":true}]}}