{"id":3419,"date":"2018-01-09T07:51:17","date_gmt":"2018-01-09T10:51:17","guid":{"rendered":"http:\/\/dsrmedios.com.ar\/diario\/?p=3419"},"modified":"2018-01-09T07:51:17","modified_gmt":"2018-01-09T10:51:17","slug":"el-paz-martinez-abrio-los-shows-del-verano-2018-en-la-localidad-balnearia-de-cochico","status":"publish","type":"post","link":"http:\/\/dsrmedios.com.ar\/diario\/archivos\/3419","title":{"rendered":"El Paz Martinez abri\u00f3 los shows del verano 2018 en la localidad balnearia de Cochic\u00f3"},"content":{"rendered":"<p>\u201cLa temporada ha arrancado muy bien. Despu\u00e9s del a\u00f1o que tuvimos por las inundaciones pensamos que no \u00edbamos a tener temporada y ahora el clima est\u00e1 acompa\u00f1ando. Sabemos que los a\u00f1os que econ\u00f3micamente son dif\u00edciles los destinos alternativos crecen y si a eso uno le suma los espect\u00e1culos que traemos, todas las actividades previstas y los carnavales, \u00a0estamos seguros que nos va a ir muy bien\u201d, destac\u00f3 el intendente guaminense, N\u00e9stor \u00c1lvarez.<br \/>\nEl pr\u00f3ximo fin de semana, el s\u00e1bado 13, habr\u00e1 un encuentro de bandas locales y de la regi\u00f3n y al siguiente, los d\u00edas 19, 20 y 21 ser\u00e1 la Expo Cochic\u00f3, que para el cierre contar\u00e1 con la presentaci\u00f3n del humorista Gato Peters.\u00a0A esto se sumar\u00e1n\u00a0\u00a0una traves\u00eda nocturna a nado en Lago del Monte, el s\u00e1bado 20, y el 9\u00ba Cruce a Nado en Cochic\u00f3, programado para el domingo 28.<br \/>\nLa gran fiesta del verano en este distrito ser\u00e1 los d\u00edas 3, 4, 9, 10, 11, 17 y 18 de febrero, en el cors\u00f3dromo de la avenida Gregorio Garc\u00eda Pereira de la ciudad cabecera. (Agencia Guamin\u00ed).<\/p>\n<p>Fuente:www.lanueva.com<\/p>\n","protected":false},"excerpt":{"rendered":"<div class=\"mh-excerpt\"><p>\u201cLa temporada ha arrancado muy bien. Despu\u00e9s del a\u00f1o que tuvimos por las inundaciones pensamos que no \u00edbamos a tener temporada y ahora el clima est\u00e1 acompa\u00f1ando. Sabemos que los a\u00f1os que econ\u00f3micamente son dif\u00edciles los destinos alternativos crecen y si a eso uno le suma los espect\u00e1culos que traemos, todas las actividades previstas y los carnavales, \u00a0estamos seguros que nos va a ir muy bien\u201d, destac\u00f3 el intendente guaminense, N\u00e9stor \u00c1lvarez. El pr\u00f3ximo fin de semana, el s\u00e1bado 13, habr\u00e1 un encuentro de bandas locales y de la regi\u00f3n y al siguiente, los d\u00edas 19, 20 y 21 ser\u00e1 <a class=\"mh-excerpt-more\" href=\"http:\/\/dsrmedios.com.ar\/diario\/archivos\/3419\" title=\"El Paz Martinez abri\u00f3 los shows del verano 2018 en la localidad balnearia de Cochic\u00f3\">[Leer m\u00e1s]<\/a><\/p>\n<\/div>","protected":false},"author":5,"featured_media":3420,"comment_status":"open","ping_status":"closed","sticky":false,"template":"","format":"standard","meta":{"_jetpack_newsletter_access":""},"categories":[18,8],"tags":[],"jetpack_featured_media_url":"http:\/\/dsrmedios.com.ar\/diario\/wp-content\/uploads\/2018\/01\/paz.jpg","jetpack_sharing_enabled":true,"jetpack_shortlink":"https:\/\/wp.me\/p9fihK-T9","_links":{"self":[{"href":"http:\/\/dsrmedios.com.ar\/diario\/wp-json\/wp\/v2\/posts\/3419"}],"collection":[{"href":"http:\/\/dsrmedios.com.ar\/diario\/wp-json\/wp\/v2\/posts"}],"about":[{"href":"http:\/\/dsrmedios.com.ar\/diario\/wp-json\/wp\/v2\/types\/post"}],"author":[{"embeddable":true,"href":"http:\/\/dsrmedios.com.ar\/diario\/wp-json\/wp\/v2\/users\/5"}],"replies":[{"embeddable":true,"href":"http:\/\/dsrmedios.com.ar\/diario\/wp-json\/wp\/v2\/comments?post=3419"}],"version-history":[{"count":1,"href":"http:\/\/dsrmedios.com.ar\/diario\/wp-json\/wp\/v2\/posts\/3419\/revisions"}],"predecessor-version":[{"id":3421,"href":"http:\/\/dsrmedios.com.ar\/diario\/wp-json\/wp\/v2\/posts\/3419\/revisions\/3421"}],"wp:featuredmedia":[{"embeddable":true,"href":"http:\/\/dsrmedios.com.ar\/diario\/wp-json\/wp\/v2\/media\/3420"}],"wp:attachment":[{"href":"http:\/\/dsrmedios.com.ar\/diario\/wp-json\/wp\/v2\/media?parent=3419"}],"wp:term":[{"taxonomy":"category","embeddable":true,"href":"http:\/\/dsrmedios.com.ar\/diario\/wp-json\/wp\/v2\/categories?post=3419"},{"taxonomy":"post_tag","embeddable":true,"href":"http:\/\/dsrmedios.com.ar\/diario\/wp-json\/wp\/v2\/tags?post=3419"}],"curies":[{"name":"wp","href":"https:\/\/api.w.org\/{rel}","templated":true}]}}