{"id":3406,"date":"2018-01-08T08:47:44","date_gmt":"2018-01-08T11:47:44","guid":{"rendered":"http:\/\/dsrmedios.com.ar\/diario\/?p=3406"},"modified":"2018-01-08T08:48:18","modified_gmt":"2018-01-08T11:48:18","slug":"se-comenzo-a-publicitar-las-actividades-de-febrero-para-esta-temporada-turistica","status":"publish","type":"post","link":"http:\/\/dsrmedios.com.ar\/diario\/archivos\/3406","title":{"rendered":"Se comenz\u00f3 a publicitar las actividades de febrero para esta temporada tur\u00edstica"},"content":{"rendered":"<p>Con un detallado programa la Secretar\u00eda de Turismo public\u00f3 el afiche para promocionar el mes de febrero de la Temporada de Verano en nuestra ciudad, promocionando espect\u00e1culos y actividades diversas.<\/p>\n<p><a href=\"http:\/\/dsrmedios.com.ar\/diario\/wp-content\/uploads\/2018\/01\/temporada.jpg\"><img decoding=\"async\" loading=\"lazy\" class=\"aligncenter size-full wp-image-3407\" src=\"http:\/\/dsrmedios.com.ar\/diario\/wp-content\/uploads\/2018\/01\/temporada.jpg\" alt=\"\" width=\"686\" height=\"960\" srcset=\"http:\/\/dsrmedios.com.ar\/diario\/wp-content\/uploads\/2018\/01\/temporada.jpg 686w, http:\/\/dsrmedios.com.ar\/diario\/wp-content\/uploads\/2018\/01\/temporada-214x300.jpg 214w\" sizes=\"(max-width: 686px) 100vw, 686px\" \/><\/a><\/p>\n","protected":false},"excerpt":{"rendered":"<div class=\"mh-excerpt\"><p>Con un detallado programa la Secretar\u00eda de Turismo public\u00f3 el afiche para promocionar el mes de febrero de la Temporada de Verano en nuestra ciudad, promocionando espect\u00e1culos y actividades diversas.<\/p>\n<\/div>","protected":false},"author":5,"featured_media":3407,"comment_status":"open","ping_status":"closed","sticky":false,"template":"","format":"standard","meta":{"_jetpack_newsletter_access":""},"categories":[2,18,5,1],"tags":[],"jetpack_featured_media_url":"http:\/\/dsrmedios.com.ar\/diario\/wp-content\/uploads\/2018\/01\/temporada.jpg","jetpack_sharing_enabled":true,"jetpack_shortlink":"https:\/\/wp.me\/p9fihK-SW","_links":{"self":[{"href":"http:\/\/dsrmedios.com.ar\/diario\/wp-json\/wp\/v2\/posts\/3406"}],"collection":[{"href":"http:\/\/dsrmedios.com.ar\/diario\/wp-json\/wp\/v2\/posts"}],"about":[{"href":"http:\/\/dsrmedios.com.ar\/diario\/wp-json\/wp\/v2\/types\/post"}],"author":[{"embeddable":true,"href":"http:\/\/dsrmedios.com.ar\/diario\/wp-json\/wp\/v2\/users\/5"}],"replies":[{"embeddable":true,"href":"http:\/\/dsrmedios.com.ar\/diario\/wp-json\/wp\/v2\/comments?post=3406"}],"version-history":[{"count":2,"href":"http:\/\/dsrmedios.com.ar\/diario\/wp-json\/wp\/v2\/posts\/3406\/revisions"}],"predecessor-version":[{"id":3409,"href":"http:\/\/dsrmedios.com.ar\/diario\/wp-json\/wp\/v2\/posts\/3406\/revisions\/3409"}],"wp:featuredmedia":[{"embeddable":true,"href":"http:\/\/dsrmedios.com.ar\/diario\/wp-json\/wp\/v2\/media\/3407"}],"wp:attachment":[{"href":"http:\/\/dsrmedios.com.ar\/diario\/wp-json\/wp\/v2\/media?parent=3406"}],"wp:term":[{"taxonomy":"category","embeddable":true,"href":"http:\/\/dsrmedios.com.ar\/diario\/wp-json\/wp\/v2\/categories?post=3406"},{"taxonomy":"post_tag","embeddable":true,"href":"http:\/\/dsrmedios.com.ar\/diario\/wp-json\/wp\/v2\/tags?post=3406"}],"curies":[{"name":"wp","href":"https:\/\/api.w.org\/{rel}","templated":true}]}}