{"id":3370,"date":"2018-01-05T08:36:34","date_gmt":"2018-01-05T11:36:34","guid":{"rendered":"http:\/\/dsrmedios.com.ar\/diario\/?p=3370"},"modified":"2018-01-05T08:36:34","modified_gmt":"2018-01-05T11:36:34","slug":"entrega-de-reconocimiento-al-capitan-gustavo-andreis-delegado-de-servicios-sociales-de-la-policia","status":"publish","type":"post","link":"http:\/\/dsrmedios.com.ar\/diario\/archivos\/3370","title":{"rendered":"Entrega de reconocimiento al Capit\u00e1n Gustavo Andreis delegado de servicios sociales de la Polic\u00eda"},"content":{"rendered":"<p>El Intendente Municipal David Hirtz y el Secretario de Seguridad Jos\u00e9 Luis Biandratti realizaron la entrega de una placa al Capit\u00e1n de la Polic\u00eda Bonaerense Gustavo Gabriel Andreis Delegado de Servicios Sociales Adolfo Alsina en reconocimiento al compromiso, esfuerzo, dedicaci\u00f3n y entrega cotidiana al servicio de la comunidad.<\/p>\n","protected":false},"excerpt":{"rendered":"<div class=\"mh-excerpt\"><p>El Intendente Municipal David Hirtz y el Secretario de Seguridad Jos\u00e9 Luis Biandratti realizaron la entrega de una placa al Capit\u00e1n de la Polic\u00eda Bonaerense Gustavo Gabriel Andreis Delegado de Servicios Sociales Adolfo Alsina en reconocimiento al compromiso, esfuerzo, dedicaci\u00f3n y entrega cotidiana al servicio de la comunidad.<\/p>\n<\/div>","protected":false},"author":5,"featured_media":3371,"comment_status":"open","ping_status":"closed","sticky":false,"template":"","format":"standard","meta":{"_jetpack_newsletter_access":""},"categories":[18,5],"tags":[],"jetpack_featured_media_url":"http:\/\/dsrmedios.com.ar\/diario\/wp-content\/uploads\/2018\/01\/andreis.jpg","jetpack_sharing_enabled":true,"jetpack_shortlink":"https:\/\/wp.me\/p9fihK-Sm","_links":{"self":[{"href":"http:\/\/dsrmedios.com.ar\/diario\/wp-json\/wp\/v2\/posts\/3370"}],"collection":[{"href":"http:\/\/dsrmedios.com.ar\/diario\/wp-json\/wp\/v2\/posts"}],"about":[{"href":"http:\/\/dsrmedios.com.ar\/diario\/wp-json\/wp\/v2\/types\/post"}],"author":[{"embeddable":true,"href":"http:\/\/dsrmedios.com.ar\/diario\/wp-json\/wp\/v2\/users\/5"}],"replies":[{"embeddable":true,"href":"http:\/\/dsrmedios.com.ar\/diario\/wp-json\/wp\/v2\/comments?post=3370"}],"version-history":[{"count":1,"href":"http:\/\/dsrmedios.com.ar\/diario\/wp-json\/wp\/v2\/posts\/3370\/revisions"}],"predecessor-version":[{"id":3372,"href":"http:\/\/dsrmedios.com.ar\/diario\/wp-json\/wp\/v2\/posts\/3370\/revisions\/3372"}],"wp:featuredmedia":[{"embeddable":true,"href":"http:\/\/dsrmedios.com.ar\/diario\/wp-json\/wp\/v2\/media\/3371"}],"wp:attachment":[{"href":"http:\/\/dsrmedios.com.ar\/diario\/wp-json\/wp\/v2\/media?parent=3370"}],"wp:term":[{"taxonomy":"category","embeddable":true,"href":"http:\/\/dsrmedios.com.ar\/diario\/wp-json\/wp\/v2\/categories?post=3370"},{"taxonomy":"post_tag","embeddable":true,"href":"http:\/\/dsrmedios.com.ar\/diario\/wp-json\/wp\/v2\/tags?post=3370"}],"curies":[{"name":"wp","href":"https:\/\/api.w.org\/{rel}","templated":true}]}}