{"id":3352,"date":"2018-01-05T07:58:55","date_gmt":"2018-01-05T10:58:55","guid":{"rendered":"http:\/\/dsrmedios.com.ar\/diario\/?p=3352"},"modified":"2018-01-05T07:58:55","modified_gmt":"2018-01-05T10:58:55","slug":"hoy-arribaran-los-reyes-magos-desde-el-cerro-ceferino-en-sierra-de-la-ventana","status":"publish","type":"post","link":"http:\/\/dsrmedios.com.ar\/diario\/archivos\/3352","title":{"rendered":"Hoy arribar\u00e1n los Reyes Magos desde el Cerro Ceferino en Sierra de la Ventana"},"content":{"rendered":"<p>Melchor, Gaspar y Baltasar\u00a0renovar\u00e1n hoy la ilusi\u00f3n de miles de ni\u00f1os, en Sierra de la Ventana, cuando bajen por el Cerro Ceferino con sus bolsas cargadas de juguetes, en el marco de\u00a0la 54\u00ba Fiesta Provincial de los Reyes Magos.<\/p>\n<p>El evento -organizado de forma mancomunada por los Bomberos Voluntarios de Sierra de la Ventana y la Comuna de Tornquist- se desarrollar\u00e1 en inmediaciones del Centro Cultural y no en la Avenida Roca, como se hizo durante m\u00e1s de 50 a\u00f1os.<\/p>\n<h4>Los reyes\u00a0descender\u00e1n desde el Cerro del Amor hacia el Centro Cultural alrededor de las 21.50. Entregar\u00e1n los juguetes y se sacar\u00e1n fotos con los ni\u00f1os y sus familias. Desde las 19 habr\u00e1 espect\u00e1culos en el escenario central.<\/h4>\n<p>Sergio Dom\u00ednguez, presidente de Bomberos Voluntarios, se mostr\u00f3 satisfecho por c\u00f3mo transcurri\u00f3 el evento en su edici\u00f3n anterior y asegur\u00f3 que en esta oportunidad se llevar\u00e1n a cabo algunos ajustes para que los turistas est\u00e9n a\u00fan m\u00e1s c\u00f3modos.<\/p>\n<p>\u201cHemos tenido en cuenta algunos cambios ya que el a\u00f1o pasado se nos desbord\u00f3 un poco la entrega de juguetes. No pensamos que iba a haber tanta gente, as\u00ed que ahora estamos ubicando estrat\u00e9gicamente los veh\u00edculos de otra manera y vamos a hacer un vallado para lograr que la pasada de los ni\u00f1os para buscar el juguete sea m\u00e1s r\u00e1pida\u201d, dijo.<\/p>\n<p>Una vez que bajen del cerro, Melchor, Gaspar y Baltasar entregar\u00e1n unos 8.500 obsequios, entre los cuales habr\u00e1 pelotas, camioncitos, autitos de colecci\u00f3n, juegos de playa y de mesa, sets de pinturas y mu\u00f1ecas para las nenas.<\/p>\n<p>Tambi\u00e9n se realizar\u00e1 el lanzamiento de bengalas y el cl\u00e1sico show de fuegos artificiales, con una duraci\u00f3n de entre 10 y 12 minutos.<\/p>\n<p>Fuente:www.lanueva.com<\/p>\n","protected":false},"excerpt":{"rendered":"<div class=\"mh-excerpt\"><p>Melchor, Gaspar y Baltasar\u00a0renovar\u00e1n hoy la ilusi\u00f3n de miles de ni\u00f1os, en Sierra de la Ventana, cuando bajen por el Cerro Ceferino con sus bolsas cargadas de juguetes, en el marco de\u00a0la 54\u00ba Fiesta Provincial de los Reyes Magos. El evento -organizado de forma mancomunada por los Bomberos Voluntarios de Sierra de la Ventana y la Comuna de Tornquist- se desarrollar\u00e1 en inmediaciones del Centro Cultural y no en la Avenida Roca, como se hizo durante m\u00e1s de 50 a\u00f1os. Los reyes\u00a0descender\u00e1n desde el Cerro del Amor hacia el Centro Cultural alrededor de las 21.50. Entregar\u00e1n los juguetes y se <a class=\"mh-excerpt-more\" href=\"http:\/\/dsrmedios.com.ar\/diario\/archivos\/3352\" title=\"Hoy arribar\u00e1n los Reyes Magos desde el Cerro Ceferino en Sierra de la Ventana\">[Leer m\u00e1s]<\/a><\/p>\n<\/div>","protected":false},"author":5,"featured_media":3353,"comment_status":"open","ping_status":"closed","sticky":false,"template":"","format":"standard","meta":{"_jetpack_newsletter_access":""},"categories":[18,8],"tags":[],"jetpack_featured_media_url":"http:\/\/dsrmedios.com.ar\/diario\/wp-content\/uploads\/2018\/01\/reyes.jpg","jetpack_sharing_enabled":true,"jetpack_shortlink":"https:\/\/wp.me\/p9fihK-S4","_links":{"self":[{"href":"http:\/\/dsrmedios.com.ar\/diario\/wp-json\/wp\/v2\/posts\/3352"}],"collection":[{"href":"http:\/\/dsrmedios.com.ar\/diario\/wp-json\/wp\/v2\/posts"}],"about":[{"href":"http:\/\/dsrmedios.com.ar\/diario\/wp-json\/wp\/v2\/types\/post"}],"author":[{"embeddable":true,"href":"http:\/\/dsrmedios.com.ar\/diario\/wp-json\/wp\/v2\/users\/5"}],"replies":[{"embeddable":true,"href":"http:\/\/dsrmedios.com.ar\/diario\/wp-json\/wp\/v2\/comments?post=3352"}],"version-history":[{"count":1,"href":"http:\/\/dsrmedios.com.ar\/diario\/wp-json\/wp\/v2\/posts\/3352\/revisions"}],"predecessor-version":[{"id":3354,"href":"http:\/\/dsrmedios.com.ar\/diario\/wp-json\/wp\/v2\/posts\/3352\/revisions\/3354"}],"wp:featuredmedia":[{"embeddable":true,"href":"http:\/\/dsrmedios.com.ar\/diario\/wp-json\/wp\/v2\/media\/3353"}],"wp:attachment":[{"href":"http:\/\/dsrmedios.com.ar\/diario\/wp-json\/wp\/v2\/media?parent=3352"}],"wp:term":[{"taxonomy":"category","embeddable":true,"href":"http:\/\/dsrmedios.com.ar\/diario\/wp-json\/wp\/v2\/categories?post=3352"},{"taxonomy":"post_tag","embeddable":true,"href":"http:\/\/dsrmedios.com.ar\/diario\/wp-json\/wp\/v2\/tags?post=3352"}],"curies":[{"name":"wp","href":"https:\/\/api.w.org\/{rel}","templated":true}]}}